{"id":44189,"date":"2026-03-03T17:18:25","date_gmt":"2026-03-03T16:18:25","guid":{"rendered":"https:\/\/wartapoznan.pl\/?p=44189"},"modified":"2026-03-04T18:04:00","modified_gmt":"2026-03-04T17:04:00","slug":"44189","status":"publish","type":"post","link":"https:\/\/wartapoznan.pl\/index.php\/2026\/03\/03\/44189\/","title":{"rendered":"P. Boryczka: Jeste\u015bmy gotowi na rywalizacj\u0119 w Lidze Makroregionalnej z takimi firmami jak Pogo\u0144 Szczecin czy Arka Gdynia"},"content":{"rendered":"<p><strong>Zesp\u00f3\u0142 Warty Pozna\u0144 do lat 19 spo\u015br\u00f3d naszych dru\u017cyn m\u0142odzie\u017cowych najp\u00f3\u017aniej wr\u00f3ci do ligowego grania, gdy\u017c zmagania w 1. kolejce Ligi Makroregionalnej rozpocznie w przysz\u0142ym tygodniu od rywalizacji z Gedani\u0105 Gda\u0144sk.<\/strong><\/p>\n<p>Poprosili\u015bmy Trenera naszych Junior\u00f3w starszych, Paw\u0142a Boryczk\u0119, o podsumowanie okresu przygotowawczego oraz o ambicj\u0119 i cele w nadchodz\u0105cej rundzie.<\/p>\n<p><strong>Akademia Warty Pozna\u0144: &#8211; Jak oceni\u0142by\u015b Wasze przygotowania do rundy wiosennej? Jeste\u015bcie gotowi na rywalizacj\u0119 w Lidze Makroregionalnej u19 ? Pojawili si\u0119 jacy\u015b nowi zawodnicy?<\/strong><\/p>\n<p><strong>Pawe\u0142 Boryczka:<\/strong> &#8211; <em>Okres przygotowawczy przebieg\u0142 zgodnie z planem. Zrealizowali\u015bmy wszystkie za\u0142o\u017cenia zar\u00f3wno pod wzgl\u0119dem motorycznym, jak i taktycznym. Zesp\u00f3\u0142 bardzo dobrze przepracowa\u0142 zim\u0119 \u2013 frekwencja i zaanga\u017cowanie by\u0142y na wysokim poziomie, co daje mi du\u017cy optymizm przed startem rundy wiosennej. Uwa\u017cam, \u017ce jeste\u015bmy gotowi na rywalizacj\u0119 w Lidze Makroregionalnej z takimi firmami jak Pogo\u0144 Szczecin czy Arka Gdynia. Wiemy, \u017ce liga b\u0119dzie wymagaj\u0105ca, ale widz\u0119 w dru\u017cynie odpowiedni\u0105 jako\u015b\u0107 i mentalno\u015b\u0107 do walki w ka\u017cdym meczu. Do zespo\u0142u do\u0142\u0105czy\u0142o kilku nowych m\u0142odych zawodnik\u00f3w, kt\u00f3rzy zwi\u0119ksz\u0105 rywalizacj\u0119 w sk\u0142adzie.<\/em><\/p>\n<p><strong>AWP: &#8211; Ile gier kontrolnych rozegrali\u015bcie, z kim i jakimi wynikami si\u0119 one zako\u0144czy\u0142y?<\/strong><\/p>\n<p><strong>PB:<\/strong> &#8211; <em>Rozegrali\u015bmy \u0142\u0105cznie 7 gier kontrolnych. Naszym celem nie by\u0142y same wyniki, lecz sprawdzenie r\u00f3\u017cnych wariant\u00f3w taktycznych i zawodnik\u00f3w na poszczeg\u00f3lnych pozycjach. Zanotowali\u015bmy trzy zwyci\u0119stwa, jeden remis i trzy pora\u017cki. W sparingach rotowali\u015bmy sk\u0142adem, daj\u0105c szans\u0119 wszystkim zawodnikom oraz testuj\u0105c nowe ustawienia. Najwa\u017cniejsze by\u0142o to, \u017ce z meczu na mecz widoczny by\u0142 progres w naszej grze.<\/em><\/p>\n<p><strong>AWP: &#8211; Nad jakimi elementami pi\u0142karskimi pracowali\u015bcie najintensywniej?<\/strong><\/p>\n<p><strong>PB:<\/strong> &#8211;<em> Najwi\u0119cej uwagi po\u015bwi\u0119cili\u015bmy: \u2022 organizacji gry w ataku pozycyjnym \u2022 szybkiemu przej\u015bciu z obrony do ataku \u2022 skuteczno\u015bci pod bramk\u0105 przeciwnika. Chcemy by\u0107 zespo\u0142em zdyscyplinowanym taktycznie, ale jednocze\u015bnie odwa\u017cnym w ofensywie.<\/em><\/p>\n<p><strong>AWP: &#8211; Czy stawiacie sobie jaki\u015b cel na rund\u0119 wiosenn\u0105? Je\u015bli tak, to jaki?<\/strong><\/p>\n<p><strong>PB:<\/strong> &#8211; <em>Naszym celem jest jak najwy\u017csze miejsce w tabeli oraz regularne punktowanie. Chcemy gra\u0107 powtarzalnie i utrzyma\u0107 stabiln\u0105 form\u0119 przez ca\u0142\u0105 rund\u0119. Oczywi\u015bcie ambicje s\u0105 wysokie \u2013 interesuje nas walka o czo\u0142owe lokaty, ale podchodzimy do tego z pokor\u0105 i skupieniem na ka\u017cdym kolejnym meczu.<\/em><\/p>\n<p><strong>AWP: &#8211; Jak du\u017ce znaczenie b\u0119dzie mie\u0107 dla Was rozgrywanie ligowych spotka\u0144 na nowych obiektach Warty Pozna\u0144?<\/strong><\/p>\n<p><strong>PB:<\/strong> &#8211; <em>Gra na nowych obiektach Warta Pozna\u0144 to du\u017ca warto\u015b\u0107 \u2013 zar\u00f3wno sportowa, jak i organizacyjna. Lepsza infrastruktura wp\u0142ywa na komfort zawodnik\u00f3w, jako\u015b\u0107 murawy oraz atmosfer\u0119 wok\u00f3\u0142 spotka\u0144. Dla dru\u017cyny to dodatkowa motywacja, by pokaza\u0107 si\u0119 z jak najlepszej strony przed kibicami. Wierzymy, \u017ce nowe obiekty stan\u0105 si\u0119 naszym atutem i pomog\u0105 nam regularnie zdobywa\u0107 punkty u siebie.<\/em><\/p>\n<p>W najbli\u017csz\u0105 sobot\u0119 nasi Juniorzy starsi rozegraj\u0105 ostatni\u0105 gr\u0119 kontroln\u0105. Rywalem Zielonych b\u0119dzie MKS Przemys\u0142aw Pozna\u0144, natomiast mecz 1. kolejki Ligi Makroregionalnej odb\u0119dzie si\u0119 w 15.03 o godzinie 16:00 na wyje\u017adzie z Gedani\u0105 Gda\u0144sk.<\/p>\n<p>Trzymamy kciuki za Zielonych i \u017cyczymy samych ligowych zwyci\u0119stw!<\/p>\n<p>fot. Jan Piechota<\/p>\n","protected":false},"excerpt":{"rendered":"<p>Zesp\u00f3\u0142 Warty Pozna\u0144 do lat 19 spo\u015br\u00f3d naszych dru\u017cyn m\u0142odzie\u017cowych najp\u00f3\u017aniej wr\u00f3ci do ligowego grania, gdy\u017c zmagania w 1. kolejce&#8230;<\/p>\n","protected":false},"author":39,"featured_media":44190,"comment_status":"closed","ping_status":"closed","sticky":false,"template":"","format":"standard","meta":{"om_disable_all_campaigns":false,"inline_featured_image":false,"footnotes":"","_links_to":"","_links_to_target":""},"categories":[95,96],"tags":[],"aioseo_notices":[],"_links":{"self":[{"href":"https:\/\/wartapoznan.pl\/index.php\/wp-json\/wp\/v2\/posts\/44189"}],"collection":[{"href":"https:\/\/wartapoznan.pl\/index.php\/wp-json\/wp\/v2\/posts"}],"about":[{"href":"https:\/\/wartapoznan.pl\/index.php\/wp-json\/wp\/v2\/types\/post"}],"author":[{"embeddable":true,"href":"https:\/\/wartapoznan.pl\/index.php\/wp-json\/wp\/v2\/users\/39"}],"replies":[{"embeddable":true,"href":"https:\/\/wartapoznan.pl\/index.php\/wp-json\/wp\/v2\/comments?post=44189"}],"version-history":[{"count":4,"href":"https:\/\/wartapoznan.pl\/index.php\/wp-json\/wp\/v2\/posts\/44189\/revisions"}],"predecessor-version":[{"id":44195,"href":"https:\/\/wartapoznan.pl\/index.php\/wp-json\/wp\/v2\/posts\/44189\/revisions\/44195"}],"wp:featuredmedia":[{"embeddable":true,"href":"https:\/\/wartapoznan.pl\/index.php\/wp-json\/wp\/v2\/media\/44190"}],"wp:attachment":[{"href":"https:\/\/wartapoznan.pl\/index.php\/wp-json\/wp\/v2\/media?parent=44189"}],"wp:term":[{"taxonomy":"category","embeddable":true,"href":"https:\/\/wartapoznan.pl\/index.php\/wp-json\/wp\/v2\/categories?post=44189"},{"taxonomy":"post_tag","embeddable":true,"href":"https:\/\/wartapoznan.pl\/index.php\/wp-json\/wp\/v2\/tags?post=44189"}],"curies":[{"name":"wp","href":"https:\/\/api.w.org\/{rel}","templated":true}]}}