{"id":44242,"date":"2026-03-14T00:03:50","date_gmt":"2026-03-13T23:03:50","guid":{"rendered":"https:\/\/wartapoznan.pl\/?p=44242"},"modified":"2026-03-14T00:03:50","modified_gmt":"2026-03-13T23:03:50","slug":"powrot-na-zwycieska-sciezke-warta-poznan-pokonuje-gks-jastrzebie","status":"publish","type":"post","link":"https:\/\/wartapoznan.pl\/index.php\/2026\/03\/14\/powrot-na-zwycieska-sciezke-warta-poznan-pokonuje-gks-jastrzebie\/","title":{"rendered":"Powr\u00f3t na zwyci\u0119sk\u0105 \u015bcie\u017ck\u0119. Warta Pozna\u0144 pokonuje GKS Jastrz\u0119bie."},"content":{"rendered":"<p><strong>Warta Pozna\u0144 z pierwszym zwyci\u0119stwem w 2026 roku! \u201eZieloni\u201d pokonali w \u201eOgr\u00f3dku by TedGifted\u201d GKS Jastrz\u0119bie 3:1. Podopieczni Macieja Tokarczyka od pierwszych minut narzucili sw\u00f3j rytm i szybko zbudowali dwubramkow\u0105 przewag\u0119. Cho\u0107 go\u015bcie po przerwie z\u0142apali kontakt i mieli nawet rzut karny, \u015bwietna interwencja Leo Przybylaka oraz trafienie Kacpra Szymanka przypiecz\u0119towa\u0142y zas\u0142u\u017cone zwyci\u0119stwo gospodarzy.<\/strong><\/p>\n<p>Dru\u017cyna Macieja Tokarczyka by\u0142a faworytem tego spotkania i szybko zabra\u0142a si\u0119 do pracy. Ju\u017c w 10. minucie Micha\u0142 Smoczy\u0144ski wykorzysta\u0142 do\u015brodkowanie z lewego skrzyd\u0142a i strza\u0142em g\u0142ow\u0105 z bliska otworzy\u0142 wynik. Warciarze poszli za ciosem i nied\u0142ugo p\u00f3\u017aniej by\u0142o 2:0. Kacper Szymanek zosta\u0142 sfaulowany w polu karnym i cho\u0107 Miko\u0142aj Molga obroni\u0142 strza\u0142 z \u201ewapna\u201d Marcela Stefaniaka, to z dobitk\u0105 pospieszy\u0142 Filip Walu\u015b i wpakowa\u0142 pi\u0142k\u0119 do siatki, u\u015bwietniaj\u0105c w ten spos\u00f3b sw\u00f3j 50. wyst\u0119p w zielonych barwach. Do przerwy wynik m\u00f3g\u0142 by\u0107 nawet wy\u017cszy \u2013 cho\u0107by po \u0142adnym lobie Smoczy\u0144skiego, ale wtedy go\u015bci uratowa\u0142 s\u0142upek.<\/p>\n<p><img loading=\"lazy\" decoding=\"async\" width=\"2560\" height=\"1745\" class=\"alignnone size-full wp-image-44247\" src=\"https:\/\/wartapoznan.pl\/wp-content\/uploads\/2026\/03\/WvsW13032026-3.JPG-3-scaled.jpeg\" alt=\"\" srcset=\"https:\/\/wartapoznan.pl\/wp-content\/uploads\/2026\/03\/WvsW13032026-3.JPG-3-scaled.jpeg 2560w, https:\/\/wartapoznan.pl\/wp-content\/uploads\/2026\/03\/WvsW13032026-3.JPG-3-1536x1047.jpeg 1536w, https:\/\/wartapoznan.pl\/wp-content\/uploads\/2026\/03\/WvsW13032026-3.JPG-3-2048x1396.jpeg 2048w, https:\/\/wartapoznan.pl\/wp-content\/uploads\/2026\/03\/WvsW13032026-3.JPG-3-300x204.jpeg 300w, https:\/\/wartapoznan.pl\/wp-content\/uploads\/2026\/03\/WvsW13032026-3.JPG-3-128x87.jpeg 128w, https:\/\/wartapoznan.pl\/wp-content\/uploads\/2026\/03\/WvsW13032026-3.JPG-3-32x22.jpeg 32w\" sizes=\"(max-width: 2560px) 100vw, 2560px\" \/><\/p>\n<p>Fot. Pawe\u0142 Rosolski<\/p>\n<p>Po zmianie stron nadal dominowa\u0142a Warta, lecz GKS od czasu do czasu potrafi\u0142 si\u0119 odgry\u017a\u0107 i w 49. minucie z\u0142apa\u0142 kontakt po trafieniu Szymona Matyska z ostrego k\u0105ta. Potem nast\u0105pi\u0142 najgor\u0119tszy moment w ca\u0142ym meczu. W 61. minucie przyjezdni mieli rzut karny, lecz uderzenie Marcela Bykowskiego fantastycznie zatrzyma\u0142 nog\u0105 Leo Przybylak! Warta nie chcia\u0142a pozostawia\u0107 w\u0105tpliwo\u015bci i po chwili podwy\u017cszy\u0142a prowadzenie za spraw\u0105 \u0142adnego, technicznego strza\u0142u Kacpra Szymanka. 3:1 to wynik, kt\u00f3ry utrzyma\u0142 si\u0119 do ostatniego gwizdka. \u201eZieloni\u201d maj\u0105 teraz 43 pkt. i wr\u00f3cili na 2. miejsce w tabeli Betclic II ligi.<\/p>\n<p><strong><img loading=\"lazy\" decoding=\"async\" width=\"2560\" height=\"1741\" class=\"alignnone size-full wp-image-44249\" src=\"https:\/\/wartapoznan.pl\/wp-content\/uploads\/2026\/03\/WvsW13032026-5.JPG-1-scaled.jpeg\" alt=\"\" srcset=\"https:\/\/wartapoznan.pl\/wp-content\/uploads\/2026\/03\/WvsW13032026-5.JPG-1-scaled.jpeg 2560w, https:\/\/wartapoznan.pl\/wp-content\/uploads\/2026\/03\/WvsW13032026-5.JPG-1-1536x1045.jpeg 1536w, https:\/\/wartapoznan.pl\/wp-content\/uploads\/2026\/03\/WvsW13032026-5.JPG-1-2048x1393.jpeg 2048w, https:\/\/wartapoznan.pl\/wp-content\/uploads\/2026\/03\/WvsW13032026-5.JPG-1-300x204.jpeg 300w, https:\/\/wartapoznan.pl\/wp-content\/uploads\/2026\/03\/WvsW13032026-5.JPG-1-128x87.jpeg 128w, https:\/\/wartapoznan.pl\/wp-content\/uploads\/2026\/03\/WvsW13032026-5.JPG-1-32x22.jpeg 32w\" sizes=\"(max-width: 2560px) 100vw, 2560px\" \/><\/strong><\/p>\n<p>Fot. Pawe\u0142 Rosolski<\/p>\n<p><strong>Nast\u0119pny mecz ju\u017c w \u015brod\u0119 18.03. Rywalem Warty b\u0119dzie \u015awit Szczecin. Zosta\u0142y ostatnie sztuki bilet\u00f3w na to spotkanie wi\u0119c je\u015bli kto\u015b planuje pojawi\u0107 si\u0119 na tym meczu a nie ma jeszcze wej\u015bci\u00f3wki to sugerujemy po\u015bpiech.<\/strong><\/p>\n","protected":false},"excerpt":{"rendered":"<p>Warta Pozna\u0144 z pierwszym zwyci\u0119stwem w 2026 roku! \u201eZieloni\u201d pokonali w \u201eOgr\u00f3dku by TedGifted\u201d GKS Jastrz\u0119bie 3:1. Podopieczni Macieja Tokarczyka&#8230;<\/p>\n","protected":false},"author":36,"featured_media":44245,"comment_status":"closed","ping_status":"closed","sticky":false,"template":"","format":"standard","meta":{"om_disable_all_campaigns":false,"inline_featured_image":false,"footnotes":"","_links_to":"","_links_to_target":""},"categories":[94,100,1],"tags":[],"aioseo_notices":[],"_links":{"self":[{"href":"https:\/\/wartapoznan.pl\/index.php\/wp-json\/wp\/v2\/posts\/44242"}],"collection":[{"href":"https:\/\/wartapoznan.pl\/index.php\/wp-json\/wp\/v2\/posts"}],"about":[{"href":"https:\/\/wartapoznan.pl\/index.php\/wp-json\/wp\/v2\/types\/post"}],"author":[{"embeddable":true,"href":"https:\/\/wartapoznan.pl\/index.php\/wp-json\/wp\/v2\/users\/36"}],"replies":[{"embeddable":true,"href":"https:\/\/wartapoznan.pl\/index.php\/wp-json\/wp\/v2\/comments?post=44242"}],"version-history":[{"count":1,"href":"https:\/\/wartapoznan.pl\/index.php\/wp-json\/wp\/v2\/posts\/44242\/revisions"}],"predecessor-version":[{"id":44251,"href":"https:\/\/wartapoznan.pl\/index.php\/wp-json\/wp\/v2\/posts\/44242\/revisions\/44251"}],"wp:featuredmedia":[{"embeddable":true,"href":"https:\/\/wartapoznan.pl\/index.php\/wp-json\/wp\/v2\/media\/44245"}],"wp:attachment":[{"href":"https:\/\/wartapoznan.pl\/index.php\/wp-json\/wp\/v2\/media?parent=44242"}],"wp:term":[{"taxonomy":"category","embeddable":true,"href":"https:\/\/wartapoznan.pl\/index.php\/wp-json\/wp\/v2\/categories?post=44242"},{"taxonomy":"post_tag","embeddable":true,"href":"https:\/\/wartapoznan.pl\/index.php\/wp-json\/wp\/v2\/tags?post=44242"}],"curies":[{"name":"wp","href":"https:\/\/api.w.org\/{rel}","templated":true}]}}