{"id":44253,"date":"2026-03-16T13:00:30","date_gmt":"2026-03-16T12:00:30","guid":{"rendered":"https:\/\/wartapoznan.pl\/?p=44253"},"modified":"2026-03-17T14:39:26","modified_gmt":"2026-03-17T13:39:26","slug":"wyniki-gier-akademii-warty-poznan-12","status":"publish","type":"post","link":"https:\/\/wartapoznan.pl\/index.php\/2026\/03\/16\/wyniki-gier-akademii-warty-poznan-12\/","title":{"rendered":"Wyniki gier Akademii Warty Pozna\u0144"},"content":{"rendered":"<p><strong>Energa Checz Gdynia 2:3 Warta Pozna\u0144<\/strong><\/p>\n<p>11. kolejka Centralnej Ligi Juniorek do lat 16<\/p>\n<p><strong>Bramki<\/strong>: Marcelina Tyszkiewicz, Liliana Ruminiecka, Zofia Biskupska;<\/p>\n<p>Sk\u0142ad: <em>Rybarczyk &#8211; Ruminiecka, Ma\u0142aczy\u0144ska, Leporowska, Styperek, Pruszkowska, Bieniek, Sondej, M. Tyszkiewicz, Biskupska,\u00a0 O. Tyszkiewicz;<\/em><\/p>\n<p>\u0141awka rezerwowych: <em>D\u0105browska, Sto\u0142ecka, Rolska, Cyraniak, Mas\u0142owska, Wieczorek, Okupniak;<\/em><\/p>\n<p><strong>Warta II Pozna\u0144 6:3 SKP S\u0142upca<\/strong><\/p>\n<p>19. kolejka Red Box V Ligi<\/p>\n<p><strong>Bramki<\/strong>: Filip Tonder x5, Rafa\u0142 Kr\u00f3likowski;<\/p>\n<p>Sk\u0142ad: <em>Piechowiak &#8211; Mazurkiewicz, Szymczak, Sad\u0142os, \u017berkowski, Krivets, Jajko, Wojciechowski, Tonder, Hanuszczak, Marciszewski;<\/em><\/p>\n<p>\u0141awka rezerwowych: <em>Sawicki, Nowak, Adamovich, Szalaty, Strenciok, Tyszkiewicz, Kr\u00f3likowski;<\/em><\/p>\n<p><strong>Gedania Gda\u0144sk 2:2 Warta Pozna\u0144<\/strong><\/p>\n<p>1. kolejka Ligi Makroregionalnej do lat 19<\/p>\n<p><strong>Bramki<\/strong>: Patryk Wagner, Jan Szwabig;<\/p>\n<p>Sk\u0142ad: <em>Sawicki &#8211; Juskowiak, Szwabig, Nowak, Srenciok, Adamovich, Lesiuk, Tyszkiewicz, Szalaty, Wagner, Roszyk;<\/em><\/p>\n<p>\u0141awka rezerwowych: <em>Chy\u017cy, Kr\u00f3likowski, Mrozek, Modelski, G\u00f3recki, Gawe\u0142, Kaczmarek;<\/em><\/p>\n<p><strong>Warta Pozna\u0144 6:1 Polonia II \u015aroda Wielkopolska<\/strong><\/p>\n<p>2. kolejka Ligi Wojew\u00f3dzkiej do lat 16<\/p>\n<p><strong>Bramki<\/strong>: Krystian Ociepko x3, Igor Tabor x2, Micha\u0142 Go\u0142a\u015b;<\/p>\n<p>Sk\u0142ad: <em>G\u00f3rczak &#8211; Go\u0142a\u015b, \u0179rubek, Goszczy\u0144ski, Dobicki, Zimowski, Wierkiewicz, Kazak, Ocieko, Senger, Tabor;<\/em><\/p>\n<p>\u0141awka rezerwowych: <em>Lenartowski, Wojtaszek, Rogozi\u0144ski, Marciniak, Nowak, Nied\u017awiecki, Koczarowski;<\/em><\/p>\n<p><strong>Jaguar Gda\u0144sk 0:0 Warta Pozna\u0144<\/strong><\/p>\n<p>16. kolejka Centralnej Ligi Junior\u00f3w do lat 15<\/p>\n<p>Sk\u0142ad: <em>Kaczmarek &#8211; Czubek, Sobkowski, Wilczy\u0144ski, Suchodolski, Wojciechowski, Nicke, Poltaszewski, Czerwi\u0144ski, Wa\u0142\u0119sa, Konstranciak;<\/em><\/p>\n<p>\u0141awka rezerwowych: <em>\u0141uczak, Adamczewski, Grzonka, Musia\u0142owski, Sobczak, Kise\u0142ek, Paprzycki<\/em>;<\/p>\n<p><strong>K\u0142os Budzy\u0144 6:6 Warta Pozna\u0144 U-14<\/strong><\/p>\n<p>1. kolejka II Ligi Wojew\u00f3dzkiej do lat 15<\/p>\n<p><strong>Bramki<\/strong>: Gabriel D\u0142ubak x3, Gabriel Br\u0119tkowski, Kacper Kubacha, Dorian Kaca\u0142a;<\/p>\n<p>Sk\u0142ad: <em>Skarupski &#8211; Guszczak, Krakowski, Filas, Br\u0119tkowski, Maiga, Nowak, D\u0142ubak, Roszkiewicz, Kubacha, Banach;<\/em><\/p>\n<p>\u0141awka rezerwowych: <em>K\u0142opocki, Topolski, Egwu-James, Gizka, Ku\u017aniarek, Musia\u0142owski, Kaca\u0142a;<\/em><\/p>\n<p><strong>Warta Pozna\u0144 U-13 12:1 Kotwica K\u00f3rnik<\/strong><\/p>\n<p>1. kolejka II Ligi Wojew\u00f3dzkiej do lat 14<\/p>\n<p><strong>Bramki<\/strong>: Patryk Grys x3, Antoni Dorsz x2, David Adamovich x2, Mateusz Wyrwa x2, Bartosz Sarbinowski, Filip Gorczowski, Miko\u0142aj Hy\u017cy;<\/p>\n<p>Sk\u0142ad: <em>Matuszczak &#8211; Kochaniak ,Grembecki, Koczorowski, Sarbinowski, Gorczowski, Adamovich, Borowski, Dorsz, Hy\u017cy, Draszkiewicz;<\/em><\/p>\n<p>\u0141awka rezerwowych: <em>Filipek, Banaszyk, Halasz, Wyrwa, Kasprzak, Grys;<\/em><\/p>\n<p><strong>AP Talenty Pozna\u0144 0:1 Warta Pozna\u0144 U-12<\/strong><\/p>\n<p>1. kolejka I Ligi Okr\u0119gowej do lat 13<\/p>\n<p><strong>Bramka<\/strong>: Cezary Cichy;<\/p>\n<p>Sk\u0142ad: <em>Przysta\u0144ski &#8211; Wo\u017aniak, Koczorowski, Micha\u0142owski, Sikorski, Kujawa, Wojciechowski, Kasprzak, Szklarski;<\/em><\/p>\n<p>\u0141awka rezerwowych: <em>Piasecki, Cie\u015bla, Cichy, S\u0119kowski, Lewandowski;<\/em><\/p>\n<p><strong>Warta Pozna\u0144 U-11 6:2 Canarinhos Sk\u00f3rzewo<\/strong><\/p>\n<p>1. kolejka I Ligi Okr\u0119gowej do lat 12<\/p>\n<p><strong>Bramki<\/strong>: Mark Kondriatuk, Filip Jagodnicki, Damian Minga, Oskar Szyma\u0144ski, Alexander Jasek, Marcel Janusz;<\/p>\n<p>Sk\u0142ad: <em>Anio\u0142a &#8211; Rachwalak, Szyma\u0144ski, Kondriatuk, Puszcz, Kurdzieko, Jagodnicki, Jasek, Kandefer;<\/em><\/p>\n<p>\u0141awka rezerwowych: <em>Minga, Tomaszkiewicz, Janusz, Krokus;<\/em><\/p>\n<p>Fot. \u0141ukasz Stefaniak<\/p>\n","protected":false},"excerpt":{"rendered":"<p>Energa Checz Gdynia 2:3 Warta Pozna\u0144 11. kolejka Centralnej Ligi Juniorek do lat 16 Bramki: Marcelina Tyszkiewicz, Liliana Ruminiecka, Zofia&#8230;<\/p>\n","protected":false},"author":39,"featured_media":44256,"comment_status":"closed","ping_status":"closed","sticky":false,"template":"","format":"standard","meta":{"om_disable_all_campaigns":false,"inline_featured_image":false,"footnotes":"","_links_to":"","_links_to_target":""},"categories":[95,96],"tags":[],"aioseo_notices":[],"_links":{"self":[{"href":"https:\/\/wartapoznan.pl\/index.php\/wp-json\/wp\/v2\/posts\/44253"}],"collection":[{"href":"https:\/\/wartapoznan.pl\/index.php\/wp-json\/wp\/v2\/posts"}],"about":[{"href":"https:\/\/wartapoznan.pl\/index.php\/wp-json\/wp\/v2\/types\/post"}],"author":[{"embeddable":true,"href":"https:\/\/wartapoznan.pl\/index.php\/wp-json\/wp\/v2\/users\/39"}],"replies":[{"embeddable":true,"href":"https:\/\/wartapoznan.pl\/index.php\/wp-json\/wp\/v2\/comments?post=44253"}],"version-history":[{"count":1,"href":"https:\/\/wartapoznan.pl\/index.php\/wp-json\/wp\/v2\/posts\/44253\/revisions"}],"predecessor-version":[{"id":44258,"href":"https:\/\/wartapoznan.pl\/index.php\/wp-json\/wp\/v2\/posts\/44253\/revisions\/44258"}],"wp:featuredmedia":[{"embeddable":true,"href":"https:\/\/wartapoznan.pl\/index.php\/wp-json\/wp\/v2\/media\/44256"}],"wp:attachment":[{"href":"https:\/\/wartapoznan.pl\/index.php\/wp-json\/wp\/v2\/media?parent=44253"}],"wp:term":[{"taxonomy":"category","embeddable":true,"href":"https:\/\/wartapoznan.pl\/index.php\/wp-json\/wp\/v2\/categories?post=44253"},{"taxonomy":"post_tag","embeddable":true,"href":"https:\/\/wartapoznan.pl\/index.php\/wp-json\/wp\/v2\/tags?post=44253"}],"curies":[{"name":"wp","href":"https:\/\/api.w.org\/{rel}","templated":true}]}}