{"id":44259,"date":"2026-03-17T15:02:06","date_gmt":"2026-03-17T14:02:06","guid":{"rendered":"https:\/\/wartapoznan.pl\/?p=44259"},"modified":"2026-03-17T15:57:57","modified_gmt":"2026-03-17T14:57:57","slug":"otwieramy-sektor-gosci-i-kase-biletowa","status":"publish","type":"post","link":"https:\/\/wartapoznan.pl\/index.php\/2026\/03\/17\/otwieramy-sektor-gosci-i-kase-biletowa\/","title":{"rendered":"Otwieramy sektor go\u015bci i kas\u0119 biletow\u0105!"},"content":{"rendered":"<p><b>Warta Pozna\u0144 w \u015brod\u0119 18 marca o 17:45 zmierzy si\u0119 z dru\u017cyn\u0105 \u015awitu Szczecin. Na ten mecz uruchomiono dodatkow\u0105 pul\u0119 bilet\u00f3w. B\u0119dzie mo\u017cna je kupi\u0107 przez internet lub w kasie przed meczem. Bilety na sektor gospodarzy zosta\u0142y wyprzedane.<\/b><\/p>\n<p><span style=\"font-weight: 400;\">W zwi\u0105zku z tym, \u017ce na spotkaniu nie pojawi\u0105 si\u0119 kibice go\u015bci, do sprzeda\u017cy trafi\u0105 miejsca na trybunie, kt\u00f3ra zazwyczaj jest przeznaczona dla przyjezdnych \u2013 to blisko 200 dodatkowych miejsc! Sprzeda\u017c ruszy\u0142a na stronie <\/span><b>bilety.wartapoznan.pl.<\/b><\/p>\n<p><span style=\"font-weight: 400;\">Bilety b\u0119d\u0105 dost\u0119pne tak\u017ce w kasie biletowej przed meczem.\u00a0 Kasa przy wej\u015bciu na stadion od ulicy Droga D\u0119bi\u0144ska zostanie otwarta o godz. 15:45. Za bilety b\u0119dzie mo\u017cna p\u0142aci\u0107 kart\u0105 lub got\u00f3wk\u0105. Sprzeda\u017c potrwa do wyczerpania zapasu.<\/span><\/p>\n<p><span style=\"font-weight: 400;\">Kibice, kt\u00f3rzy wykupi\u0105 miejsca w sektorach F i G, proszeni s\u0105 o wej\u015bcie na stadion bram\u0105 zwykle zarezerwowan\u0105 dla kibic\u00f3w go\u015bci.<\/span><\/p>\n<p><span style=\"font-weight: 400;\">Mecz odb\u0119dzie si\u0119 w \u015brod\u0119 o godzinie 17:45.\u00a0<\/span><\/p>\n<p><img loading=\"lazy\" decoding=\"async\" width=\"2560\" height=\"1810\" class=\"alignnone size-full wp-image-44267\" src=\"https:\/\/wartapoznan.pl\/wp-content\/uploads\/2026\/03\/mapka-kg.jpg-scaled.jpeg\" alt=\"\" srcset=\"https:\/\/wartapoznan.pl\/wp-content\/uploads\/2026\/03\/mapka-kg.jpg-scaled.jpeg 2560w, https:\/\/wartapoznan.pl\/wp-content\/uploads\/2026\/03\/mapka-kg.jpg-1536x1086.jpeg 1536w, https:\/\/wartapoznan.pl\/wp-content\/uploads\/2026\/03\/mapka-kg.jpg-2048x1448.jpeg 2048w, https:\/\/wartapoznan.pl\/wp-content\/uploads\/2026\/03\/mapka-kg.jpg-300x212.jpeg 300w, https:\/\/wartapoznan.pl\/wp-content\/uploads\/2026\/03\/mapka-kg.jpg-128x90.jpeg 128w, https:\/\/wartapoznan.pl\/wp-content\/uploads\/2026\/03\/mapka-kg.jpg-32x23.jpeg 32w\" sizes=\"(max-width: 2560px) 100vw, 2560px\" \/><\/p>\n","protected":false},"excerpt":{"rendered":"<p>Warta Pozna\u0144 w \u015brod\u0119 18 marca o 17:45 zmierzy si\u0119 z dru\u017cyn\u0105 \u015awitu Szczecin. Na ten mecz uruchomiono dodatkow\u0105 pul\u0119&#8230;<\/p>\n","protected":false},"author":36,"featured_media":44264,"comment_status":"closed","ping_status":"closed","sticky":false,"template":"","format":"standard","meta":{"om_disable_all_campaigns":false,"inline_featured_image":false,"footnotes":"","_links_to":"","_links_to_target":""},"categories":[94,100,1],"tags":[],"aioseo_notices":[],"_links":{"self":[{"href":"https:\/\/wartapoznan.pl\/index.php\/wp-json\/wp\/v2\/posts\/44259"}],"collection":[{"href":"https:\/\/wartapoznan.pl\/index.php\/wp-json\/wp\/v2\/posts"}],"about":[{"href":"https:\/\/wartapoznan.pl\/index.php\/wp-json\/wp\/v2\/types\/post"}],"author":[{"embeddable":true,"href":"https:\/\/wartapoznan.pl\/index.php\/wp-json\/wp\/v2\/users\/36"}],"replies":[{"embeddable":true,"href":"https:\/\/wartapoznan.pl\/index.php\/wp-json\/wp\/v2\/comments?post=44259"}],"version-history":[{"count":2,"href":"https:\/\/wartapoznan.pl\/index.php\/wp-json\/wp\/v2\/posts\/44259\/revisions"}],"predecessor-version":[{"id":44269,"href":"https:\/\/wartapoznan.pl\/index.php\/wp-json\/wp\/v2\/posts\/44259\/revisions\/44269"}],"wp:featuredmedia":[{"embeddable":true,"href":"https:\/\/wartapoznan.pl\/index.php\/wp-json\/wp\/v2\/media\/44264"}],"wp:attachment":[{"href":"https:\/\/wartapoznan.pl\/index.php\/wp-json\/wp\/v2\/media?parent=44259"}],"wp:term":[{"taxonomy":"category","embeddable":true,"href":"https:\/\/wartapoznan.pl\/index.php\/wp-json\/wp\/v2\/categories?post=44259"},{"taxonomy":"post_tag","embeddable":true,"href":"https:\/\/wartapoznan.pl\/index.php\/wp-json\/wp\/v2\/tags?post=44259"}],"curies":[{"name":"wp","href":"https:\/\/api.w.org\/{rel}","templated":true}]}}