{"id":44270,"date":"2026-03-17T17:45:58","date_gmt":"2026-03-17T16:45:58","guid":{"rendered":"https:\/\/wartapoznan.pl\/?p=44270"},"modified":"2026-03-17T16:59:04","modified_gmt":"2026-03-17T15:59:04","slug":"betclic-2-liga-warta-poznan-vs-swit-szczecin-2","status":"publish","type":"post","link":"https:\/\/wartapoznan.pl\/index.php\/2026\/03\/17\/betclic-2-liga-warta-poznan-vs-swit-szczecin-2\/","title":{"rendered":"Betclic 2 Liga. Warta Pozna\u0144 vs \u015awit Szczecin"},"content":{"rendered":"<p><b>Po odwo\u0142anym lutowym spotkaniu czas rozegra\u0107 zaleg\u0142y mecz. Tym razem wszystko wskazuje na to, \u017ce nic nie stanie na przeszkodzie. W \u015brod\u0119, 18 marca o godzinie 17:45, Warta Pozna\u0144 podejmie \u015awit Szczecin w ostatnim meczu cztero meczowego maratonu domowych <\/b><\/p>\n<p><span style=\"font-weight: 400;\">Pierwotnie spotkanie zaplanowane na 22 lutego zosta\u0142o odwo\u0142ane decyzj\u0105 s\u0119dziego z powodu bardzo z\u0142ych warunk\u00f3w atmosferycznych i intensywnych opad\u00f3w deszczu, kt\u00f3re uniemo\u017cliwi\u0142y rozegranie meczu. Teraz oba zespo\u0142y zmierz\u0105 si\u0119 w nowym terminie.<\/span><\/p>\n<p><span style=\"font-weight: 400;\">Warciarze po raz pierwszy w tym sezonie mierzyli si\u0119 ze \u015awitem w 3. kolejce. Spotkanie zako\u0144czy\u0142o si\u0119 remisem 1:1 \u2013 bramk\u0119 dla Warty zdoby\u0142 Marcel Zylla, natomiast dla gospodarzy trafi\u0142 Grzegorz Aftyka. Obecnie dru\u017cyna ze Szczecina zajmuje 5. miejsce w tabeli z dorobkiem 35 punkt\u00f3w i traci 8 oczek do Warty.<\/span><\/p>\n<p><span style=\"font-weight: 400;\">Po odwo\u0142anym meczu ze \u201eZielonymi\u201d \u015awit rozegra\u0142 trzy spotkania ligowe. Najpierw przegra\u0142 u siebie z Uni\u0105 Skierniewice 2:3, nast\u0119pnie pokona\u0142 na wyje\u017adzie GKS Jastrz\u0119bie 1:0, a w ostatniej kolejce uleg\u0142 na w\u0142asnym stadionie Soko\u0142owi Kleczew 0:3.<\/span><\/p>\n<p><span style=\"font-weight: 400;\">Podczas zimowej przerwy klub ze Szczecina nie dokona\u0142 wielu zmian kadrowych. Ze \u015awitu odeszli bramkarze Szymon Matysik oraz wypo\u017cyczony z Rakowa Cz\u0119stochowa Jakub Rajczykowski. W ich miejsce \u2013 na zasadzie wypo\u017cyczenia z Legii Warszawa \u2013 do zespo\u0142u do\u0142\u0105czy\u0142 Marcel Mendes-Dudzi\u0144ski. Klub wzmocnili tak\u017ce Jakub Zawadzki (wypo\u017cyczony z Pogoni Szczecin) oraz Daniel Zamiara, pozyskany z B\u0142\u0119kitnych Stargard Szczeci\u0144ski.<\/span><\/p>\n<p><b>Trener Maciej Tokarczyk zosta\u0142 zapytany, czy ofensywna charakterystyka \u015awitu Szczecin wp\u0142ynie na ustawienie Warty Pozna\u0144 w tym meczu:<\/b><\/p>\n<p><i><span style=\"font-weight: 400;\">My\u015bl\u0119, \u017ce nie wp\u0142ynie to bezpo\u015brednio na nasze ustawienie. Plan na ten mecz opieramy przede wszystkim na tym, co sami chcemy pokaza\u0107 i wyeksponowa\u0107 z naszego modelu gry. Na tych elementach skupiamy si\u0119 w najwi\u0119kszym stopniu.<\/span><\/i><\/p>\n<p><i><span style=\"font-weight: 400;\">Oczywi\u015bcie mamy dok\u0142adnie przeanalizowanego przeciwnika \u2013 znamy jego mocne i s\u0142abe strony. Nasz plan meczowy b\u0119dzie wi\u0119c dostosowany do tego, co mo\u017cemy wykorzysta\u0107 w danym spotkaniu.<\/span><\/i><\/p>\n<p><i><span style=\"font-weight: 400;\">Je\u015bli chodzi o samo ustawienie, to nasz system jest na tyle p\u0142ynny, \u017ce mo\u017cemy przechodzi\u0107 do r\u00f3\u017cnych wariant\u00f3w w zale\u017cno\u015bci od momentu meczu i sytuacji na boisku. Nie to jednak b\u0119dzie najwa\u017cniejsze. Kluczowe b\u0119d\u0105 indywidualne zachowania zawodnik\u00f3w \u2013 ich odwaga, pewno\u015b\u0107 siebie i jako\u015b\u0107 w grze.<\/span><\/i><\/p>\n<p><b>Trener zosta\u0142 zapytany o ewentualne rotacje w sk\u0142adzie przy napi\u0119tym terminarzu:<\/b><\/p>\n<p><i><span style=\"font-weight: 400;\">Na ten moment trudno jednoznacznie odpowiedzie\u0107 na to pytanie. Wszystko zale\u017cy od kilku czynnik\u00f3w, kt\u00f3re bierzemy pod uwag\u0119 bezpo\u015brednio przed meczem. Decyzje kadrowe podejmujemy na bie\u017c\u0105co, analizuj\u0105c aktualn\u0105 sytuacj\u0119 zespo\u0142u.<\/span><\/i><\/p>\n<p><i><span style=\"font-weight: 400;\">Mam ju\u017c w g\u0142owie wyj\u015bciow\u0105 jedenastk\u0119 na najbli\u017csze spotkanie ze \u015awitem. Natomiast je\u015bli chodzi o kolejne mecze, w tym ten w Sosnowcu, jeszcze si\u0119 nad tym nie zastanawia\u0142em. Dlatego na teraz trudno m\u00f3wi\u0107 o konkretnych rotacjach.<\/span><\/i><\/p>\n<p><b>Trener odni\u00f3s\u0142 si\u0119 do gry zespo\u0142u po meczu z GKS-em Jastrz\u0119bie:<\/b><\/p>\n<p><i><span style=\"font-weight: 400;\">Je\u015bli chodzi o gr\u0119 defensywn\u0105 i samo nastawienie w obronie, nie ma tu powod\u00f3w do nagany. Faza bez pi\u0142ki by\u0142a na bardzo wysokim poziomie. Szczeg\u00f3lnie dobrze funkcjonowa\u0142 nasz wysoki pressing, kt\u00f3ry przynosi\u0142 konkretne efekty. R\u00f3wnie wa\u017cna by\u0142a reakcja po stracie \u2013 agresywnie starali\u015bmy si\u0119 szybko odzyska\u0107 pi\u0142k\u0119.<\/span><\/i><\/p>\n<p><i><span style=\"font-weight: 400;\">Sytuacje, kt\u00f3re stworzy\u0142 sobie GKS Jastrz\u0119bie, wynika\u0142y g\u0142\u00f3wnie z naszych b\u0142\u0119d\u00f3w w momencie posiadania pi\u0142ki. Wyj\u0105tkiem mo\u017ce by\u0107 pierwsza bramka, gdzie byli\u015bmy sp\u00f3\u017anieni w dzia\u0142aniach defensywnych. Generalnie jednak oceniam nasz\u0105 gr\u0119 w obronie bardzo pozytywnie.<\/span><\/i><\/p>\n<p><i><span style=\"font-weight: 400;\">W ofensywie r\u00f3wnie\u017c stworzyli\u015bmy wiele sytuacji, natomiast musimy unika\u0107 moment\u00f3w dekoncentracji i lepiej dobiera\u0107 decyzje. To s\u0105 detale, nad kt\u00f3rymi pracowali\u015bmy w ostatnim mikrocyklu i kt\u00f3re chcemy poprawi\u0107 w najbli\u017cszym meczu.<\/span><\/i><\/p>\n<p><b>Pe\u0142na konferencja prasowa: <\/b><a href=\"https:\/\/youtu.be\/s9FX4NyqfOM\"><b>https:\/\/youtu.be\/s9FX4NyqfOM<\/b><\/a><\/p>\n<p><b>Sektor go\u015bci zosta\u0142 udost\u0119pniony dla kibic\u00f3w Warty Pozna\u0144, sprzeda\u017c odbywa si\u0119 na stronie https:\/\/bilety.wartapoznan.pl. Bilety dost\u0119pne b\u0119d\u0105 tak\u017ce w kasie biletowej, kt\u00f3ra otworzy si\u0119 o godzinie 15:45. Serdecznie zapraszamy do zakupu i wspierania ,,Zielonych\u201d z trybun.<\/b><\/p>\n","protected":false},"excerpt":{"rendered":"<p>Po odwo\u0142anym lutowym spotkaniu czas rozegra\u0107 zaleg\u0142y mecz. Tym razem wszystko wskazuje na to, \u017ce nic nie stanie na przeszkodzie&#8230;.<\/p>\n","protected":false},"author":36,"featured_media":44271,"comment_status":"closed","ping_status":"closed","sticky":false,"template":"","format":"standard","meta":{"om_disable_all_campaigns":false,"inline_featured_image":false,"footnotes":"","_links_to":"","_links_to_target":""},"categories":[94,100,1],"tags":[],"aioseo_notices":[],"_links":{"self":[{"href":"https:\/\/wartapoznan.pl\/index.php\/wp-json\/wp\/v2\/posts\/44270"}],"collection":[{"href":"https:\/\/wartapoznan.pl\/index.php\/wp-json\/wp\/v2\/posts"}],"about":[{"href":"https:\/\/wartapoznan.pl\/index.php\/wp-json\/wp\/v2\/types\/post"}],"author":[{"embeddable":true,"href":"https:\/\/wartapoznan.pl\/index.php\/wp-json\/wp\/v2\/users\/36"}],"replies":[{"embeddable":true,"href":"https:\/\/wartapoznan.pl\/index.php\/wp-json\/wp\/v2\/comments?post=44270"}],"version-history":[{"count":2,"href":"https:\/\/wartapoznan.pl\/index.php\/wp-json\/wp\/v2\/posts\/44270\/revisions"}],"predecessor-version":[{"id":44274,"href":"https:\/\/wartapoznan.pl\/index.php\/wp-json\/wp\/v2\/posts\/44270\/revisions\/44274"}],"wp:featuredmedia":[{"embeddable":true,"href":"https:\/\/wartapoznan.pl\/index.php\/wp-json\/wp\/v2\/media\/44271"}],"wp:attachment":[{"href":"https:\/\/wartapoznan.pl\/index.php\/wp-json\/wp\/v2\/media?parent=44270"}],"wp:term":[{"taxonomy":"category","embeddable":true,"href":"https:\/\/wartapoznan.pl\/index.php\/wp-json\/wp\/v2\/categories?post=44270"},{"taxonomy":"post_tag","embeddable":true,"href":"https:\/\/wartapoznan.pl\/index.php\/wp-json\/wp\/v2\/tags?post=44270"}],"curies":[{"name":"wp","href":"https:\/\/api.w.org\/{rel}","templated":true}]}}