{"id":44582,"date":"2026-04-27T00:20:02","date_gmt":"2026-04-26T22:20:02","guid":{"rendered":"https:\/\/wartapoznan.pl\/?p=44582"},"modified":"2026-04-27T00:20:02","modified_gmt":"2026-04-26T22:20:02","slug":"wicelidera-mamy-warta-poznan-pokonuje-olimpie-grudziadz-w-hicie-kolejki","status":"publish","type":"post","link":"https:\/\/wartapoznan.pl\/index.php\/2026\/04\/27\/wicelidera-mamy-warta-poznan-pokonuje-olimpie-grudziadz-w-hicie-kolejki\/","title":{"rendered":"Wicelidera mamy! Warta Pozna\u0144 pokonuj\u0119 Olimpi\u0119 Grudzi\u0105dz w hicie kolejki."},"content":{"rendered":"<p><b>Warta Pozna\u0144 pokona\u0142a Olimpi\u0119 Grudzi\u0105dz 4:2 w hicie 29. kolejki Betclic 2 Ligi i wskoczy\u0142a na pozycj\u0119 wicelidera, daj\u0105c\u0105 bezpo\u015bredni awans na zaplecze Ekstraklasy. Spotkanie dostarczy\u0142o wielu emocji i zwrot\u00f3w akcji, ale to Zieloni lepiej odnale\u017ali si\u0119 w kluczowych momentach i potrafili przechyli\u0107 szal\u0119 zwyci\u0119stwa na swoj\u0105 stron\u0119.<\/b><\/p>\n<p><span style=\"font-weight: 400;\">Pierwsze minuty spotkania nie obfitowa\u0142y w wiele wydarze\u0144. Obie dru\u017cyny mia\u0142y problem z kreowaniem sytuacji bramkowych, a gra toczy\u0142a si\u0119 g\u0142\u00f3wnie w \u015brodku pola. W 20. minucie Zieloni obj\u0119li prowadzenie \u2013 Beniamin Czajka, b\u0119d\u0105c oko\u0142o 25 metr\u00f3w od w\u0142asnej bramki, przewr\u00f3ci\u0142 si\u0119 na pi\u0142ce, kt\u00f3r\u0105 przej\u0105\u0142 Patryk Kusztal i w sytuacji sam na sam pewnym strza\u0142em pokona\u0142 Sebastiana Sobolewskiego, daj\u0105c Warcie prowadzenie 1:0. <\/span><\/p>\n<p><span style=\"font-weight: 400;\"><img loading=\"lazy\" decoding=\"async\" width=\"2560\" height=\"1691\" class=\"alignnone size-full wp-image-44589\" src=\"https:\/\/wartapoznan.pl\/wp-content\/uploads\/2026\/04\/OvsW-fh-3.JPG-2-scaled.jpeg\" alt=\"\" srcset=\"https:\/\/wartapoznan.pl\/wp-content\/uploads\/2026\/04\/OvsW-fh-3.JPG-2-scaled.jpeg 2560w, https:\/\/wartapoznan.pl\/wp-content\/uploads\/2026\/04\/OvsW-fh-3.JPG-2-1536x1015.jpeg 1536w, https:\/\/wartapoznan.pl\/wp-content\/uploads\/2026\/04\/OvsW-fh-3.JPG-2-2048x1353.jpeg 2048w, https:\/\/wartapoznan.pl\/wp-content\/uploads\/2026\/04\/OvsW-fh-3.JPG-2-300x198.jpeg 300w, https:\/\/wartapoznan.pl\/wp-content\/uploads\/2026\/04\/OvsW-fh-3.JPG-2-128x85.jpeg 128w, https:\/\/wartapoznan.pl\/wp-content\/uploads\/2026\/04\/OvsW-fh-3.JPG-2-32x21.jpeg 32w\" sizes=\"(max-width: 2560px) 100vw, 2560px\" \/><\/span><\/p>\n<p>Fot. Pawe\u0142 Rosolski<\/p>\n<p><span style=\"font-weight: 400;\">Po zdobyciu bramki Warta dobrze zorganizowa\u0142a si\u0119 w defensywie i nie pozwala\u0142a Olimpii na wiele. Gospodarze pierwszy celny strza\u0142 oddali dopiero w 34. minucie, jednak uderzenie g\u0142ow\u0105 Bartosza Zbiciaka nie sprawi\u0142o problem\u00f3w Leo Przybylakowi.<\/span><\/p>\n<p><span style=\"font-weight: 400;\">Druga po\u0142owa by\u0142a ju\u017c zgo\u0142a inna i wygl\u0105da\u0142a jak prawdziwy bokserski pojedynek. Pierwszy cios zadali gospodarze \u2013 kapitalnym uderzeniem z rzutu wolnego popisa\u0142 si\u0119 Dominik Frelek, doprowadzaj\u0105c do wyr\u00f3wnania na 1:1. Warta szybko odpowiedzia\u0142a \u2013 po faulu na Kacprze Szymanku s\u0119dzia wskaza\u0142 na jedenasty metr, a rzut karny na bramk\u0119 zamieni\u0142 Marcel Stefaniak, ponownie wyprowadzaj\u0105c Zielonych na prowadzenie.<\/span><\/p>\n<p><span style=\"font-weight: 400;\"><img loading=\"lazy\" decoding=\"async\" width=\"2560\" height=\"1697\" class=\"alignnone size-full wp-image-44585\" src=\"https:\/\/wartapoznan.pl\/wp-content\/uploads\/2026\/04\/OvsW-fh-1.JPG-2-scaled.jpeg\" alt=\"\" srcset=\"https:\/\/wartapoznan.pl\/wp-content\/uploads\/2026\/04\/OvsW-fh-1.JPG-2-scaled.jpeg 2560w, https:\/\/wartapoznan.pl\/wp-content\/uploads\/2026\/04\/OvsW-fh-1.JPG-2-1536x1018.jpeg 1536w, https:\/\/wartapoznan.pl\/wp-content\/uploads\/2026\/04\/OvsW-fh-1.JPG-2-2048x1358.jpeg 2048w, https:\/\/wartapoznan.pl\/wp-content\/uploads\/2026\/04\/OvsW-fh-1.JPG-2-300x199.jpeg 300w, https:\/\/wartapoznan.pl\/wp-content\/uploads\/2026\/04\/OvsW-fh-1.JPG-2-128x85.jpeg 128w, https:\/\/wartapoznan.pl\/wp-content\/uploads\/2026\/04\/OvsW-fh-1.JPG-2-32x21.jpeg 32w\" sizes=\"(max-width: 2560px) 100vw, 2560px\" \/><\/span><\/p>\n<p>Fot. Pawe\u0142 Rosolski<\/p>\n<p><span style=\"font-weight: 400;\">Rado\u015b\u0107 nie trwa\u0142a jednak d\u0142ugo, bo ju\u017c minut\u0119 p\u00f3\u017aniej Olimpia wyr\u00f3wna\u0142a po rzucie ro\u017cnym, a do siatki trafi\u0142 Czajka. Od tego momentu Warciarze przej\u0119li pe\u0142n\u0105 kontrol\u0119 nad spotkaniem i konsekwentnie d\u0105\u017cyli do zdobycia kolejnej bramki. Uda\u0142o si\u0119 to w 74. minucie \u2013 po do\u015brodkowaniu z rzutu wolnego i b\u0142\u0119dzie bramkarza Mateusz Stanek najlepiej odnalaz\u0142 si\u0119 w polu karnym i da\u0142 Warcie prowadzenie 3:2.<\/span><\/p>\n<p><span style=\"font-weight: 400;\"><img loading=\"lazy\" decoding=\"async\" width=\"2560\" height=\"1621\" class=\"alignnone size-full wp-image-44587\" src=\"https:\/\/wartapoznan.pl\/wp-content\/uploads\/2026\/04\/OvsW-fh-2.JPG-2-scaled.jpeg\" alt=\"\" srcset=\"https:\/\/wartapoznan.pl\/wp-content\/uploads\/2026\/04\/OvsW-fh-2.JPG-2-scaled.jpeg 2560w, https:\/\/wartapoznan.pl\/wp-content\/uploads\/2026\/04\/OvsW-fh-2.JPG-2-1536x973.jpeg 1536w, https:\/\/wartapoznan.pl\/wp-content\/uploads\/2026\/04\/OvsW-fh-2.JPG-2-2048x1297.jpeg 2048w, https:\/\/wartapoznan.pl\/wp-content\/uploads\/2026\/04\/OvsW-fh-2.JPG-2-300x190.jpeg 300w, https:\/\/wartapoznan.pl\/wp-content\/uploads\/2026\/04\/OvsW-fh-2.JPG-2-128x81.jpeg 128w, https:\/\/wartapoznan.pl\/wp-content\/uploads\/2026\/04\/OvsW-fh-2.JPG-2-32x20.jpeg 32w\" sizes=\"(max-width: 2560px) 100vw, 2560px\" \/><\/span><\/p>\n<p>Fot. Pawe\u0142 Rosolski<\/p>\n<p><span style=\"font-weight: 400;\">Zieloni nie zamierzali si\u0119 zatrzymywa\u0107 i szukali gola, kt\u00f3ry zamknie mecz. W ko\u0144cu dopi\u0119li swego \u2013 Sebastian Steblecki odebra\u0142 pi\u0142k\u0119 przed polem karnym, min\u0105\u0142 kilku rywali i zagra\u0142 do wracaj\u0105cego po kontuzji Filipa Walusia, kt\u00f3ry pewnym strza\u0142em ustali\u0142 wynik spotkania na 4:2, przypiecz\u0119towuj\u0105c niezwykle cenne zwyci\u0119stwo Warty Pozna\u0144.<\/span><\/p>\n<p><b>Nast\u0119pny mecz Warta Pozna\u0144 r\u00f3wnie\u017c rozegra na wyje\u017adzie. W niedziel\u0119 3 maja o godzinie 14:30 Zieloni zmierz\u0105 si\u0119 z Hutnikiem Krak\u00f3w.<\/b><\/p>\n","protected":false},"excerpt":{"rendered":"<p>Warta Pozna\u0144 pokona\u0142a Olimpi\u0119 Grudzi\u0105dz 4:2 w hicie 29. kolejki Betclic 2 Ligi i wskoczy\u0142a na pozycj\u0119 wicelidera, daj\u0105c\u0105 bezpo\u015bredni&#8230;<\/p>\n","protected":false},"author":36,"featured_media":44591,"comment_status":"closed","ping_status":"closed","sticky":false,"template":"","format":"standard","meta":{"om_disable_all_campaigns":false,"inline_featured_image":false,"footnotes":"","_links_to":"","_links_to_target":""},"categories":[94,100,1],"tags":[],"aioseo_notices":[],"_links":{"self":[{"href":"https:\/\/wartapoznan.pl\/index.php\/wp-json\/wp\/v2\/posts\/44582"}],"collection":[{"href":"https:\/\/wartapoznan.pl\/index.php\/wp-json\/wp\/v2\/posts"}],"about":[{"href":"https:\/\/wartapoznan.pl\/index.php\/wp-json\/wp\/v2\/types\/post"}],"author":[{"embeddable":true,"href":"https:\/\/wartapoznan.pl\/index.php\/wp-json\/wp\/v2\/users\/36"}],"replies":[{"embeddable":true,"href":"https:\/\/wartapoznan.pl\/index.php\/wp-json\/wp\/v2\/comments?post=44582"}],"version-history":[{"count":1,"href":"https:\/\/wartapoznan.pl\/index.php\/wp-json\/wp\/v2\/posts\/44582\/revisions"}],"predecessor-version":[{"id":44593,"href":"https:\/\/wartapoznan.pl\/index.php\/wp-json\/wp\/v2\/posts\/44582\/revisions\/44593"}],"wp:featuredmedia":[{"embeddable":true,"href":"https:\/\/wartapoznan.pl\/index.php\/wp-json\/wp\/v2\/media\/44591"}],"wp:attachment":[{"href":"https:\/\/wartapoznan.pl\/index.php\/wp-json\/wp\/v2\/media?parent=44582"}],"wp:term":[{"taxonomy":"category","embeddable":true,"href":"https:\/\/wartapoznan.pl\/index.php\/wp-json\/wp\/v2\/categories?post=44582"},{"taxonomy":"post_tag","embeddable":true,"href":"https:\/\/wartapoznan.pl\/index.php\/wp-json\/wp\/v2\/tags?post=44582"}],"curies":[{"name":"wp","href":"https:\/\/api.w.org\/{rel}","templated":true}]}}