{"id":44594,"date":"2026-04-27T10:27:26","date_gmt":"2026-04-27T08:27:26","guid":{"rendered":"https:\/\/wartapoznan.pl\/?p=44594"},"modified":"2026-04-27T10:27:26","modified_gmt":"2026-04-27T08:27:26","slug":"wypowiedzi-trenerow-po-meczu-25","status":"publish","type":"post","link":"https:\/\/wartapoznan.pl\/index.php\/2026\/04\/27\/wypowiedzi-trenerow-po-meczu-25\/","title":{"rendered":"Wypowiedzi trener\u00f3w po meczu"},"content":{"rendered":"<h5><b>Wypowiedzi trener\u00f3w po meczu Olimpia Grudzi\u0105dz vs Warta Pozna\u0144 (2:4)<\/b><\/h5>\n<p><b>Asystent trenera Warty Pozna\u0144 J\u0119drzej \u0141\u0105giewka:<\/b><\/p>\n<p><i><span style=\"font-weight: 400;\">Przede wszystkim ogromne gratulacje dla ca\u0142ej naszej dru\u017cyny \u2013 zawodnik\u00f3w, sztabu, os\u00f3b zarz\u0105dzaj\u0105cych, ale r\u00f3wnie\u017c kibic\u00f3w, kt\u00f3rych wsparcie by\u0142o dzisiaj odczuwalne, mimo oficjalnych ogranicze\u0144.<\/span><\/i><\/p>\n<p><i><span style=\"font-weight: 400;\">Mo\u017ce mniej b\u0119d\u0119 m\u00f3wi\u0142 o aspektach taktycznych, bo to by\u0142 mecz bardzo emocjonuj\u0105cy i to w\u0142a\u015bnie cechy wolicjonalne mia\u0142y dzi\u015b wi\u0119ksze znaczenie ni\u017c sam plan czy niuanse taktyczne.<\/span><\/i><\/p>\n<p><i><span style=\"font-weight: 400;\">Tym bardziej nale\u017c\u0105 si\u0119 du\u017ce uk\u0142ony dla zawodnik\u00f3w, bo to nie by\u0142o \u0142atwe spotkanie ze wzgl\u0119du na jako\u015b\u0107 Olimpii. Nie przypominam sobie, by kto\u015b strzeli\u0142 tutaj cztery bramki, a nawet wygra\u0142 mecz w ostatnim czasie.<\/span><\/i><\/p>\n<p><i><span style=\"font-weight: 400;\">Dzi\u015b jest moment na rado\u015b\u0107, bo to zwyci\u0119stwo jest w pe\u0142ni zas\u0142u\u017cone, ale patrzymy ju\u017c dalej \u2013 przed nami jeszcze pi\u0119\u0107 spotka\u0144 i od kolejnego tygodnia wracamy do pracy, skupiaj\u0105c si\u0119 na meczu z Hutnikiem Krak\u00f3w.<\/span><\/i><\/p>\n<p><strong>Trener Olimpii Grudzi\u0105dz Artur Kosznicki:<\/strong><\/p>\n<p><i><span style=\"font-weight: 400;\">My\u015bl\u0119, \u017ce to nie by\u0142 z\u0142y mecz w naszym wykonaniu, cho\u0107 wynik pokazuje co innego. Mieli\u015bmy sporo moment\u00f3w, w kt\u00f3rych prezentowali\u015bmy si\u0119 dobrze, natomiast na ko\u0144cowy rezultat wp\u0142yn\u0119\u0142y b\u0142\u0119dy indywidualne, kt\u00f3re na przestrzeni sezonu zdarzaj\u0105 nam si\u0119 bardzo rzadko. Dzi\u015b niestety si\u0119 skumulowa\u0142y.<\/span><\/i><\/p>\n<p><i><span style=\"font-weight: 400;\">W mecz weszli\u015bmy dobrze \u2013 mieli\u015bmy wi\u0119ksze posiadanie pi\u0142ki i inicjatyw\u0119. Wiemy, co mogli\u015bmy zrobi\u0107 lepiej, ale nie zamierzam te\u017c ukrywa\u0107, \u017ce boisko nam dzi\u015b nie pomaga\u0142o. Oczywi\u015bcie warunki by\u0142y takie same dla obu zespo\u0142\u00f3w, natomiast nasz styl gry opiera si\u0119 na operowaniu pi\u0142k\u0105 po ziemi i tutaj mieli\u015bmy utrudnione zadanie.<\/span><\/i><\/p>\n<p><i><span style=\"font-weight: 400;\">To jest kwestia, kt\u00f3r\u0105 uwa\u017cam, \u017ce nale\u017cy poprawi\u0107, bo potrzeby zawodnik\u00f3w powinny by\u0107 w tym aspekcie bardziej uwzgl\u0119dniane. Natomiast niezale\u017cnie od tego ch\u0142opacy pokazali du\u017c\u0105 ch\u0119\u0107 zwyci\u0119stwa i zaanga\u017cowanie, a sam pomys\u0142 na mecz nie by\u0142 z\u0142y.<\/span><\/i><\/p>\n<p><i><span style=\"font-weight: 400;\">Z perspektywy ca\u0142ego spotkania uwa\u017cam, \u017ce mog\u0142o si\u0119 ono potoczy\u0107 inaczej. Bardzo tego \u017ca\u0142ujemy, ale sezon jeszcze trwa i przed nami kilka kolejek. Mamy dobry zesp\u00f3\u0142 i mimo tej pora\u017cki z optymizmem patrzymy na ko\u0144c\u00f3wk\u0119 rozgrywek. Warta ma teraz nad nami przewag\u0119, ale wierzymy, \u017ce jeste\u015bmy w stanie j\u0105 odrobi\u0107 i zako\u0144czy\u0107 sezon z satysfakcj\u0105.<\/span><\/i><\/p>\n<p class=\"tE7R7 indIKd q23Yce fA1vYb pb3iw\">\n","protected":false},"excerpt":{"rendered":"<p>Wypowiedzi trener\u00f3w po meczu Olimpia Grudzi\u0105dz vs Warta Pozna\u0144 (2:4) Asystent trenera Warty Pozna\u0144 J\u0119drzej \u0141\u0105giewka: Przede wszystkim ogromne gratulacje&#8230;<\/p>\n","protected":false},"author":36,"featured_media":44597,"comment_status":"closed","ping_status":"closed","sticky":false,"template":"","format":"standard","meta":{"om_disable_all_campaigns":false,"inline_featured_image":false,"footnotes":"","_links_to":"","_links_to_target":""},"categories":[94,100,1],"tags":[],"aioseo_notices":[],"_links":{"self":[{"href":"https:\/\/wartapoznan.pl\/index.php\/wp-json\/wp\/v2\/posts\/44594"}],"collection":[{"href":"https:\/\/wartapoznan.pl\/index.php\/wp-json\/wp\/v2\/posts"}],"about":[{"href":"https:\/\/wartapoznan.pl\/index.php\/wp-json\/wp\/v2\/types\/post"}],"author":[{"embeddable":true,"href":"https:\/\/wartapoznan.pl\/index.php\/wp-json\/wp\/v2\/users\/36"}],"replies":[{"embeddable":true,"href":"https:\/\/wartapoznan.pl\/index.php\/wp-json\/wp\/v2\/comments?post=44594"}],"version-history":[{"count":3,"href":"https:\/\/wartapoznan.pl\/index.php\/wp-json\/wp\/v2\/posts\/44594\/revisions"}],"predecessor-version":[{"id":44599,"href":"https:\/\/wartapoznan.pl\/index.php\/wp-json\/wp\/v2\/posts\/44594\/revisions\/44599"}],"wp:featuredmedia":[{"embeddable":true,"href":"https:\/\/wartapoznan.pl\/index.php\/wp-json\/wp\/v2\/media\/44597"}],"wp:attachment":[{"href":"https:\/\/wartapoznan.pl\/index.php\/wp-json\/wp\/v2\/media?parent=44594"}],"wp:term":[{"taxonomy":"category","embeddable":true,"href":"https:\/\/wartapoznan.pl\/index.php\/wp-json\/wp\/v2\/categories?post=44594"},{"taxonomy":"post_tag","embeddable":true,"href":"https:\/\/wartapoznan.pl\/index.php\/wp-json\/wp\/v2\/tags?post=44594"}],"curies":[{"name":"wp","href":"https:\/\/api.w.org\/{rel}","templated":true}]}}