{"id":44606,"date":"2026-04-27T18:59:28","date_gmt":"2026-04-27T16:59:28","guid":{"rendered":"https:\/\/wartapoznan.pl\/?p=44606"},"modified":"2026-04-27T19:12:52","modified_gmt":"2026-04-27T17:12:52","slug":"44606","status":"publish","type":"post","link":"https:\/\/wartapoznan.pl\/index.php\/2026\/04\/27\/44606\/","title":{"rendered":"Warta Pozna\u0144 do\u0142\u0105cza do akcji charytatywnej \u0141atwoganga"},"content":{"rendered":"<p><b>Warta Pozna\u0144 do\u0142\u0105cza do wyj\u0105tkowej akcji charytatywnej zainicjowanej przez \u0141atwoganga, kt\u00f3rej celem jest wsparcie podopiecznych Fundacji Cancer Fighters \u2013 os\u00f3b walcz\u0105cych z chorobami nowotworowymi.<\/b><\/p>\n<p><span style=\"font-weight: 400;\">Z tej okazji przekazujemy na licytacj\u0119:<\/span><\/p>\n<p><span style=\"font-weight: 400;\">Podw\u00f3jne bilety VIP na wybrany mecz do ko\u0144ca sezonu,<\/span><\/p>\n<p><span style=\"font-weight: 400;\">A po jego zako\u0144czeniu \u2013 koszulk\u0119 meczow\u0105 z autografem Filipa Jakubowskiego, kt\u00f3ry w ge\u015bcie solidarno\u015bci z podopiecznymi fundacji ogoli\u0142 si\u0119 na \u0142yso\u00a0<\/span><\/p>\n<p><span style=\"font-weight: 400;\">Licytacja trwa pod postem na Facebooku do pi\u0105tku, 24 kwietnia, do godziny 23:59.<\/span><\/p>\n<p><span style=\"font-weight: 400;\">Link do posta na portalu Facebook: https:\/\/www.facebook.com\/share\/p\/1EK4dt7cmE\/<\/span><\/p>\n<p><span style=\"font-weight: 400;\">Zach\u0119camy r\u00f3wnie\u017c do bezpo\u015bredniego wsparcia zbi\u00f3rki:<\/span><span style=\"font-weight: 400;\"><br \/>\n<\/span><a href=\"https:\/\/www.siepomaga.pl\/latwogang\"> <span style=\"font-weight: 400;\">https:\/\/www.siepomaga.pl\/latwogang<\/span><\/a><\/p>\n<p><span style=\"font-weight: 400;\">Ka\u017cda wp\u0142ata ma znaczenie. Razem mo\u017cemy zrobi\u0107 co\u015b naprawd\u0119 dobrego \ud83d\udc9a<\/span><\/p>\n","protected":false},"excerpt":{"rendered":"<p>Warta Pozna\u0144 do\u0142\u0105cza do wyj\u0105tkowej akcji charytatywnej zainicjowanej przez \u0141atwoganga, kt\u00f3rej celem jest wsparcie podopiecznych Fundacji Cancer Fighters \u2013 os\u00f3b&#8230;<\/p>\n","protected":false},"author":36,"featured_media":44609,"comment_status":"closed","ping_status":"closed","sticky":false,"template":"","format":"standard","meta":{"om_disable_all_campaigns":false,"inline_featured_image":false,"footnotes":"","_links_to":"","_links_to_target":""},"categories":[94,1],"tags":[],"aioseo_notices":[],"_links":{"self":[{"href":"https:\/\/wartapoznan.pl\/index.php\/wp-json\/wp\/v2\/posts\/44606"}],"collection":[{"href":"https:\/\/wartapoznan.pl\/index.php\/wp-json\/wp\/v2\/posts"}],"about":[{"href":"https:\/\/wartapoznan.pl\/index.php\/wp-json\/wp\/v2\/types\/post"}],"author":[{"embeddable":true,"href":"https:\/\/wartapoznan.pl\/index.php\/wp-json\/wp\/v2\/users\/36"}],"replies":[{"embeddable":true,"href":"https:\/\/wartapoznan.pl\/index.php\/wp-json\/wp\/v2\/comments?post=44606"}],"version-history":[{"count":3,"href":"https:\/\/wartapoznan.pl\/index.php\/wp-json\/wp\/v2\/posts\/44606\/revisions"}],"predecessor-version":[{"id":44613,"href":"https:\/\/wartapoznan.pl\/index.php\/wp-json\/wp\/v2\/posts\/44606\/revisions\/44613"}],"wp:featuredmedia":[{"embeddable":true,"href":"https:\/\/wartapoznan.pl\/index.php\/wp-json\/wp\/v2\/media\/44609"}],"wp:attachment":[{"href":"https:\/\/wartapoznan.pl\/index.php\/wp-json\/wp\/v2\/media?parent=44606"}],"wp:term":[{"taxonomy":"category","embeddable":true,"href":"https:\/\/wartapoznan.pl\/index.php\/wp-json\/wp\/v2\/categories?post=44606"},{"taxonomy":"post_tag","embeddable":true,"href":"https:\/\/wartapoznan.pl\/index.php\/wp-json\/wp\/v2\/tags?post=44606"}],"curies":[{"name":"wp","href":"https:\/\/api.w.org\/{rel}","templated":true}]}}