{"id":44617,"date":"2026-04-29T14:00:03","date_gmt":"2026-04-29T12:00:03","guid":{"rendered":"https:\/\/wartapoznan.pl\/?p=44617"},"modified":"2026-04-29T13:17:41","modified_gmt":"2026-04-29T11:17:41","slug":"palarnia-kawy-odija-kontynuuje-wspolprace-z-warta-poznan","status":"publish","type":"post","link":"https:\/\/wartapoznan.pl\/index.php\/2026\/04\/29\/palarnia-kawy-odija-kontynuuje-wspolprace-z-warta-poznan\/","title":{"rendered":"Palarnia kawy Odija kontynuuje wsp\u00f3\u0142prac\u0119 z Warta Pozna\u0144!"},"content":{"rendered":"<p><strong>Palarnia kawy Odija kontynuuje wsp\u00f3\u0142prac\u0119 z Wart\u0105 Pozna\u0144, umacniaj\u0105c lokalne partnerstwo oparte na jako\u015bci, zaufaniu i przywi\u0105zaniu do Poznania oraz jego okolic.<\/strong><\/p>\n<p>Palarnia kawy Odija to lokalna marka z podpozna\u0144skich Wir, dzia\u0142aj\u0105ca od 2016 roku, zajmuj\u0105ca si\u0119 wypalaniem kawy wysokiej jako\u015bci. Firma daje swoim klientom mo\u017cliwo\u015b\u0107 komponowania w\u0142asnych mieszanek z wyselekcjonowanych ziaren od sprawdzonych importer\u00f3w z r\u00f3\u017cnych cz\u0119\u015bci \u015bwiata, przy jednoczesnym zachowaniu pe\u0142nej produkcji nieopodal Poznania. To w\u0142a\u015bnie ten lokalny charakter i zami\u0142owanie do kawy stanowi\u0105 fundament dzia\u0142alno\u015bci palarni.<\/p>\n<p>Za firm\u0105 stoi Leszek Odija, kt\u00f3ry od lat konsekwentnie buduje palarni\u0119 w oparciu o selekcj\u0119 ziaren, precyzj\u0119 wypa\u0142u i dba\u0142o\u015b\u0107 o smak.<\/p>\n<p>Efektem wsp\u00f3\u0142pracy jest m.in. kawa \u201eWarciarz\u201d \u2013 mieszanka przygotowana z my\u015bl\u0105 o kibicach Warty Pozna\u0144, \u0142\u0105cz\u0105ca lokalny charakter z codziennym rytua\u0142em picia kawy.<\/p>\n<p>Kaw\u0119 mo\u017cna zam\u00f3wi\u0107 pod tym linkiem: https:\/\/sklep.unoespresso.pl\/produkt\/kawa\/opakowanie-kawy\/kawa-250g\/kawa-odija-warciarz-ziarno-250g<\/p>\n<p>\u2013 W Klubie Biznesu Warty Pozna\u0144 czujemy si\u0119 w\u015br\u00f3d swoich. To miejsce, gdzie lokalni przedsi\u0119biorcy z przer\u00f3\u017cnych bran\u017c mog\u0105 wymienia\u0107 si\u0119 do\u015bwiadczeniami i wzajemnie si\u0119 wspiera\u0107. Warta tworzy znakomit\u0105 atmosfer\u0119, bez napinki, ale z konsekwentnym d\u0105\u017ceniem do celu \u2013 m\u00f3wi Leszek Odija, w\u0142a\u015bciciel Palarni Kawy Odija.<\/p>\n<p>\u2013 Wsp\u00f3\u0142praca z lokalnym partnerem, kt\u00f3ry stawia na jako\u015b\u0107 i autentyczno\u015b\u0107, ma dla nas du\u017ce znaczenie. To ju\u017c pi\u0105ty sezon wsp\u00f3lnego dzia\u0142ania, opartego na zaufaniu i wsp\u00f3lnych warto\u015bciach, kt\u00f3re s\u0105 bliskie zar\u00f3wno klubowi, jak i marce Odija \u2013 podkre\u015bla Mi\u0142osz \u0141ondka, Manager Warty Pozna\u0144.<\/p>\n<p>Wsp\u00f3\u0142praca obu stron to przyk\u0142ad, jak lokalno\u015b\u0107 mo\u017ce i\u015b\u0107 w parze z jako\u015bci\u0105 i nowoczesnym podej\u015bciem do produktu.<\/p>\n<p><img loading=\"lazy\" decoding=\"async\" width=\"2560\" height=\"1707\" class=\"alignnone size-full wp-image-44618\" src=\"https:\/\/wartapoznan.pl\/wp-content\/uploads\/2026\/04\/Leszek-Odija-8.jpg-scaled.jpeg\" alt=\"\" srcset=\"https:\/\/wartapoznan.pl\/wp-content\/uploads\/2026\/04\/Leszek-Odija-8.jpg-scaled.jpeg 2560w, https:\/\/wartapoznan.pl\/wp-content\/uploads\/2026\/04\/Leszek-Odija-8.jpg-1536x1024.jpeg 1536w, https:\/\/wartapoznan.pl\/wp-content\/uploads\/2026\/04\/Leszek-Odija-8.jpg-2048x1365.jpeg 2048w, https:\/\/wartapoznan.pl\/wp-content\/uploads\/2026\/04\/Leszek-Odija-8.jpg-300x200.jpeg 300w, https:\/\/wartapoznan.pl\/wp-content\/uploads\/2026\/04\/Leszek-Odija-8.jpg-128x85.jpeg 128w, https:\/\/wartapoznan.pl\/wp-content\/uploads\/2026\/04\/Leszek-Odija-8.jpg-32x21.jpeg 32w\" sizes=\"(max-width: 2560px) 100vw, 2560px\" \/><\/p>\n","protected":false},"excerpt":{"rendered":"<p>Palarnia kawy Odija kontynuuje wsp\u00f3\u0142prac\u0119 z Wart\u0105 Pozna\u0144, umacniaj\u0105c lokalne partnerstwo oparte na jako\u015bci, zaufaniu i przywi\u0105zaniu do Poznania oraz&#8230;<\/p>\n","protected":false},"author":36,"featured_media":44620,"comment_status":"closed","ping_status":"closed","sticky":false,"template":"","format":"standard","meta":{"om_disable_all_campaigns":false,"inline_featured_image":false,"footnotes":"","_links_to":"","_links_to_target":""},"categories":[94,1],"tags":[],"aioseo_notices":[],"_links":{"self":[{"href":"https:\/\/wartapoznan.pl\/index.php\/wp-json\/wp\/v2\/posts\/44617"}],"collection":[{"href":"https:\/\/wartapoznan.pl\/index.php\/wp-json\/wp\/v2\/posts"}],"about":[{"href":"https:\/\/wartapoznan.pl\/index.php\/wp-json\/wp\/v2\/types\/post"}],"author":[{"embeddable":true,"href":"https:\/\/wartapoznan.pl\/index.php\/wp-json\/wp\/v2\/users\/36"}],"replies":[{"embeddable":true,"href":"https:\/\/wartapoznan.pl\/index.php\/wp-json\/wp\/v2\/comments?post=44617"}],"version-history":[{"count":1,"href":"https:\/\/wartapoznan.pl\/index.php\/wp-json\/wp\/v2\/posts\/44617\/revisions"}],"predecessor-version":[{"id":44622,"href":"https:\/\/wartapoznan.pl\/index.php\/wp-json\/wp\/v2\/posts\/44617\/revisions\/44622"}],"wp:featuredmedia":[{"embeddable":true,"href":"https:\/\/wartapoznan.pl\/index.php\/wp-json\/wp\/v2\/media\/44620"}],"wp:attachment":[{"href":"https:\/\/wartapoznan.pl\/index.php\/wp-json\/wp\/v2\/media?parent=44617"}],"wp:term":[{"taxonomy":"category","embeddable":true,"href":"https:\/\/wartapoznan.pl\/index.php\/wp-json\/wp\/v2\/categories?post=44617"},{"taxonomy":"post_tag","embeddable":true,"href":"https:\/\/wartapoznan.pl\/index.php\/wp-json\/wp\/v2\/tags?post=44617"}],"curies":[{"name":"wp","href":"https:\/\/api.w.org\/{rel}","templated":true}]}}