{"id":44624,"date":"2026-04-30T17:12:32","date_gmt":"2026-04-30T15:12:32","guid":{"rendered":"https:\/\/wartapoznan.pl\/?p=44624"},"modified":"2026-04-30T17:12:32","modified_gmt":"2026-04-30T15:12:32","slug":"jest-zgoda-na-korzystanie-z-zielonej-trybuny-na-stadionie-warty-poznan","status":"publish","type":"post","link":"https:\/\/wartapoznan.pl\/index.php\/2026\/04\/30\/jest-zgoda-na-korzystanie-z-zielonej-trybuny-na-stadionie-warty-poznan\/","title":{"rendered":"Jest zgoda na korzystanie z Zielonej Trybuny na stadionie Warty Pozna\u0144."},"content":{"rendered":"<p><b>Jest zgoda na korzystanie z Zielonej Trybuny na stadionie Warty Pozna\u0144.<\/b><b><br \/>\n<\/b><b>Kibice b\u0119d\u0105 mogli skorzysta\u0107 z niej ju\u017c 10 maja.<\/b><\/p>\n<p><b>Warta Pozna\u0144 w ko\u0144cu mo\u017ce otworzy\u0107 Zielon\u0105 Trybun\u0119, kt\u00f3ra zosta\u0142a ufundowana ze sk\u0142adek kibic\u00f3w. Urz\u0105d Miasta wyda\u0142 zgod\u0119 na organizacj\u0119 imprezy masowej w czasie meczu Warty Pozna\u0144 z Sandecj\u0105 Nowy S\u0105cz w dniu 10 maja br. To oznacza, \u017ce mecz na \u017cywo b\u0119dzie mog\u0142o obejrze\u0107 1700 os\u00f3b.<\/b><\/p>\n<p><span style=\"font-weight: 400;\">Zielona Trybuna zosta\u0142a zbudowana przy drodze D\u0119bi\u0144skiej 12 ju\u017c na pocz\u0105tku kwietnia, jednak trwa\u0142y formalno\u015bci konieczne, by wpu\u015bci\u0107 na ni\u0105 kibic\u00f3w. Pozytywne opinie na jej temat wyda\u0142y wojew\u00f3dzka stacja pogotowia ratunkowego, komendant miejski stra\u017cy po\u017carnej, komendant miejski policji, stra\u017c po\u017carna oraz Pa\u0144stwowy Powiatowy Inspektor Sanitarny, a ostatecznie na tej podstawie mo\u017cliwo\u015b\u0107 organizacji imprezy masowej zatwierdzi\u0142 Urz\u0105d Miasta Poznania.<br \/>\nZgoda obejmuje wszystkie mecze w &#8222;Ogr\u00f3dku&#8221; w tym sezonie.\u00a0<\/span><\/p>\n<p><span style=\"font-weight: 400;\">&#8222;Zielona \u015bwiat\u0142o&#8221; od UMP oznacza, \u017ce w niedziel\u0119 10 maja na mecz 31. kolejki Betclic 2 Ligi z Sandecj\u0105 Nowy S\u0105cz na now\u0105 trybun\u0119 b\u0119d\u0105 ju\u017c mogli wej\u015b\u0107 kibice, a pojemno\u015b\u0107 stadionu zwi\u0119kszy si\u0119 do blisko 1800 miejsc. Dzi\u015b, punktualnie o godzinie 19:12, rozpocznie si\u0119 sprzeda\u017c miejsc na ten mecz. Potrwa do wyczerpania miejsc.<\/span><\/p>\n<p><span style=\"font-weight: 400;\"><em>To wielki dzie\u0144 dla naszej Zielonej Rodziny. Wzi\u0119li\u015bmy sprawy w swoje r\u0119ce i co\u015b, co wydawa\u0142o si\u0119 naiwnym \u017cyczeniem, dzi\u015b staje si\u0119 rzeczywisto\u015bci\u0105. My\u015bl\u0119, \u017ce ka\u017cdy, kto w jaki\u015b spos\u00f3b wspom\u00f3g\u0142 nasz\u0105 akcj\u0119, mo\u017ce czu\u0107 si\u0119 dumn\u0105 cz\u0119\u015bci\u0105 tej pi\u0119knej historii. Bardzo dzi\u0119kuj\u0119 wszystkim darczy\u0144com: zar\u00f3wno prywatnym osobom, jak i organizacjom za tak wspania\u0142\u0105 odpowied\u017a na nasze wezwanie. Ponad 2000 wp\u0142at, ponad 350 tysi\u0119cy\u2026 to robi wra\u017cenie<\/em> \u2013 m\u00f3wi Artur Meissner, prezes Warty Pozna\u0144. \u2013 T<em>en sezon pod wzgl\u0119dem wyzwa\u0144 jest dla nas wyj\u0105tkowy. Krok po kroku rozwi\u0105zujemy problemy, kt\u00f3re blokowa\u0142y nasz rozw\u00f3j. Najwa\u017cniejszy to powr\u00f3t na dobre do Poznania, a nowa trybuna jest kolejnym krokiem na tej drodze. Mam nadziej\u0119, \u017ce to przekonuje wszystkich, kt\u00f3rzy jeszcze maj\u0105 w\u0105tpliwo\u015bci \u2013 nigdzie si\u0119 ju\u017c st\u0105d nie ruszymy.<\/em><\/span><\/p>\n<p><span style=\"font-weight: 400;\">Zielona Trybuna zosta\u0142a w ca\u0142o\u015bci sfinansowana z pieni\u0119dzy pochodz\u0105cych ze zbi\u00f3rki, kt\u00f3r\u0105 klub rozpocz\u0105\u0142 w listopadzie 2026 roku. Datki wp\u0142ywa\u0142y od kibic\u00f3w z Poznania, ale tak\u017ce od sympatyk\u00f3w innych klub\u00f3w, kibic\u00f3w za granic\u0105 oraz wielu firm. Trybuna uzupe\u0142ni\u0142a podstawow\u0105 infrastruktur\u0119, kt\u00f3ra zosta\u0142a przy Drodze D\u0119bi\u0144skiej sfinansowana przez w\u0142a\u015bciciela klubu Bart\u0142omieja Farjaszewskiego i jego firm\u0119 Tedgifted (st\u0105d nazwa stadionu:Ogr\u00f3dek by Tedgifted).<\/span><\/p>\n<p><span style=\"font-weight: 400;\">Z okazji inauguracji nowej trybuny klub przewidzia\u0142 wiele atrakcji na mecz 10 maja, o kt\u00f3rym\u00a0 b\u0119dziemy informowali na bie\u017c\u0105co.<br \/>\n<\/span><\/p>\n<p><span style=\"font-weight: 400;\">*zdj\u0119cia Pawe\u0142 Rosolski<\/span><\/p>\n","protected":false},"excerpt":{"rendered":"<p>Jest zgoda na korzystanie z Zielonej Trybuny na stadionie Warty Pozna\u0144. Kibice b\u0119d\u0105 mogli skorzysta\u0107 z niej ju\u017c 10 maja&#8230;.<\/p>\n","protected":false},"author":36,"featured_media":44625,"comment_status":"closed","ping_status":"closed","sticky":false,"template":"","format":"standard","meta":{"om_disable_all_campaigns":false,"inline_featured_image":false,"footnotes":"","_links_to":"","_links_to_target":""},"categories":[1],"tags":[],"aioseo_notices":[],"_links":{"self":[{"href":"https:\/\/wartapoznan.pl\/index.php\/wp-json\/wp\/v2\/posts\/44624"}],"collection":[{"href":"https:\/\/wartapoznan.pl\/index.php\/wp-json\/wp\/v2\/posts"}],"about":[{"href":"https:\/\/wartapoznan.pl\/index.php\/wp-json\/wp\/v2\/types\/post"}],"author":[{"embeddable":true,"href":"https:\/\/wartapoznan.pl\/index.php\/wp-json\/wp\/v2\/users\/36"}],"replies":[{"embeddable":true,"href":"https:\/\/wartapoznan.pl\/index.php\/wp-json\/wp\/v2\/comments?post=44624"}],"version-history":[{"count":1,"href":"https:\/\/wartapoznan.pl\/index.php\/wp-json\/wp\/v2\/posts\/44624\/revisions"}],"predecessor-version":[{"id":44627,"href":"https:\/\/wartapoznan.pl\/index.php\/wp-json\/wp\/v2\/posts\/44624\/revisions\/44627"}],"wp:featuredmedia":[{"embeddable":true,"href":"https:\/\/wartapoznan.pl\/index.php\/wp-json\/wp\/v2\/media\/44625"}],"wp:attachment":[{"href":"https:\/\/wartapoznan.pl\/index.php\/wp-json\/wp\/v2\/media?parent=44624"}],"wp:term":[{"taxonomy":"category","embeddable":true,"href":"https:\/\/wartapoznan.pl\/index.php\/wp-json\/wp\/v2\/categories?post=44624"},{"taxonomy":"post_tag","embeddable":true,"href":"https:\/\/wartapoznan.pl\/index.php\/wp-json\/wp\/v2\/tags?post=44624"}],"curies":[{"name":"wp","href":"https:\/\/api.w.org\/{rel}","templated":true}]}}