{"id":4468,"date":"2021-10-26T18:00:45","date_gmt":"2021-10-26T16:00:45","guid":{"rendered":"http:\/\/akademia.wartapoznan.pl\/?p=4468"},"modified":"2022-05-19T12:32:47","modified_gmt":"2022-05-19T10:32:47","slug":"podsumowanie-kolejki-ligowej-23-24-pazdziernika","status":"publish","type":"post","link":"https:\/\/wartapoznan.pl\/index.php\/2021\/10\/26\/podsumowanie-kolejki-ligowej-23-24-pazdziernika\/","title":{"rendered":"Podsumowanie kolejki ligowej (23-24 pa\u017adziernika)"},"content":{"rendered":"<div>\n<p>Poza juniorami starszymi, wszystkie zespo\u0142y odnios\u0142y zwyci\u0119stwa i dopisa\u0142y sobie kolejne punkty. Szczeg\u00f3lne gratulacje nale\u017c\u0105 si\u0119 dru\u017cynie m\u0142odziczek, kt\u00f3ra awansowa\u0142a do turnieju strefowego Mistrzostw Polski U-13.<\/p>\n<\/div>\n<div>\n<p><strong>M\u0141ODZICZKI (D1 \u2013 2009-2011)<\/strong><br \/>\n<strong>5. kolejka Ligi Wojew\u00f3dzkiej D1: Warta Pozna\u0144 \u2013 UAM Pozna\u0144 4:1 (2:1)<\/strong><br \/>\n<strong>Bramki:<\/strong> Biskupska (22\u2019, 27\u2019), Pietro\u0144 (46\u2019), Otr\u0119bska ( 38\u2019)<br \/>\n<b>Sk\u0142ad:<\/b> Alicja Kowal &#8211; Zofia Biskupska, Antonina Przygocka, Aleksandra Ma\u0142aczy\u0144ska, Amelia Leporowska, Gabriela Jakubczak, Oliwia Pietro\u0144, Liliana G\u0142owi\u0144ska<br \/>\n<b>Grali tak\u017ce:<\/b> Liliana Ruminiecka, Zuzanna Szulczyk, Agata Pluci\u0144ska<\/p>\n<\/div>\n<div>\n<p><strong>JUNIORZY STARSI (A1 \u2013 2003\/04)<\/strong><br \/>\n<strong>11. kolejka Centralnej Ligi Junior\u00f3w U-18: Warta Pozna\u0144 \u2013 Polonia Warszawa 1:2 (1:0)<br \/>\n<b>Bramki<\/b>: <\/strong>Siedlecki (4&#8242;)<br \/>\n<b>Sk\u0142ad<\/b>: Leo Przybylak &#8211; Jakub Pachnik (85&#8242; Mi\u0142osz Gawecki), Albert \u017berkowski, Aleksander Kultys, Oliwier Jaku\u0107 &#8211; Szymon Michalski (75&#8242; Oliwier Dobosz), Aleksander Kluczy\u0144ski, Miko\u0142aj Stangel &#8211; Jakub N\u0119cka (75&#8242; Dominik Konopacki), Kacper Osajda (82&#8242; Jakub Bylina) , Bruno Siedlecki<\/p>\n<p><strong>JUNIORZY M\u0141ODSI (B1 &#8211; 2005\/06)<\/strong><br \/>\n<strong>10. kolejka Centralnej Ligi Junior\u00f3w U-17: Warta Pozna\u0144 &#8211; Chemik Bydgoszcz 4:1 (0:0)<\/strong><br \/>\n<strong>Bramki:<\/strong> Gamalczyk (75&#8242;), Falbierski (80&#8242;), Walczak (84&#8242;), Dolata (90&#8217;+5)<br \/>\n<strong>Sk\u0142ad:<\/strong> Bartosz Dubel &#8211; Micha\u0142 Walczak (85&#8242; Oliwier Paw\u0142owski), Bartosz Urbaniak, Szymon Rola (57&#8242; Daniel Jasi\u0144ski), Jakub Wajman, Bartosz Pituch, Micha\u0142 Piechnicki, Alan Adamowicz (55&#8242; Wiktor Weso\u0142ek), Bartosz Flis (68&#8242; Kacper Adamczyk), Bartosz Sass (17&#8242; Micha\u0142 Gamalczyk), Bartosz Falbierski (85&#8242; Jan Dolata)<\/p>\n<\/div>\n<div>\n<p><strong>JUNIORZY M\u0141ODSI (B2 \u2013 2006\/05)<\/strong><br \/>\n<strong>11. kolejka Ligi Wojew\u00f3dzkiej A1: KP Pi\u0142a \u2013 Warta Pozna\u0144 0:1 (0:0)<br \/>\nBramki:\u00a0<\/strong>Zimny (55&#8242;)<br \/>\n<b>Sk\u0142ad<\/b>: Marcin Stachowiak (46&#8242; Piotr Kruk) \u2013 Mateusz Lechowicz, Dawid Wr\u00f3bel, Dawid Szpakowski, Filip Pinkowski, Jan Strakowski (55&#8242; Kacper Krzy\u017canowski), Maciej Owczarek (72&#8242; Wojciech Karasiewicz), Aleks Jechura (65&#8242; Samuel Wojciechowski)-<span class=\"Apple-converted-space\">\u00a0 <\/span>Robert Urbaniak (55&#8242; Miko\u0142aj Bartoszewicz), B\u0142a\u017cej Krzywicki (85&#8242; Oskar Popielski), Jakub Zimny (85&#8242; Antoni Rumak)<\/p>\n<\/div>\n<div>\n<p><strong>TRAMPKARZE (C1 \u2013 2007)<\/strong><br \/>\n<strong>11. kolejka Ligi Wojew\u00f3dzkiej C1: Warta Pozna\u0144 \u2013 Calcio W\u0105growiec 5:0 (3:0)<\/strong><br \/>\n<strong>Bramki:<\/strong> Kurowski (12\u2019), Ganowski (35\u2019, 39\u2019), Rze\u017anik (60\u2019), Zieli\u0144ski (68\u2019)<br \/>\n<strong>Sk\u0142ad:<\/strong>\u00a0Olaf Bleja &#8211; \u00a0Milan Wojtaszek, Antoni Roth, Tomasz Zieli\u0144ski, Adrian Budych, Ksawery Majsner, \u0141ukasz Bryja, Jakub Ganowski, Marcel Kurowski, Filip Malchrowicz, Jakub Szalaty<br \/>\n<b>Grali tak\u017ce:<\/b> Pawe\u0142 Ratajczak, Micha\u0142 Fornalik, Stanis\u0142aw Rze\u017anik, Eryk Schade<\/p>\n<\/div>\n<div>\n<p><strong>TRAMPKARZE (C2 \u2013 2008)<\/strong><br \/>\n<strong>10. kolejka Ligi Wojew\u00f3dzkiej C2: AP Reissa Pozna\u0144 \u2013 Warta Pozna\u0144 3:5 (1:5)<\/strong><br \/>\n<strong>Bramki:<\/strong> Koz\u0142owski (5\u2019), Koz\u0142owski (12\u2019), Koz\u0142owski (21\u2019), Hanuszczak (27\u2019), Kaszkowiak (35\u2019)<br \/>\n<strong>Sk\u0142ad:<\/strong> Bartosz Piechowiak \u2013 Mateusz Wo\u017aniak, Rafa\u0142 Tomczak, Wiktor M\u0105czkowski, Wojciech Bereszy\u0144ski, Bartosz Kubiak, Wojciech Kaszkowiak, J\u0119drzej Hanuszczak , Wojciech Golak, Dawid Gacki, Oliwier Koz\u0142owski<br \/>\n<strong>Grali tak\u017ce:<\/strong> Hubert Buli\u0144ski, Bartosz Antkowiak, Maksymilian Nowaczyk, Kacper Czy\u017c,<span class=\"Apple-converted-space\">\u00a0<\/span>\u00a0Szymon Dudka, Jakub Jarz\u0119bowski, Alex Rogoziecki<\/p>\n<\/div>\n<div>\n<p><strong>M\u0141ODZICY (D1 \u2013 2009)<\/strong><span class=\"apple-converted-space\"><b>\u00a0<\/b><\/span><br \/>\n<strong>11. kolejka I Ligi Wojew\u00f3dzkiej D1: AP Reissa II Pozna\u0144 \u2013 Warta Pozna\u0144 0:2<\/strong><br \/>\n<strong>Bramki:<\/strong>\u00a0Zieli\u0144ski (20&#8242;), K\u0119dziora (45&#8242;)<br \/>\n<strong>Sk\u0142ad:<\/strong> Kornel Marcinkowski &#8211; Benjamin Wa\u0142uszko, Kacper Wybieralski, Szymon Krawczyk, Jan Marszewski, Patryk Szuba, Igor Smoli\u0144ski, Nikodem Zieli\u0144ski, Natan K\u0119dziora<br \/>\n<strong>Grali tak\u017ce: <\/strong>Wojciech Remisz, Mateusz Morkis, Kryspin Klorek, Marcel Walkowiak, Mateusz Marcinkowski, Jakub Lewandowski<\/p>\n<\/div>\n","protected":false},"excerpt":{"rendered":"<p>Poza juniorami starszymi, wszystkie zespo\u0142y odnios\u0142y zwyci\u0119stwa i dopisa\u0142y sobie kolejne punkty. Szczeg\u00f3lne gratulacje nale\u017c\u0105 si\u0119 dru\u017cynie m\u0142odziczek, kt\u00f3ra awansowa\u0142a&#8230;<\/p>\n","protected":false},"author":36,"featured_media":19792,"comment_status":"closed","ping_status":"closed","sticky":false,"template":"","format":"standard","meta":{"om_disable_all_campaigns":false,"inline_featured_image":false,"footnotes":"","_links_to":"","_links_to_target":""},"categories":[95],"tags":[],"aioseo_notices":[],"_links":{"self":[{"href":"https:\/\/wartapoznan.pl\/index.php\/wp-json\/wp\/v2\/posts\/4468"}],"collection":[{"href":"https:\/\/wartapoznan.pl\/index.php\/wp-json\/wp\/v2\/posts"}],"about":[{"href":"https:\/\/wartapoznan.pl\/index.php\/wp-json\/wp\/v2\/types\/post"}],"author":[{"embeddable":true,"href":"https:\/\/wartapoznan.pl\/index.php\/wp-json\/wp\/v2\/users\/36"}],"replies":[{"embeddable":true,"href":"https:\/\/wartapoznan.pl\/index.php\/wp-json\/wp\/v2\/comments?post=4468"}],"version-history":[{"count":1,"href":"https:\/\/wartapoznan.pl\/index.php\/wp-json\/wp\/v2\/posts\/4468\/revisions"}],"predecessor-version":[{"id":19967,"href":"https:\/\/wartapoznan.pl\/index.php\/wp-json\/wp\/v2\/posts\/4468\/revisions\/19967"}],"wp:featuredmedia":[{"embeddable":true,"href":"https:\/\/wartapoznan.pl\/index.php\/wp-json\/wp\/v2\/media\/19792"}],"wp:attachment":[{"href":"https:\/\/wartapoznan.pl\/index.php\/wp-json\/wp\/v2\/media?parent=4468"}],"wp:term":[{"taxonomy":"category","embeddable":true,"href":"https:\/\/wartapoznan.pl\/index.php\/wp-json\/wp\/v2\/categories?post=4468"},{"taxonomy":"post_tag","embeddable":true,"href":"https:\/\/wartapoznan.pl\/index.php\/wp-json\/wp\/v2\/tags?post=4468"}],"curies":[{"name":"wp","href":"https:\/\/api.w.org\/{rel}","templated":true}]}}