{"id":4588,"date":"2019-04-20T20:36:50","date_gmt":"2019-04-20T18:36:50","guid":{"rendered":"https:\/\/wartapoznan.pl\/?p=4588"},"modified":"2019-04-20T20:36:50","modified_gmt":"2019-04-20T18:36:50","slug":"michal-jakobowski-chyba-nikt-nie-zasluzyl-na-zwyciestwo","status":"publish","type":"post","link":"https:\/\/wartapoznan.pl\/index.php\/2019\/04\/20\/michal-jakobowski-chyba-nikt-nie-zasluzyl-na-zwyciestwo\/","title":{"rendered":"Micha\u0142 Jak\u00f3bowski: &#8222;Chyba nikt nie zas\u0142u\u017cy\u0142 na zwyci\u0119stwo&#8221;"},"content":{"rendered":"<p>&#8211; Chcieli\u015bmy ten mecz wygra\u0107, ale mo\u017cna powiedzie\u0107, \u017ce dzisiaj nogi nas nie nios\u0142y &#8211; m\u00f3wi pomocnik Warty Pozna\u0144 Micha\u0142 Jak\u00f3bowski po remisie 0:0 z GKS 1962 Jastrz\u0119bie.<\/p>\n<p>Tak, jak w rundzie jesiennej oba zespo\u0142y podzieli\u0142y si\u0119 punktami po wyniku bezbramkowym. Wydawa\u0142o si\u0119, \u017ce bli\u017cej zdobycia bramki byli w sobotnie popo\u0142udnie zawodnicy Warty Pozna\u0144, ale go\u015bcie te\u017c potrafili si\u0119 odgry\u017a\u0107. &#8211; <em>Liczyli\u015bmy na trzy punkty, ale tak naprawd\u0119 chyba nikt dzisiaj nie zas\u0142u\u017cy\u0142 na zwyci\u0119stwo. Remis jest wi\u0119c sprawiedliwym wynikiem<\/em> &#8211; uwa\u017ca Micha\u0142 Jak\u00f3bowski. &#8211; <em>Chcieli\u015bmy ten mecz wygra\u0107, ale mo\u017cna powiedzie\u0107, \u017ce dzisiaj nogi nas nie nios\u0142y. Byli\u015bmy troch\u0119 spi\u0119ci, bo to by\u0142 dla nas wa\u017cny mecz z kategorii tych o tzw. sze\u015b\u0107 punkt\u00f3w. Z drugiej strony jednak trzeba si\u0119 cieszy\u0107 te\u017c i z tego jednego punktu, i walczy\u0107 dalej.<\/em><\/p>\n<p><img loading=\"lazy\" decoding=\"async\" width=\"1000\" height=\"665\" src=\"https:\/\/wartapoznan.pl\/wp-content\/uploads\/2019\/04\/Jastrzebie-2166.jpg\" alt=\"Warta Pozna\u0144 - GKS 1962 Jastrz\u0119bie 0:0. Micha\u0142 Jak\u00f3bowski\" class=\"aligncenter size-full wp-image-4595\" srcset=\"https:\/\/wartapoznan.pl\/wp-content\/uploads\/2019\/04\/Jastrzebie-2166.jpg 1000w, https:\/\/wartapoznan.pl\/wp-content\/uploads\/2019\/04\/Jastrzebie-2166-300x200.jpg 300w, https:\/\/wartapoznan.pl\/wp-content\/uploads\/2019\/04\/Jastrzebie-2166-768x511.jpg 768w, https:\/\/wartapoznan.pl\/wp-content\/uploads\/2019\/04\/Jastrzebie-2166-128x85.jpg 128w, https:\/\/wartapoznan.pl\/wp-content\/uploads\/2019\/04\/Jastrzebie-2166-32x21.jpg 32w, https:\/\/wartapoznan.pl\/wp-content\/uploads\/2019\/04\/Jastrzebie-2166-356x237.jpg 356w, https:\/\/wartapoznan.pl\/wp-content\/uploads\/2019\/04\/Jastrzebie-2166-470x313.jpg 470w, https:\/\/wartapoznan.pl\/wp-content\/uploads\/2019\/04\/Jastrzebie-2166-70x47.jpg 70w, https:\/\/wartapoznan.pl\/wp-content\/uploads\/2019\/04\/Jastrzebie-2166-100x67.jpg 100w, https:\/\/wartapoznan.pl\/wp-content\/uploads\/2019\/04\/Jastrzebie-2166-600x399.jpg 600w\" sizes=\"(max-width: 1000px) 100vw, 1000px\" \/><\/p>\n<p>Ju\u017c w \u015brod\u0119 &#8222;Zieloni&#8221; zagraj\u0105 w Chojnicach z Chojniczank\u0105. Na pi\u0119\u0107 kolejek przed ko\u0144cem maj\u0105 dwa punkty przewagi nad stref\u0105 spadkow\u0105. &#8211; <em>Zosta\u0142y nam ostatnie 2-3 tygodnie prawdy, kt\u00f3re zdecyduj\u0105 o tym, czy si\u0119 utrzymamy. Nie b\u0119dzie \u0142atwo, ale s\u0105dz\u0119, \u017ce jeste\u015bmy dobrze przygotowani i spr\u00f3bujemy powalczy\u0107 w \u015brod\u0119 o trzy punkty w Chojnicach<\/em> &#8211; m\u00f3wi skrzyd\u0142owy Warty Pozna\u0144.<\/p>\n<p><a href=\"http:\/\/bit.ly\/2IJYKir\" rel=\"noopener noreferrer\" target=\"_blank\">Zobacz galeri\u0119 zdj\u0119\u0107 z meczu<\/a><\/p>\n","protected":false},"excerpt":{"rendered":"<p>&#8211; Chcieli\u015bmy ten mecz wygra\u0107, ale mo\u017cna powiedzie\u0107, \u017ce dzisiaj nogi nas nie nios\u0142y &#8211; m\u00f3wi pomocnik Warty Pozna\u0144 Micha\u0142&#8230;<\/p>\n","protected":false},"author":36,"featured_media":4594,"comment_status":"closed","ping_status":"closed","sticky":false,"template":"","format":"standard","meta":{"om_disable_all_campaigns":false,"inline_featured_image":false,"footnotes":"","_links_to":"","_links_to_target":""},"categories":[94,100,1],"tags":[],"aioseo_notices":[],"_links":{"self":[{"href":"https:\/\/wartapoznan.pl\/index.php\/wp-json\/wp\/v2\/posts\/4588"}],"collection":[{"href":"https:\/\/wartapoznan.pl\/index.php\/wp-json\/wp\/v2\/posts"}],"about":[{"href":"https:\/\/wartapoznan.pl\/index.php\/wp-json\/wp\/v2\/types\/post"}],"author":[{"embeddable":true,"href":"https:\/\/wartapoznan.pl\/index.php\/wp-json\/wp\/v2\/users\/36"}],"replies":[{"embeddable":true,"href":"https:\/\/wartapoznan.pl\/index.php\/wp-json\/wp\/v2\/comments?post=4588"}],"version-history":[{"count":3,"href":"https:\/\/wartapoznan.pl\/index.php\/wp-json\/wp\/v2\/posts\/4588\/revisions"}],"predecessor-version":[{"id":4596,"href":"https:\/\/wartapoznan.pl\/index.php\/wp-json\/wp\/v2\/posts\/4588\/revisions\/4596"}],"wp:featuredmedia":[{"embeddable":true,"href":"https:\/\/wartapoznan.pl\/index.php\/wp-json\/wp\/v2\/media\/4594"}],"wp:attachment":[{"href":"https:\/\/wartapoznan.pl\/index.php\/wp-json\/wp\/v2\/media?parent=4588"}],"wp:term":[{"taxonomy":"category","embeddable":true,"href":"https:\/\/wartapoznan.pl\/index.php\/wp-json\/wp\/v2\/categories?post=4588"},{"taxonomy":"post_tag","embeddable":true,"href":"https:\/\/wartapoznan.pl\/index.php\/wp-json\/wp\/v2\/tags?post=4588"}],"curies":[{"name":"wp","href":"https:\/\/api.w.org\/{rel}","templated":true}]}}