{"id":5030,"date":"2019-05-19T10:25:10","date_gmt":"2019-05-19T08:25:10","guid":{"rendered":"https:\/\/wartapoznan.pl\/?p=5030"},"modified":"2019-05-21T11:47:11","modified_gmt":"2019-05-21T09:47:11","slug":"robert-janicki-zalujemy-niewykorzystanych-sytuacji","status":"publish","type":"post","link":"https:\/\/wartapoznan.pl\/index.php\/2019\/05\/19\/robert-janicki-zalujemy-niewykorzystanych-sytuacji\/","title":{"rendered":"Robert Janicki: \u017ba\u0142ujemy niewykorzystanych sytuacji"},"content":{"rendered":"<p>&#8211; <em>Z przekroju ca\u0142ego spotkania zas\u0142u\u017cyli\u015bmy na remis<\/em> &#8211; uwa\u017ca pomocnik Warty Pozna\u0144 Robert Janicki po pora\u017cce 0:1 z Bruk-Bet Termalic\u0105 Nieciecza w ostatniej kolejce sezonu Fortuna 1. Ligi.<\/p>\n<p>Warta Pozna\u0144 swoje najlepsze okazje do strzelenia gola w Niecieczy mia\u0142a w pierwszych 45 minutach. Najpierw Micha\u0142 \u017bebrakowski nie wykorzysta\u0142 sytuacji sam na sam z \u0141ukaszem Budzi\u0142kiem, a w jednej z ostatnich akcji Robert Janicki kopn\u0105\u0142 minimalnie za wysoko. &#8211; <em>Pr\u00f3bowa\u0142em przelobowa\u0107 bramkarza, dwa dni temu na treningu mia\u0142em podobn\u0105 sytuacj\u0119. Zdecydowa\u0142em si\u0119 na przelobowania bramkarza i strzeli\u0142em gola. Teraz nie zastanawia\u0142em si\u0119 wi\u0119c d\u0142ugo, zareagowa\u0142em intuicyjnie, bo mia\u0142em w g\u0142owie tzw. podcink\u0119. Zabrak\u0142o jednak precyzji, bo przenios\u0142em pi\u0142k\u0119 nad bramk\u0105<\/em> &#8211; opisuje Robert Janicki.<\/p>\n<p><img loading=\"lazy\" decoding=\"async\" width=\"1000\" height=\"665\" src=\"https:\/\/wartapoznan.pl\/wp-content\/uploads\/2019\/05\/Nieciecza_Warta-6326.jpg\" alt=\"\" class=\"aligncenter size-full wp-image-5034\" srcset=\"https:\/\/wartapoznan.pl\/wp-content\/uploads\/2019\/05\/Nieciecza_Warta-6326.jpg 1000w, https:\/\/wartapoznan.pl\/wp-content\/uploads\/2019\/05\/Nieciecza_Warta-6326-300x200.jpg 300w, https:\/\/wartapoznan.pl\/wp-content\/uploads\/2019\/05\/Nieciecza_Warta-6326-768x511.jpg 768w, https:\/\/wartapoznan.pl\/wp-content\/uploads\/2019\/05\/Nieciecza_Warta-6326-128x85.jpg 128w, https:\/\/wartapoznan.pl\/wp-content\/uploads\/2019\/05\/Nieciecza_Warta-6326-32x21.jpg 32w, https:\/\/wartapoznan.pl\/wp-content\/uploads\/2019\/05\/Nieciecza_Warta-6326-356x237.jpg 356w, https:\/\/wartapoznan.pl\/wp-content\/uploads\/2019\/05\/Nieciecza_Warta-6326-470x313.jpg 470w, https:\/\/wartapoznan.pl\/wp-content\/uploads\/2019\/05\/Nieciecza_Warta-6326-70x47.jpg 70w, https:\/\/wartapoznan.pl\/wp-content\/uploads\/2019\/05\/Nieciecza_Warta-6326-100x67.jpg 100w, https:\/\/wartapoznan.pl\/wp-content\/uploads\/2019\/05\/Nieciecza_Warta-6326-600x399.jpg 600w\" sizes=\"(max-width: 1000px) 100vw, 1000px\" \/><\/p>\n<p>&#8211; <em>\u017ba\u0142ujemy niewykorzystanych sytuacji z pierwszej po\u0142owy, bo mecz na pewno inaczej by si\u0119 u\u0142o\u017cy\u0142 i mogliby\u015bmy wyj\u015b\u0107 z wi\u0119kszym spokojem na drug\u0105 cz\u0119\u015b\u0107. A tak, zdali\u015bmy si\u0119 troch\u0119 zdominowa\u0107, bo po zmianie stron nie mieli\u015bmy ju\u017c jakich\u015b klarownych okazji. Niestety, w przedostatniej minucie stracili\u015bmy bramk\u0119. Rywale wykorzystali nasz\u0105 nieuwag\u0119 przy rzucie ro\u017cnym i w ten spos\u00f3b przegrali\u015bmy<\/em> &#8211; analizuje pomocnik &#8222;Zielonych&#8221;. &#8211; <em>Nie by\u0142 to mo\u017ce nasz najlepszy mecz w naszym wykonaniu, ale te\u017c nie by\u0142 s\u0142aby. Z przekroju ca\u0142ego spotkania zas\u0142u\u017cyli\u015bmy na remis, ale brak koncentracji w jednej z ostatnich akcji poskutkowa\u0142 golem dla Niecieczy. Szkoda, bo chcieli\u015bmy tutaj pokaza\u0107 sobie i naszym kibicom, \u017ce mo\u017cemy gra\u0107 fajn\u0105 pi\u0142k\u0119 i potrafimy zdoby\u0107 chocia\u017c punkt. Niestety, nie uda\u0142o si\u0119.<\/em><\/p>\n<p><img loading=\"lazy\" decoding=\"async\" width=\"1000\" height=\"664\" src=\"https:\/\/wartapoznan.pl\/wp-content\/uploads\/2019\/05\/Nieciecza_Warta-6273.jpg\" alt=\"Bruk-Bet Termalica Nieciecza - Warta Pozna\u0144 1:0. Robert Janicki\" class=\"aligncenter size-full wp-image-5035\" srcset=\"https:\/\/wartapoznan.pl\/wp-content\/uploads\/2019\/05\/Nieciecza_Warta-6273.jpg 1000w, https:\/\/wartapoznan.pl\/wp-content\/uploads\/2019\/05\/Nieciecza_Warta-6273-300x199.jpg 300w, https:\/\/wartapoznan.pl\/wp-content\/uploads\/2019\/05\/Nieciecza_Warta-6273-768x510.jpg 768w, https:\/\/wartapoznan.pl\/wp-content\/uploads\/2019\/05\/Nieciecza_Warta-6273-128x85.jpg 128w, https:\/\/wartapoznan.pl\/wp-content\/uploads\/2019\/05\/Nieciecza_Warta-6273-32x21.jpg 32w, https:\/\/wartapoznan.pl\/wp-content\/uploads\/2019\/05\/Nieciecza_Warta-6273-356x236.jpg 356w, https:\/\/wartapoznan.pl\/wp-content\/uploads\/2019\/05\/Nieciecza_Warta-6273-470x312.jpg 470w, https:\/\/wartapoznan.pl\/wp-content\/uploads\/2019\/05\/Nieciecza_Warta-6273-70x46.jpg 70w, https:\/\/wartapoznan.pl\/wp-content\/uploads\/2019\/05\/Nieciecza_Warta-6273-100x66.jpg 100w, https:\/\/wartapoznan.pl\/wp-content\/uploads\/2019\/05\/Nieciecza_Warta-6273-600x398.jpg 600w\" sizes=\"(max-width: 1000px) 100vw, 1000px\" \/><\/p>\n<p>Robert Janicki by\u0142 najskuteczniejszym zawodnikiem Warty Pozna\u0144 w zako\u0144czonym w\u0142a\u015bnie sezonie. Zdoby\u0142 pi\u0119\u0107 bramek i mia\u0142 asysty przy siedmiu trafieniach koleg\u00f3w z zespo\u0142u. Blisko 22-letni pomocnik wyst\u0119powa\u0142 w zespole Petra Nemca przez p\u00f3\u0142tora roku. Czy zostanie w klubie na kolejny sezon. &#8211; <em>Mam kontrakt do 30 czerwca i tyle mog\u0119 na razie powiedzie\u0107.  Trudno okre\u015bli\u0107, co b\u0119dzie dalej. Odby\u0142y si\u0119 ju\u017c jakie\u015b rozmowy z w\u0142adzami Warty, ale na razie nic nie wiadomo. Na pewno b\u0119d\u0119 chcia\u0142 si\u0119 dalej rozwija\u0107 i walczy\u0107 o najwy\u017csze cele<\/em> &#8211; podkre\u015bla by\u0142y m\u0142odzie\u017cowy reprezentant Polski.<\/p>\n<p><a href=\"http:\/\/bit.ly\/2JsjMn8\" target=\"_blank\" rel=\"noopener noreferrer\">Zobacz galeri\u0119 zdj\u0119\u0107 z meczu<\/a><\/p>\n","protected":false},"excerpt":{"rendered":"<p>&#8211; Z przekroju ca\u0142ego spotkania zas\u0142u\u017cyli\u015bmy na remis &#8211; uwa\u017ca pomocnik Warty Pozna\u0144 Robert Janicki po pora\u017cce 0:1 z Bruk-Bet&#8230;<\/p>\n","protected":false},"author":36,"featured_media":5033,"comment_status":"closed","ping_status":"closed","sticky":false,"template":"","format":"standard","meta":{"om_disable_all_campaigns":false,"inline_featured_image":false,"footnotes":"","_links_to":"","_links_to_target":""},"categories":[94,100,1],"tags":[],"aioseo_notices":[],"_links":{"self":[{"href":"https:\/\/wartapoznan.pl\/index.php\/wp-json\/wp\/v2\/posts\/5030"}],"collection":[{"href":"https:\/\/wartapoznan.pl\/index.php\/wp-json\/wp\/v2\/posts"}],"about":[{"href":"https:\/\/wartapoznan.pl\/index.php\/wp-json\/wp\/v2\/types\/post"}],"author":[{"embeddable":true,"href":"https:\/\/wartapoznan.pl\/index.php\/wp-json\/wp\/v2\/users\/36"}],"replies":[{"embeddable":true,"href":"https:\/\/wartapoznan.pl\/index.php\/wp-json\/wp\/v2\/comments?post=5030"}],"version-history":[{"count":6,"href":"https:\/\/wartapoznan.pl\/index.php\/wp-json\/wp\/v2\/posts\/5030\/revisions"}],"predecessor-version":[{"id":5054,"href":"https:\/\/wartapoznan.pl\/index.php\/wp-json\/wp\/v2\/posts\/5030\/revisions\/5054"}],"wp:featuredmedia":[{"embeddable":true,"href":"https:\/\/wartapoznan.pl\/index.php\/wp-json\/wp\/v2\/media\/5033"}],"wp:attachment":[{"href":"https:\/\/wartapoznan.pl\/index.php\/wp-json\/wp\/v2\/media?parent=5030"}],"wp:term":[{"taxonomy":"category","embeddable":true,"href":"https:\/\/wartapoznan.pl\/index.php\/wp-json\/wp\/v2\/categories?post=5030"},{"taxonomy":"post_tag","embeddable":true,"href":"https:\/\/wartapoznan.pl\/index.php\/wp-json\/wp\/v2\/tags?post=5030"}],"curies":[{"name":"wp","href":"https:\/\/api.w.org\/{rel}","templated":true}]}}