{"id":5260,"date":"2019-06-17T11:04:41","date_gmt":"2019-06-17T09:04:41","guid":{"rendered":"https:\/\/wartapoznan.pl\/?p=5260"},"modified":"2019-06-17T11:04:41","modified_gmt":"2019-06-17T09:04:41","slug":"piotr-tworek-trenerem-warty-poznan","status":"publish","type":"post","link":"https:\/\/wartapoznan.pl\/index.php\/2019\/06\/17\/piotr-tworek-trenerem-warty-poznan\/","title":{"rendered":"Piotr Tworek trenerem Warty Pozna\u0144"},"content":{"rendered":"<p>44-letni Piotr Tworek zosta\u0142 trenerem Warty Pozna\u0144 i wraca do klubu po ponad siedmiu latach. Podpisa\u0142 kontrakt na rok z opcj\u0105 przed\u0142u\u017cenia o kolejny sezon.<\/p>\n<p>&#8211; <em>Warta Pozna\u0144 to klub z bardzo bogat\u0105, 107-letni\u0105 histori\u0105, dwukrotny mistrz Polski. Mam ogromny sentyment zar\u00f3wno do klubu, jak i do miasta, wi\u0119c sprawy potoczy\u0142y si\u0119 bardzo szybko. Nie zastanawia\u0142em si\u0119 , podj\u0105\u0142em wyzwanie. Od poniedzia\u0142ku b\u0119d\u0119 robi\u0142 wszystko, \u017ceby kibice, pi\u0142karze, w\u0142a\u015bciciele i wszyscy zwi\u0105zani z Wart\u0105 Pozna\u0144 byli zadowoleni<\/em> \u2013 m\u00f3wi Piotr Tworek.<\/p>\n<p>Kibicom \u201eZielonych\u201d jego osoby nie trzeba chyba specjalnie przedstawia\u0107. W 2011 roku by\u0142 asystentem trener\u00f3w Warty Pozna\u0144: Bogus\u0142awa Baniaka, Czes\u0142awa Jako\u0142cewicza, Artura P\u0142atka, i Jaros\u0142awa Araszkiewicza. Ponadto pracowa\u0142 w takich klubach jak m.in. Kujawiak W\u0142oc\u0142awek, Zawisza Bydgoszcz, Wda \u015awiecie, Ba\u0142tyk Koszalin, Mied\u017a Legnica, Podbeskidzie Bielsko-Bia\u0142a, Kotwica Ko\u0142obrzeg, Korona Kielce, Termalica Nieciecza. W minionym sezonie by\u0142 natomiast praw\u0105 r\u0119k\u0105 Macieja Bartoszka w Chojniczance Chojnice.<\/p>\n<p>W po\u0142owie maja Piotr Tworek zda\u0142 egzamin i zdoby\u0142 licencj\u0119 UEFA Pro. &#8211; <em>Posiad\u0142em ogromn\u0105 wiedz\u0119 i do\u015bwiadczenie z pracy u innych trener\u00f3w. B\u0119d\u0119 stara\u0142 si\u0119 wykorzysta\u0107 w swojej samodzielnej pracy. Nie m\u00f3wi\u0119 pierwszej, bo prowadzi\u0142em ju\u017c na szczeblu centralnym Kotwic\u0119 Ko\u0142obrzeg, Zawisz\u0119 Bydgoszcz, mam te\u017c za sob\u0105 bardzo fajny okres w Miedzi Legnica, gdzie pracowali\u015bmy z Adamem Fedorukiem<\/em> \u2013 opowiada nowy trener \u201eZielonych\u201d. &#8211; <em>Od momentu uzyskania dyplomu UEFA Pro, to wszystko, co zobaczy\u0142em, zapisa\u0142em, dostrzeg\u0142em, wyci\u0105gn\u0105\u0142em od ka\u017cdego trenera i zawodnika, z kt\u00f3rymi mia\u0142em przyjemno\u015b\u0107 pracowa\u0107, chc\u0119 prze\u0142o\u017cy\u0107 na swoj\u0105 samodzieln\u0105 prac\u0119.<\/em><\/p>\n<p><img loading=\"lazy\" decoding=\"async\" width=\"1000\" height=\"663\" class=\"aligncenter size-full wp-image-5263\" src=\"https:\/\/wartapoznan.pl\/wp-content\/uploads\/2019\/06\/Piotr_Tworek_Bartlomiej_Farjaszewski-7810-web.jpg\" alt=\"\" srcset=\"https:\/\/wartapoznan.pl\/wp-content\/uploads\/2019\/06\/Piotr_Tworek_Bartlomiej_Farjaszewski-7810-web.jpg 1000w, https:\/\/wartapoznan.pl\/wp-content\/uploads\/2019\/06\/Piotr_Tworek_Bartlomiej_Farjaszewski-7810-web-300x199.jpg 300w, https:\/\/wartapoznan.pl\/wp-content\/uploads\/2019\/06\/Piotr_Tworek_Bartlomiej_Farjaszewski-7810-web-768x509.jpg 768w, https:\/\/wartapoznan.pl\/wp-content\/uploads\/2019\/06\/Piotr_Tworek_Bartlomiej_Farjaszewski-7810-web-128x85.jpg 128w, https:\/\/wartapoznan.pl\/wp-content\/uploads\/2019\/06\/Piotr_Tworek_Bartlomiej_Farjaszewski-7810-web-32x21.jpg 32w, https:\/\/wartapoznan.pl\/wp-content\/uploads\/2019\/06\/Piotr_Tworek_Bartlomiej_Farjaszewski-7810-web-356x236.jpg 356w, https:\/\/wartapoznan.pl\/wp-content\/uploads\/2019\/06\/Piotr_Tworek_Bartlomiej_Farjaszewski-7810-web-470x312.jpg 470w, https:\/\/wartapoznan.pl\/wp-content\/uploads\/2019\/06\/Piotr_Tworek_Bartlomiej_Farjaszewski-7810-web-70x46.jpg 70w, https:\/\/wartapoznan.pl\/wp-content\/uploads\/2019\/06\/Piotr_Tworek_Bartlomiej_Farjaszewski-7810-web-100x66.jpg 100w, https:\/\/wartapoznan.pl\/wp-content\/uploads\/2019\/06\/Piotr_Tworek_Bartlomiej_Farjaszewski-7810-web-600x398.jpg 600w\" sizes=\"(max-width: 1000px) 100vw, 1000px\" \/><\/p>\n<p>Piotr Tworek zast\u0105pi\u0142 na stanowisku trenera I-ligowej Warty Pozna\u0144 Petra Nemca. Czech prowadzi\u0142 \u201eZielonych\u201d przez ostatnie 2,5 roku. &#8211;<em> Mam pomys\u0142, mam sw\u00f3j plan na ten zesp\u00f3\u0142. Chcia\u0142bym podtrzyma\u0107 to, co zrobi\u0142 z Wart\u0105 trener Petr Nemec, za co kieruj\u0119 ogromny uk\u0142on w jego stron\u0119. B\u0119d\u0119 chcia\u0142 gra\u0107 tak, jak Warta gra\u0142a w ostatnich meczach, szczeg\u00f3lnie w meczu z Chojniczank\u0105 Chojnice <\/em>[wyjazdowe zwyci\u0119stwo 2:0 po bardzo dobrym wyst\u0119pie \u201eZielonych\u201d w kwietniu tego roku]. <em>Ponadto mam kilka pomys\u0142\u00f3w, kt\u00f3re chcia\u0142bym najpierw zdradzi\u0107 zespo\u0142owi. Mam nadziej\u0119, \u017ce ju\u017c w pierwszych sparingach b\u0119dzie mo\u017cna zobaczy\u0107 to, do jakiej gry, do jakiego stylu b\u0119dziemy d\u0105\u017cyli.<\/em><\/p>\n<p>Nowy trener Warty Pozna\u0144 podpisa\u0142 kontrakt do ko\u0144ca sezonu 2019\/20 z opcj\u0105 przed\u0142u\u017cenia o kolejny rok. W sztabie Piotra Tworka znajd\u0105 si\u0119 wszyscy najbli\u017csi wsp\u00f3\u0142pracownicy Petra Nemca: drugi trener Adam Sza\u0142a, trener bramkarzy Dominik Kubiak, kierownik dru\u017cyny Karol Majewski oraz fizjoterapeuci: Bart\u0142omiej Smuniewski i Wojciech Danielewicz.<\/p>\n<p>Trenerze, witamy ponownie w Zielonej Rodzinie!<\/p>\n","protected":false},"excerpt":{"rendered":"<p>44-letni Piotr Tworek zosta\u0142 trenerem Warty Pozna\u0144 i wraca do klubu po ponad siedmiu latach. Podpisa\u0142 kontrakt na rok z&#8230;<\/p>\n","protected":false},"author":36,"featured_media":5268,"comment_status":"closed","ping_status":"closed","sticky":false,"template":"","format":"standard","meta":{"om_disable_all_campaigns":false,"inline_featured_image":false,"footnotes":"","_links_to":"","_links_to_target":""},"categories":[94,100,1],"tags":[],"aioseo_notices":[],"_links":{"self":[{"href":"https:\/\/wartapoznan.pl\/index.php\/wp-json\/wp\/v2\/posts\/5260"}],"collection":[{"href":"https:\/\/wartapoznan.pl\/index.php\/wp-json\/wp\/v2\/posts"}],"about":[{"href":"https:\/\/wartapoznan.pl\/index.php\/wp-json\/wp\/v2\/types\/post"}],"author":[{"embeddable":true,"href":"https:\/\/wartapoznan.pl\/index.php\/wp-json\/wp\/v2\/users\/36"}],"replies":[{"embeddable":true,"href":"https:\/\/wartapoznan.pl\/index.php\/wp-json\/wp\/v2\/comments?post=5260"}],"version-history":[{"count":6,"href":"https:\/\/wartapoznan.pl\/index.php\/wp-json\/wp\/v2\/posts\/5260\/revisions"}],"predecessor-version":[{"id":5270,"href":"https:\/\/wartapoznan.pl\/index.php\/wp-json\/wp\/v2\/posts\/5260\/revisions\/5270"}],"wp:featuredmedia":[{"embeddable":true,"href":"https:\/\/wartapoznan.pl\/index.php\/wp-json\/wp\/v2\/media\/5268"}],"wp:attachment":[{"href":"https:\/\/wartapoznan.pl\/index.php\/wp-json\/wp\/v2\/media?parent=5260"}],"wp:term":[{"taxonomy":"category","embeddable":true,"href":"https:\/\/wartapoznan.pl\/index.php\/wp-json\/wp\/v2\/categories?post=5260"},{"taxonomy":"post_tag","embeddable":true,"href":"https:\/\/wartapoznan.pl\/index.php\/wp-json\/wp\/v2\/tags?post=5260"}],"curies":[{"name":"wp","href":"https:\/\/api.w.org\/{rel}","templated":true}]}}