{"id":5489,"date":"2019-07-04T14:54:04","date_gmt":"2019-07-04T12:54:04","guid":{"rendered":"https:\/\/wartapoznan.pl\/?p=5489"},"modified":"2019-07-04T14:54:04","modified_gmt":"2019-07-04T12:54:04","slug":"tomasz-laskowski-na-dluzej-w-warcie-poznan","status":"publish","type":"post","link":"https:\/\/wartapoznan.pl\/index.php\/2019\/07\/04\/tomasz-laskowski-na-dluzej-w-warcie-poznan\/","title":{"rendered":"Tomasz Laskowski na d\u0142u\u017cej w Warcie Pozna\u0144"},"content":{"rendered":"<p>Bramkarz Tomasz Laskowski przed\u0142u\u017cy\u0142 o rok kontrakt z Wart\u0105 Pozna\u0144. Do\u015bwiadczony gracz reprezentuje barwy &#8222;Zielonych&#8221; od 2016 roku.<\/p>\n<p>Tomasz Laskowski w grudniu sko\u0144czy 35 lat. Trzy ostatnie sezony sp\u0119dzi\u0142 w Warcie Pozna\u0144 i pozostanie przy Drodze D\u0119bi\u0144skiej na kolejny rok &#8211; w\u0142a\u015bnie podpisa\u0142 bowiem now\u0105 umow\u0119 z klubem.<\/p>\n<p>Warta Pozna\u0144 zatrzyma\u0142a u siebie bramkarza o ogromnym do\u015bwiadczeniu, kt\u00f3ry w przesz\u0142o\u015bci wyst\u0119powa\u0142 m.in. w ekstraklasie, w barwach G\u00f3rnika Zabrze. Przy Drodze D\u0119bi\u0144skiej wyst\u0119puje od sezonu 2016\/17. By\u0142 w\u00f3wczas podstawowym zawodnikiem \u00f3wczesnego beniaminka II ligi. Przez 2 kolejne sezony g\u0142\u00f3wnie pe\u0142ni\u0142 rol\u0119 zmiennika Adriana Lisa. W zako\u0144czonych rozgrywkach zagra\u0142 4 mecze w Fortuna 1. Lidze.<\/p>\n","protected":false},"excerpt":{"rendered":"<p>Bramkarz Tomasz Laskowski przed\u0142u\u017cy\u0142 o rok kontrakt z Wart\u0105 Pozna\u0144. Do\u015bwiadczony gracz reprezentuje barwy &#8222;Zielonych&#8221; od 2016 roku. Tomasz Laskowski&#8230;<\/p>\n","protected":false},"author":36,"featured_media":5490,"comment_status":"closed","ping_status":"closed","sticky":false,"template":"","format":"standard","meta":{"om_disable_all_campaigns":false,"inline_featured_image":false,"footnotes":"","_links_to":"","_links_to_target":""},"categories":[94,100,1],"tags":[],"aioseo_notices":[],"_links":{"self":[{"href":"https:\/\/wartapoznan.pl\/index.php\/wp-json\/wp\/v2\/posts\/5489"}],"collection":[{"href":"https:\/\/wartapoznan.pl\/index.php\/wp-json\/wp\/v2\/posts"}],"about":[{"href":"https:\/\/wartapoznan.pl\/index.php\/wp-json\/wp\/v2\/types\/post"}],"author":[{"embeddable":true,"href":"https:\/\/wartapoznan.pl\/index.php\/wp-json\/wp\/v2\/users\/36"}],"replies":[{"embeddable":true,"href":"https:\/\/wartapoznan.pl\/index.php\/wp-json\/wp\/v2\/comments?post=5489"}],"version-history":[{"count":2,"href":"https:\/\/wartapoznan.pl\/index.php\/wp-json\/wp\/v2\/posts\/5489\/revisions"}],"predecessor-version":[{"id":5494,"href":"https:\/\/wartapoznan.pl\/index.php\/wp-json\/wp\/v2\/posts\/5489\/revisions\/5494"}],"wp:featuredmedia":[{"embeddable":true,"href":"https:\/\/wartapoznan.pl\/index.php\/wp-json\/wp\/v2\/media\/5490"}],"wp:attachment":[{"href":"https:\/\/wartapoznan.pl\/index.php\/wp-json\/wp\/v2\/media?parent=5489"}],"wp:term":[{"taxonomy":"category","embeddable":true,"href":"https:\/\/wartapoznan.pl\/index.php\/wp-json\/wp\/v2\/categories?post=5489"},{"taxonomy":"post_tag","embeddable":true,"href":"https:\/\/wartapoznan.pl\/index.php\/wp-json\/wp\/v2\/tags?post=5489"}],"curies":[{"name":"wp","href":"https:\/\/api.w.org\/{rel}","templated":true}]}}