{"id":5495,"date":"2019-07-04T15:16:06","date_gmt":"2019-07-04T13:16:06","guid":{"rendered":"https:\/\/wartapoznan.pl\/?p=5495"},"modified":"2019-07-04T15:16:06","modified_gmt":"2019-07-04T13:16:06","slug":"michal-grobelny-podpisal-nowy-kontrakt-z-warta-poznan","status":"publish","type":"post","link":"https:\/\/wartapoznan.pl\/index.php\/2019\/07\/04\/michal-grobelny-podpisal-nowy-kontrakt-z-warta-poznan\/","title":{"rendered":"Micha\u0142 Grobelny podpisa\u0142 nowy kontrakt z Wart\u0105 Pozna\u0144"},"content":{"rendered":"<p>Umow\u0119 do czerwca 2020 roku podpisa\u0142 z Wart\u0105 Pozna\u0144 Micha\u0142 Grobelny. Dla \u015brodkowego pomocnika b\u0119dzie to trzeci kolejny sezon w klubie z Drogi D\u0119bi\u0144skiej.<\/p>\n<p>Micha\u0142 Grobelny by\u0142 w gronie zawodnik\u00f3w, kt\u00f3rych umowy z pozna\u0144skim klubem obowi\u0105zywa\u0142y do 30 czerwca. Blisko 30-letni pomocnik dosta\u0142 propozycj\u0119 przed\u0142u\u017cenia kontraktu i z\u0142o\u017cy\u0142 podpis pod now\u0105 umow\u0105. Przez ostatnie 2 lata Micha\u0142 Grobelny by\u0142 wa\u017cnym pi\u0142karzem w dru\u017cynie Petra Nemca &#8211; w II lidze rozegra\u0142 20 mecz\u00f3w, a po awansie do Fortuna 1. Ligi reprezentowa\u0142 &#8222;Zielonych&#8221; w 29 spotkaniach, w kt\u00f3rych zdoby\u0142 1 bramk\u0119.<\/p>\n<p>Od po\u0142owy czerwca Micha\u0142 Grobelny przygotowuje si\u0119 z Wart\u0105 Pozna\u0144 do nowych rozgrywek ligowych. Zagra\u0142 we wszystkich trzech letnich sparingach dru\u017cyny Piotra Tworka &#8211; przeciwko Pogoni Szczecin, Zag\u0142\u0119biu Lubin i \u0141KS \u0141\u00f3d\u017a.<\/p>\n","protected":false},"excerpt":{"rendered":"<p>Umow\u0119 do czerwca 2020 roku podpisa\u0142 z Wart\u0105 Pozna\u0144 Micha\u0142 Grobelny. Dla \u015brodkowego pomocnika b\u0119dzie to trzeci kolejny sezon w&#8230;<\/p>\n","protected":false},"author":36,"featured_media":5496,"comment_status":"closed","ping_status":"closed","sticky":false,"template":"","format":"standard","meta":{"om_disable_all_campaigns":false,"inline_featured_image":false,"footnotes":"","_links_to":"","_links_to_target":""},"categories":[94,100,1],"tags":[],"aioseo_notices":[],"_links":{"self":[{"href":"https:\/\/wartapoznan.pl\/index.php\/wp-json\/wp\/v2\/posts\/5495"}],"collection":[{"href":"https:\/\/wartapoznan.pl\/index.php\/wp-json\/wp\/v2\/posts"}],"about":[{"href":"https:\/\/wartapoznan.pl\/index.php\/wp-json\/wp\/v2\/types\/post"}],"author":[{"embeddable":true,"href":"https:\/\/wartapoznan.pl\/index.php\/wp-json\/wp\/v2\/users\/36"}],"replies":[{"embeddable":true,"href":"https:\/\/wartapoznan.pl\/index.php\/wp-json\/wp\/v2\/comments?post=5495"}],"version-history":[{"count":1,"href":"https:\/\/wartapoznan.pl\/index.php\/wp-json\/wp\/v2\/posts\/5495\/revisions"}],"predecessor-version":[{"id":5497,"href":"https:\/\/wartapoznan.pl\/index.php\/wp-json\/wp\/v2\/posts\/5495\/revisions\/5497"}],"wp:featuredmedia":[{"embeddable":true,"href":"https:\/\/wartapoznan.pl\/index.php\/wp-json\/wp\/v2\/media\/5496"}],"wp:attachment":[{"href":"https:\/\/wartapoznan.pl\/index.php\/wp-json\/wp\/v2\/media?parent=5495"}],"wp:term":[{"taxonomy":"category","embeddable":true,"href":"https:\/\/wartapoznan.pl\/index.php\/wp-json\/wp\/v2\/categories?post=5495"},{"taxonomy":"post_tag","embeddable":true,"href":"https:\/\/wartapoznan.pl\/index.php\/wp-json\/wp\/v2\/tags?post=5495"}],"curies":[{"name":"wp","href":"https:\/\/api.w.org\/{rel}","templated":true}]}}