{"id":5840,"date":"2019-07-26T11:51:06","date_gmt":"2019-07-26T09:51:06","guid":{"rendered":"https:\/\/wartapoznan.pl\/?p=5840"},"modified":"2019-07-26T11:51:06","modified_gmt":"2019-07-26T09:51:06","slug":"warta-poznan-kontra-jeden-z-glownych-kandydatow-do-awansu","status":"publish","type":"post","link":"https:\/\/wartapoznan.pl\/index.php\/2019\/07\/26\/warta-poznan-kontra-jeden-z-glownych-kandydatow-do-awansu\/","title":{"rendered":"Warta Pozna\u0144 kontra jeden z g\u0142\u00f3wnych kandydat\u00f3w do awansu"},"content":{"rendered":"<p>&#8211; <em>B\u0119dziemy trudnym rywalem dla ka\u017cdego i nikt w tej lidze nie b\u0119dzie mia\u0142 z nami \u0142atwo<\/em> \u2013 uwa\u017ca trener Warty Pozna\u0144, Piotr Tworek. W pi\u0105tek o godz. 20:30 jego zesp\u00f3\u0142 zagra w Mielcu ze Stal\u0105 w pierwszej kolejce sezonu Fortuna 1. Ligi.<\/p>\n<p>Warta Pozna\u0144 rozpoczyna sw\u00f3j drugi kolejny sezon na zapleczu ekstraklasy. Jako beniaminek poradzi\u0142a sobie bardzo przyzwoicie. Zesp\u00f3\u0142, kt\u00f3ry przez wielu ekspert\u00f3w by\u0142 uwa\u017cany za powa\u017cnego kandydata do spadku, zapewni\u0142 sobie pozostanie w lidze ju\u017c kilka kolejek przed ko\u0144cem rozgrywek. O co teraz b\u0119dzie gra\u0142a dru\u017cyna, w kt\u00f3rej latem zmieni\u0142 si\u0119 trener i blisko po\u0142owa kadry? Szkoleniowiec Piotr Tworek odpowiada: &#8211; <em>Chcemy zbudowa\u0107 stabiln\u0105 Wart\u0119 Pozna\u0144, kt\u00f3ra b\u0119dzie si\u0119 liczy\u0142a w lidze. Pierwsze mecze poka\u017c\u0105, w kt\u00f3rym miejscu jeste\u015bmy, czy brakuje nam czego\u015b i czy co\u015b jeszcze b\u0119dziemy musieli poprawia\u0107.<\/em><\/p>\n<p><img loading=\"lazy\" decoding=\"async\" width=\"1000\" height=\"664\" src=\"https:\/\/wartapoznan.pl\/wp-content\/uploads\/2019\/07\/slask-0370.jpg\" alt=\"Gracjan Jaroch (Warta Pozna\u0144)\" class=\"aligncenter size-full wp-image-5845\" srcset=\"https:\/\/wartapoznan.pl\/wp-content\/uploads\/2019\/07\/slask-0370.jpg 1000w, https:\/\/wartapoznan.pl\/wp-content\/uploads\/2019\/07\/slask-0370-300x199.jpg 300w, https:\/\/wartapoznan.pl\/wp-content\/uploads\/2019\/07\/slask-0370-768x510.jpg 768w, https:\/\/wartapoznan.pl\/wp-content\/uploads\/2019\/07\/slask-0370-128x85.jpg 128w, https:\/\/wartapoznan.pl\/wp-content\/uploads\/2019\/07\/slask-0370-32x21.jpg 32w, https:\/\/wartapoznan.pl\/wp-content\/uploads\/2019\/07\/slask-0370-356x236.jpg 356w, https:\/\/wartapoznan.pl\/wp-content\/uploads\/2019\/07\/slask-0370-470x312.jpg 470w, https:\/\/wartapoznan.pl\/wp-content\/uploads\/2019\/07\/slask-0370-70x46.jpg 70w, https:\/\/wartapoznan.pl\/wp-content\/uploads\/2019\/07\/slask-0370-100x66.jpg 100w, https:\/\/wartapoznan.pl\/wp-content\/uploads\/2019\/07\/slask-0370-600x398.jpg 600w\" sizes=\"(max-width: 1000px) 100vw, 1000px\" \/><\/p>\n<p>Mimo \u017ce \u201eZieloni\u201d zagraj\u0105 ju\u017c pierwszy mecz o punkty, to kadra dru\u017cyny wci\u0105\u017c nie jest skompletowana. W tym oknie transferowym na Drog\u0119 D\u0119bi\u0144sk\u0105 ma jeszcze trafi\u0107 napastnik. &#8211;<em>Trwaj\u0105 na ten temat rozmowy i my\u015bl\u0119, \u017ce w ci\u0105gu nast\u0119pnego tygodnia du\u017co si\u0119 wyja\u015bni. Rozmawiamy z zawodnikami z klub\u00f3w z ekstraklasy, a jak wiadomo nie wszystkie decyzje jeszcze tam zapad\u0142y i to w\u0142a\u015bnie od nich jeste\u015bmy w du\u017cej mierze uzale\u017cnieni. Potrzebny jest nam przede wszystkim zawodnik, kt\u00f3ry b\u0119dzie pasowa\u0142 do naszej taktyki i stylu gry<\/em>.<\/p>\n<p>Problem jest tym pilniejszy, \u017ce do Mielca nie pojecha\u0142 \u0141ukasz Sp\u0142awski, kt\u00f3ry ma kontuzj\u0119 barku. Na razie nie wiadomo, jak d\u0142ugo b\u0119dzie musia\u0142 odpocz\u0105\u0107 od trening\u00f3w.<\/p>\n<p><img loading=\"lazy\" decoding=\"async\" width=\"1000\" height=\"664\" src=\"https:\/\/wartapoznan.pl\/wp-content\/uploads\/2019\/07\/lks-9711.jpg\" alt=\"Micha\u0142 Jak\u00f3bowski (Warta Pozna\u0144)\" class=\"aligncenter size-full wp-image-5846\" srcset=\"https:\/\/wartapoznan.pl\/wp-content\/uploads\/2019\/07\/lks-9711.jpg 1000w, https:\/\/wartapoznan.pl\/wp-content\/uploads\/2019\/07\/lks-9711-300x199.jpg 300w, https:\/\/wartapoznan.pl\/wp-content\/uploads\/2019\/07\/lks-9711-768x510.jpg 768w, https:\/\/wartapoznan.pl\/wp-content\/uploads\/2019\/07\/lks-9711-128x85.jpg 128w, https:\/\/wartapoznan.pl\/wp-content\/uploads\/2019\/07\/lks-9711-32x21.jpg 32w, https:\/\/wartapoznan.pl\/wp-content\/uploads\/2019\/07\/lks-9711-356x236.jpg 356w, https:\/\/wartapoznan.pl\/wp-content\/uploads\/2019\/07\/lks-9711-470x312.jpg 470w, https:\/\/wartapoznan.pl\/wp-content\/uploads\/2019\/07\/lks-9711-70x46.jpg 70w, https:\/\/wartapoznan.pl\/wp-content\/uploads\/2019\/07\/lks-9711-100x66.jpg 100w, https:\/\/wartapoznan.pl\/wp-content\/uploads\/2019\/07\/lks-9711-600x398.jpg 600w\" sizes=\"(max-width: 1000px) 100vw, 1000px\" \/><\/p>\n<p>&#8211; <em>Mam ju\u017c w g\u0142owie plan na gr\u0119 zespo\u0142u na mecz w Mielcu. Na ostatnim treningu przed sezonem po\u015bwi\u0119cili\u015bmy spor\u0105 uwag\u0119 sta\u0142ym fragmentom gry. Wygl\u0105da\u0142o to bardzo obiecuj\u0105co i s\u0105dz\u0119, \u017ce to mo\u017ce by\u0107 nasza mocna strona. Mo\u017cemy tym zaskoczy\u0107 przeciwnika<\/em> \u2013 uwa\u017ca trener Piotr Tworek.<\/p>\n<p>Zdaniem bukmacher\u00f3w gospodarze s\u0105 faworytem meczu. <a href=\"https:\/\/online-mexos.fortunaaffiliates.com\/page?key=ej0xMzUzMTM1NiZsPTEzNjgwODExJnA9NjgyMw%3D%3D\" rel=\"noopener noreferrer\" target=\"_blank\">Kurs na zwyci\u0119stwo Warty Pozna\u0144 wynosi 5,8 na efortuna.pl.<\/a><\/p>\n<p>O Stali Mielec szkoleniowiec m\u00f3wi wprost: &#8211; <em>Celem w tym klubie jest awans i wszystko jest tam podporz\u0105dkowane temu, by ju\u017c w przysz\u0142ym sezonie Stal rozgrywa\u0142a mecze na poziomie ekstraklasy. To b\u0119dzie trudny mecz, ale tak naprawd\u0119 ka\u017cdy taki b\u0119dzie. S\u0105dz\u0119 jednak , \u017ce i nasz zesp\u00f3\u0142 b\u0119dzie trudnym rywalem dla ka\u017cdego i nikt w tej lidze nie b\u0119dzie mia\u0142 z nami \u0142atwo. Wszystkie letnie sparingi grali\u015bmy na wyje\u017adzie z mocnymi rywalami i dobrze si\u0119 w nich czuli\u015bmy<\/em>.<\/p>\n<p><img loading=\"lazy\" decoding=\"async\" width=\"1000\" height=\"663\" src=\"https:\/\/wartapoznan.pl\/wp-content\/uploads\/2019\/07\/pbb-1123.jpg\" alt=\"Mariusz Rybicki (Warta Pozna\u0144)\" class=\"aligncenter size-full wp-image-5844\" srcset=\"https:\/\/wartapoznan.pl\/wp-content\/uploads\/2019\/07\/pbb-1123.jpg 1000w, https:\/\/wartapoznan.pl\/wp-content\/uploads\/2019\/07\/pbb-1123-300x199.jpg 300w, https:\/\/wartapoznan.pl\/wp-content\/uploads\/2019\/07\/pbb-1123-768x509.jpg 768w, https:\/\/wartapoznan.pl\/wp-content\/uploads\/2019\/07\/pbb-1123-128x85.jpg 128w, https:\/\/wartapoznan.pl\/wp-content\/uploads\/2019\/07\/pbb-1123-32x21.jpg 32w, https:\/\/wartapoznan.pl\/wp-content\/uploads\/2019\/07\/pbb-1123-356x236.jpg 356w, https:\/\/wartapoznan.pl\/wp-content\/uploads\/2019\/07\/pbb-1123-470x312.jpg 470w, https:\/\/wartapoznan.pl\/wp-content\/uploads\/2019\/07\/pbb-1123-70x46.jpg 70w, https:\/\/wartapoznan.pl\/wp-content\/uploads\/2019\/07\/pbb-1123-100x66.jpg 100w, https:\/\/wartapoznan.pl\/wp-content\/uploads\/2019\/07\/pbb-1123-600x398.jpg 600w\" sizes=\"(max-width: 1000px) 100vw, 1000px\" \/><\/p>\n<p>Mecz Stal Mielec \u2013 Warta Pozna\u0144 rozpocznie si\u0119 o godz. 20:30. S\u0119dzi\u0105 b\u0119dzie Zbigniew Dobrynin, 33-letni arbiter z \u0141odzi. Transmisj\u0119 przeprowadzi Polsat Sport.<\/p>\n<hr \/>\n<p><small>Fortuna online zak\u0142ady bukmacherskie sp. z o.o. to legalny bukmacher posiadaj\u0105cy zezwolenia na urz\u0105dzanie zak\u0142ad\u00f3w wzajemnych w Polsce. Udzia\u0142 w nielegalnych grach hazardowych grozi konsekwencjami prawnymi. Hazard zwi\u0105zany jest z ryzykiem.<\/small><\/p>\n","protected":false},"excerpt":{"rendered":"<p>&#8211; B\u0119dziemy trudnym rywalem dla ka\u017cdego i nikt w tej lidze nie b\u0119dzie mia\u0142 z nami \u0142atwo \u2013 uwa\u017ca trener&#8230;<\/p>\n","protected":false},"author":36,"featured_media":5843,"comment_status":"closed","ping_status":"closed","sticky":false,"template":"","format":"standard","meta":{"om_disable_all_campaigns":false,"inline_featured_image":false,"footnotes":"","_links_to":"","_links_to_target":""},"categories":[1],"tags":[],"aioseo_notices":[],"_links":{"self":[{"href":"https:\/\/wartapoznan.pl\/index.php\/wp-json\/wp\/v2\/posts\/5840"}],"collection":[{"href":"https:\/\/wartapoznan.pl\/index.php\/wp-json\/wp\/v2\/posts"}],"about":[{"href":"https:\/\/wartapoznan.pl\/index.php\/wp-json\/wp\/v2\/types\/post"}],"author":[{"embeddable":true,"href":"https:\/\/wartapoznan.pl\/index.php\/wp-json\/wp\/v2\/users\/36"}],"replies":[{"embeddable":true,"href":"https:\/\/wartapoznan.pl\/index.php\/wp-json\/wp\/v2\/comments?post=5840"}],"version-history":[{"count":3,"href":"https:\/\/wartapoznan.pl\/index.php\/wp-json\/wp\/v2\/posts\/5840\/revisions"}],"predecessor-version":[{"id":5847,"href":"https:\/\/wartapoznan.pl\/index.php\/wp-json\/wp\/v2\/posts\/5840\/revisions\/5847"}],"wp:featuredmedia":[{"embeddable":true,"href":"https:\/\/wartapoznan.pl\/index.php\/wp-json\/wp\/v2\/media\/5843"}],"wp:attachment":[{"href":"https:\/\/wartapoznan.pl\/index.php\/wp-json\/wp\/v2\/media?parent=5840"}],"wp:term":[{"taxonomy":"category","embeddable":true,"href":"https:\/\/wartapoznan.pl\/index.php\/wp-json\/wp\/v2\/categories?post=5840"},{"taxonomy":"post_tag","embeddable":true,"href":"https:\/\/wartapoznan.pl\/index.php\/wp-json\/wp\/v2\/tags?post=5840"}],"curies":[{"name":"wp","href":"https:\/\/api.w.org\/{rel}","templated":true}]}}