{"id":5848,"date":"2019-07-26T23:03:21","date_gmt":"2019-07-26T21:03:21","guid":{"rendered":"https:\/\/wartapoznan.pl\/?p=5848"},"modified":"2019-07-27T01:44:37","modified_gmt":"2019-07-26T23:44:37","slug":"warta-poznan-przegrala-w-mielcu-ze-stala","status":"publish","type":"post","link":"https:\/\/wartapoznan.pl\/index.php\/2019\/07\/26\/warta-poznan-przegrala-w-mielcu-ze-stala\/","title":{"rendered":"Warta Pozna\u0144 przegra\u0142a w Mielcu ze Stal\u0105"},"content":{"rendered":"<p>Po bardzo s\u0142abej grze w pierwszej po\u0142owie Warta Pozna\u0144 przegrywa\u0142a ze Stal\u0105 Mielec 0:2. W drugiej cz\u0119\u015bci zagra\u0142a lepiej, ale wystarczy\u0142o to tylko na zmniejszenie rozmiar\u00f3w pora\u017cki do 1:2 w pierwszym meczu sezonu Fortuna 1. Ligi. Bramkarz &#8222;Zielonych&#8221; Adrian Lis obroni\u0142 dwa rzuty karne!<\/p>\n<p>Trzeci zesp\u00f3\u0142 poprzedniego sezonu Fortuna 1. Ligi i jeden z g\u0142\u00f3wnych kandydat\u00f3w do awansu do ekstraklasy okaza\u0142 si\u0119 bardzo wymagaj\u0105cym rywalem dla poznaniak\u00f3w, kt\u00f3rzy wci\u0105\u017c jeszcze nie graj\u0105 w optymalnym sk\u0142adzie. W pierwszej po\u0142owie zesp\u00f3\u0142 Piotra Tworka w niczym nie przypomina\u0142 dru\u017cyny, kt\u00f3ra przyzwoicie radzi\u0142a sobie w przedsezonowych sparingach. Brakowa\u0142o w\u0142a\u015bciwie wszystkiego, od agresywnego ataku na rywali, po solidno\u015b\u0107 w obronie i kompletny brak zagro\u017cenia w ataku.<\/p>\n<p>Gospodarze niemal bez przerwy przebywali na po\u0142owie Warty Pozna\u0144. Sw\u0105 ogromn\u0105 przewag\u0119 udokumentowali dwoma golami. Najpierw Adriana Lisa zaskoczy\u0142 z bliska Krystian Getinger w 22. minucie. Cztery minuty p\u00f3\u017aniej Stal mia\u0142a rzut karny po do\u015b\u0107 problematycznym faulu Bartosza Kieliby. Bramkarz &#8222;Zielonych&#8221; wprawdzie obroni\u0142 strza\u0142 Josipa Soljicia, ale ten po chwili dobi\u0142 pi\u0142k\u0119 do siatki.<\/p>\n<p>Go\u015bcie odpowiedzieli w tej cz\u0119\u015bci gry niecelnym uderzeniem Karola Gardzielewicza i zablokowanym strza\u0142em Gracjana Jarocha. W sumie, mogli si\u0119 cieszy\u0107, \u017ce przegrywali r\u00f3\u017cnic\u0105 tylko 2 goli.<\/p>\n<p>Na drug\u0105 po\u0142ow\u0119 Warta Pozna\u0144 wysz\u0142a nastawiona o wiele bardziej bojowo. Naciskani i n\u0119kani ju\u017c na w\u0142asnej po\u0142owie gracze Stali ju\u017c nie rozgrywali pi\u0142ki tak swobodnie. Cz\u0119\u015bciej pope\u0142niali b\u0142\u0119dy, tracili pi\u0142k\u0119. Po jednym z niedok\u0142adnych zagra\u0144 Robert Janicki przej\u0105\u0142 pi\u0142k\u0119, poda\u0142 do Gracjana Jarocha, kt\u00f3ry w swoim debiucie w zespole &#8222;Zielonych&#8221; kopn\u0105\u0142 do siatki \u0142adnym technicznym strza\u0142em.<\/p>\n<p>Do ko\u0144ca meczu pozosta\u0142o niespe\u0142na p\u00f3\u0142 godziny i, cho\u0107 miejscowy zesp\u00f3\u0142 nadal mia\u0142 przewag\u0119 oraz kolejne okazje bramkowe, to Warta walczy\u0142a o doprowadzenie do remisu. Mimo kilku zagra\u0144 w pole karne, pozna\u0144skiej dru\u017cynie nie uda\u0142o si\u0119 jednak wyr\u00f3wna\u0107.<\/p>\n<p>Kwadrans przed ko\u0144cem Adrian Lis zn\u00f3w stan\u0105\u0142 oko w oko z Josipem Soljiciem. Tym razem nogami obroni\u0142 jego strza\u0142, a ani Chorwat, ani \u017caden z jego koleg\u00f3w nie pospieszyli ze skuteczn\u0105 dobitk\u0105.<\/p>\n<p><strong>Stal Mielec &#8211; Warta Pozna\u0144 2:1 (2:0)<br \/>\nBramki:<\/strong> 1:0 Getinger (22. minuta), 2:0 Solji\u0107 (26.), 2:1 Jaroch (64.)<br \/>\n<strong>Warta:<\/strong> Lis &#8211; Kuzdra, Kieliba \u017b, Boczek, Kie\u0142b \u017b &#8211; Marciniak (55. Kupczak), Grobelny &#8211; Gardzielewicz (59. D\u0142ugosz), Janicki (73. Jak\u00f3bowski), Rybicki &#8211; Jaroch \u017b.<br \/>\n<strong>S\u0119dziowa\u0142<\/strong> Zbigniew Dobrynin z \u0141odzi<br \/>\n<strong>Widz\u00f3w 4094<\/strong> <\/p>\n<hr>\n<p><a href=\"http:\/\/bit.ly\/2Mhy8qY\" rel=\"noopener noreferrer\" target=\"_blank\">Zobacz galeri\u0119 zdj\u0119\u0107 z meczu<\/a><\/p>\n","protected":false},"excerpt":{"rendered":"<p>Po bardzo s\u0142abej grze w pierwszej po\u0142owie Warta Pozna\u0144 przegrywa\u0142a ze Stal\u0105 Mielec 0:2. W drugiej cz\u0119\u015bci zagra\u0142a lepiej, ale&#8230;<\/p>\n","protected":false},"author":36,"featured_media":5849,"comment_status":"closed","ping_status":"closed","sticky":false,"template":"","format":"standard","meta":{"om_disable_all_campaigns":false,"inline_featured_image":false,"footnotes":"","_links_to":"","_links_to_target":""},"categories":[94,100,1],"tags":[],"aioseo_notices":[],"_links":{"self":[{"href":"https:\/\/wartapoznan.pl\/index.php\/wp-json\/wp\/v2\/posts\/5848"}],"collection":[{"href":"https:\/\/wartapoznan.pl\/index.php\/wp-json\/wp\/v2\/posts"}],"about":[{"href":"https:\/\/wartapoznan.pl\/index.php\/wp-json\/wp\/v2\/types\/post"}],"author":[{"embeddable":true,"href":"https:\/\/wartapoznan.pl\/index.php\/wp-json\/wp\/v2\/users\/36"}],"replies":[{"embeddable":true,"href":"https:\/\/wartapoznan.pl\/index.php\/wp-json\/wp\/v2\/comments?post=5848"}],"version-history":[{"count":2,"href":"https:\/\/wartapoznan.pl\/index.php\/wp-json\/wp\/v2\/posts\/5848\/revisions"}],"predecessor-version":[{"id":5856,"href":"https:\/\/wartapoznan.pl\/index.php\/wp-json\/wp\/v2\/posts\/5848\/revisions\/5856"}],"wp:featuredmedia":[{"embeddable":true,"href":"https:\/\/wartapoznan.pl\/index.php\/wp-json\/wp\/v2\/media\/5849"}],"wp:attachment":[{"href":"https:\/\/wartapoznan.pl\/index.php\/wp-json\/wp\/v2\/media?parent=5848"}],"wp:term":[{"taxonomy":"category","embeddable":true,"href":"https:\/\/wartapoznan.pl\/index.php\/wp-json\/wp\/v2\/categories?post=5848"},{"taxonomy":"post_tag","embeddable":true,"href":"https:\/\/wartapoznan.pl\/index.php\/wp-json\/wp\/v2\/tags?post=5848"}],"curies":[{"name":"wp","href":"https:\/\/api.w.org\/{rel}","templated":true}]}}