{"id":5851,"date":"2019-07-27T00:11:43","date_gmt":"2019-07-26T22:11:43","guid":{"rendered":"https:\/\/wartapoznan.pl\/?p=5851"},"modified":"2019-07-27T01:44:08","modified_gmt":"2019-07-26T23:44:08","slug":"opinie-trenerow-po-meczu-stal-mielec-warta-poznan","status":"publish","type":"post","link":"https:\/\/wartapoznan.pl\/index.php\/2019\/07\/27\/opinie-trenerow-po-meczu-stal-mielec-warta-poznan\/","title":{"rendered":"Opinie trener\u00f3w po meczu Stal Mielec &#8211; Warta Pozna\u0144"},"content":{"rendered":"<p>W pierwszym meczu nowego sezonu Fortuna 1. Ligi Warta Pozna\u0144 przegra\u0142a na wyje\u017adzie 1:2 ze Stal\u0105 Mielec. Oto, co po tym spotkaniu powiedzieli trenerzy obu zespo\u0142\u00f3w:<\/p>\n<p><strong>Piotr Tworek, trener Warty Pozna\u0144:<\/strong> <em>Nie wysz\u0142a nam ta inauguracja sezonu, szczeg\u00f3lnie pierwsza po\u0142owa, o kt\u00f3rej b\u0119dziemy chcieli jak najszybciej zapomnie\u0107. Nie wychodzi\u0142o nam kompletnie nic, zar\u00f3wno w obronie niskiej, w obronie wysokiej. Po przej\u0119ciu te\u017c mieli\u015bmy problemy z utrzymaniem si\u0119 przy pi\u0142ce, co Stal wykorzysta\u0142a, strzelaj\u0105c nam dwa gole.<br \/>\nW przerwie powiedzieli\u015bmy sobie w szatni, \u017ce podchodzimy zdecydowanie bli\u017cej rywali, wszyscy \u0142apiemy krycie 1 na 1, \u015brodkowi pomocnicy podchodz\u0105 do \u015brodkowych obro\u0144c\u00f3w. Wszystko po to, \u017ceby jak najszybciej zmieni\u0107 oblicze meczu.<br \/>\n\u0141adn\u0105 bramk\u0119 zdoby\u0142 Gracjan Jaroch. Mieli\u015bmy po niej nadziej\u0119, \u017ce nawet przy s\u0142abszej naszej grze, uda nam si\u0119 wywie\u017a\u0107 jeden punkt. Szkoda, nie uda\u0142o si\u0119. \u017ba\u0142uj\u0119 sytuacji Wiktora D\u0142ugosza, kt\u00f3ry po do\u015brodkowaniu uderzy\u0142 g\u0142ow\u0105 nad bramk\u0105. Gdyby trafi\u0142, mo\u017cna by\u0142oby pomarzy\u0107 o jednym punkcie.<br \/>\nMusimy si\u0119 wzi\u0105\u0107 do pracy, zdecydowanie poprawi\u0107 b\u0142\u0119dy, kt\u00f3re by\u0142y w pierwszej po\u0142owie. W kolejnym meczu trzeba powalczy\u0107 o komplet punkt\u00f3w.<\/em><\/p>\n<p><strong>Artur Skowronek, trener Stali Mielec:<\/strong> <em>Na pewno bardzo chcieli\u015bmy dzisiaj zapunktowa\u0107 i rozpocz\u0105\u0107 nowy sezon zwyci\u0119stwem. To by\u0142o najwa\u017cniejsze. Z ca\u0142ego serca gratuluj\u0119 zespo\u0142owi, \u017ce osi\u0105gn\u0105\u0142 ten cel. Ch\u0142opaki zagrali dobry mecz i jest to dobry prognostyk na kolejne spotkania.<br \/>\nChc\u0119 te\u017c pogratulowa\u0107 kibicom. Strasznie si\u0119 ciesz\u0119, \u017ce wr\u00f3cili, bo to jest to, czego tutaj przy Solskiego brakowa\u0142o. My\u015bl\u0119, \u017ce dzi\u0119ki wam dali\u015bmy rad\u0119 w trudniejszym momencie, jakim by\u0142a ko\u0144c\u00f3wka meczu. Zrobili\u015bmy to, bo jeste\u015bmy razem i o to chodzi.<\/em><\/p>\n<hr>\n<p><a href=\"http:\/\/bit.ly\/2Mhy8qY\" rel=\"noopener noreferrer\" target=\"_blank\">Zobacz galeri\u0119 zdj\u0119\u0107 z meczu<\/a><\/p>\n","protected":false},"excerpt":{"rendered":"<p>W pierwszym meczu nowego sezonu Fortuna 1. Ligi Warta Pozna\u0144 przegra\u0142a na wyje\u017adzie 1:2 ze Stal\u0105 Mielec. Oto, co po&#8230;<\/p>\n","protected":false},"author":36,"featured_media":5853,"comment_status":"closed","ping_status":"closed","sticky":false,"template":"","format":"standard","meta":{"om_disable_all_campaigns":false,"inline_featured_image":false,"footnotes":"","_links_to":"","_links_to_target":""},"categories":[94,100,1],"tags":[],"aioseo_notices":[],"_links":{"self":[{"href":"https:\/\/wartapoznan.pl\/index.php\/wp-json\/wp\/v2\/posts\/5851"}],"collection":[{"href":"https:\/\/wartapoznan.pl\/index.php\/wp-json\/wp\/v2\/posts"}],"about":[{"href":"https:\/\/wartapoznan.pl\/index.php\/wp-json\/wp\/v2\/types\/post"}],"author":[{"embeddable":true,"href":"https:\/\/wartapoznan.pl\/index.php\/wp-json\/wp\/v2\/users\/36"}],"replies":[{"embeddable":true,"href":"https:\/\/wartapoznan.pl\/index.php\/wp-json\/wp\/v2\/comments?post=5851"}],"version-history":[{"count":3,"href":"https:\/\/wartapoznan.pl\/index.php\/wp-json\/wp\/v2\/posts\/5851\/revisions"}],"predecessor-version":[{"id":5855,"href":"https:\/\/wartapoznan.pl\/index.php\/wp-json\/wp\/v2\/posts\/5851\/revisions\/5855"}],"wp:featuredmedia":[{"embeddable":true,"href":"https:\/\/wartapoznan.pl\/index.php\/wp-json\/wp\/v2\/media\/5853"}],"wp:attachment":[{"href":"https:\/\/wartapoznan.pl\/index.php\/wp-json\/wp\/v2\/media?parent=5851"}],"wp:term":[{"taxonomy":"category","embeddable":true,"href":"https:\/\/wartapoznan.pl\/index.php\/wp-json\/wp\/v2\/categories?post=5851"},{"taxonomy":"post_tag","embeddable":true,"href":"https:\/\/wartapoznan.pl\/index.php\/wp-json\/wp\/v2\/tags?post=5851"}],"curies":[{"name":"wp","href":"https:\/\/api.w.org\/{rel}","templated":true}]}}