{"id":6171,"date":"2019-08-20T11:32:27","date_gmt":"2019-08-20T09:32:27","guid":{"rendered":"https:\/\/wartapoznan.pl\/?p=6171"},"modified":"2019-08-20T11:32:27","modified_gmt":"2019-08-20T09:32:27","slug":"jak-grali-wypozyczeni-zawodnicy-warty-poznan-raport-16","status":"publish","type":"post","link":"https:\/\/wartapoznan.pl\/index.php\/2019\/08\/20\/jak-grali-wypozyczeni-zawodnicy-warty-poznan-raport-16\/","title":{"rendered":"Jak grali wypo\u017cyczeni zawodnicy Warty Pozna\u0144 \u2013 raport"},"content":{"rendered":"<p>Dwa gole daj\u0105ce punkty strzeli\u0142 w dw\u00f3ch ostatnich meczach Szymon Piekarski, pomocnik Warty Pozna\u0144 wypo\u017cyczony do Jaroty Jarocin. Powody do zadowolenia ma te\u017c Bartosz Kalupa (na zdj\u0119ciu), kt\u00f3ry w barwach Mieszka Gniezno jest liderem III ligi z kompletem zwyci\u0119stw.<\/p>\n<p><strong>Bartosz Kalupa, 21 lat, pomocnik (Mieszko Gniezno; gr. 2 III ligi)<\/strong><br \/>\n&#8211; gra\u0142 od 82. minuty w meczu z Nielb\u0105 W\u0105growiec (1:0)<br \/>\n&#8211; gra\u0142 od 71. minuty w meczu z Gromem Nowy Staw (2:1)<br \/>\n&#8211; wyst\u0119py w sezonie 2019\/20: 3 (59 minut)<\/p>\n<p><strong>Szymon Piekarski, 20 lat, pomocnik (Jarota Jarocin; gr. 2 III ligi)<\/strong><br \/>\n&#8211; gra\u0142 do 86. minuty i strzeli\u0142 gola na 3:3 w meczu z KKS Kalisz (3:3)<br \/>\n&#8211; gra\u0142 do 87. minuty i strzeli\u0142 gola w meczu z KP Starogard Gda\u0144ski (1:0)<br \/>\n&#8211; wyst\u0119py w sezonie 2019\/20: 3 (313 minut), 2 gole<\/p>\n<p><strong>Beniamin Wrembel, 19 lat, napastnik (Jarota Jarocin; gr. 2 III ligi)<\/strong><br \/>\n&#8211; gra\u0142 od 90. minuty w meczu z KKS Kalisz (3:3)<br \/>\n&#8211; gra\u0142 od 83. minuty w meczu z KP Starogard Gda\u0144ski (1:0)<br \/>\n&#8211; wyst\u0119py w sezonie 2019\/20: 4 (40 minut)<\/p>\n<p><strong>Adrian Chopcia, 21 lat, napastnik (Victoria Wrze\u015bnia; wielkopolska  IV liga)<\/strong><br \/>\n&#8211; gra\u0142 do 56. minuty w meczu z Wart\u0105 Mi\u0119dzych\u00f3d (2:1)<br \/>\n&#8211; gra\u0142 do 65. minuty w meczu z Centr\u0105 Ostr\u00f3w Wlkp. (1:2)<br \/>\n&#8211; wyst\u0119py w sezonie 2019\/20: 3 (201 minut)<\/p>\n<p><strong>Patryk Prange, 17 lat, bramkarz (Lechia II Gda\u0144sk; pomorska IV liga oraz CLJ U-18)<\/strong><br \/>\n&#8211; wyst\u0119py w sezonie 2019\/20: 2 (135 minut)<\/p>\n<p><strong>Maksymilian Woltman, 17 lat, obro\u0144ca (Lechia II Gda\u0144sk; pomorska IV liga oraz CLJ U-18)<\/strong><br \/>\n&#8211; gra\u0142 do 45. minuty w meczu CLJ ze \u015al\u0105skiem Wroc\u0142aw (6:6)<br \/>\n&#8211; wyst\u0119py w sezonie 2019\/20: 2 (135 minut)<\/p>\n<p><strong>Miko\u0142aj Rakowski, 17 lat, pomocnik (Lechia II Gda\u0144sk; pomorska IV liga oraz CLJ U-18)<\/strong><br \/>\n&#8211; gra\u0142 od 83. minuty w meczu CLJ ze \u015al\u0105skiem Wroc\u0142aw (6:6)<br \/>\n&#8211; wyst\u0119py w sezonie 2019\/20: 1 (7 minut)<\/p>\n","protected":false},"excerpt":{"rendered":"<p>Dwa gole daj\u0105ce punkty strzeli\u0142 w dw\u00f3ch ostatnich meczach Szymon Piekarski, pomocnik Warty Pozna\u0144 wypo\u017cyczony do Jaroty Jarocin. Powody do&#8230;<\/p>\n","protected":false},"author":36,"featured_media":6173,"comment_status":"closed","ping_status":"closed","sticky":false,"template":"","format":"standard","meta":{"om_disable_all_campaigns":false,"inline_featured_image":false,"footnotes":"","_links_to":"","_links_to_target":""},"categories":[94,100,1],"tags":[],"aioseo_notices":[],"_links":{"self":[{"href":"https:\/\/wartapoznan.pl\/index.php\/wp-json\/wp\/v2\/posts\/6171"}],"collection":[{"href":"https:\/\/wartapoznan.pl\/index.php\/wp-json\/wp\/v2\/posts"}],"about":[{"href":"https:\/\/wartapoznan.pl\/index.php\/wp-json\/wp\/v2\/types\/post"}],"author":[{"embeddable":true,"href":"https:\/\/wartapoznan.pl\/index.php\/wp-json\/wp\/v2\/users\/36"}],"replies":[{"embeddable":true,"href":"https:\/\/wartapoznan.pl\/index.php\/wp-json\/wp\/v2\/comments?post=6171"}],"version-history":[{"count":2,"href":"https:\/\/wartapoznan.pl\/index.php\/wp-json\/wp\/v2\/posts\/6171\/revisions"}],"predecessor-version":[{"id":6174,"href":"https:\/\/wartapoznan.pl\/index.php\/wp-json\/wp\/v2\/posts\/6171\/revisions\/6174"}],"wp:featuredmedia":[{"embeddable":true,"href":"https:\/\/wartapoznan.pl\/index.php\/wp-json\/wp\/v2\/media\/6173"}],"wp:attachment":[{"href":"https:\/\/wartapoznan.pl\/index.php\/wp-json\/wp\/v2\/media?parent=6171"}],"wp:term":[{"taxonomy":"category","embeddable":true,"href":"https:\/\/wartapoznan.pl\/index.php\/wp-json\/wp\/v2\/categories?post=6171"},{"taxonomy":"post_tag","embeddable":true,"href":"https:\/\/wartapoznan.pl\/index.php\/wp-json\/wp\/v2\/tags?post=6171"}],"curies":[{"name":"wp","href":"https:\/\/api.w.org\/{rel}","templated":true}]}}