{"id":6487,"date":"2019-09-16T14:46:58","date_gmt":"2019-09-16T12:46:58","guid":{"rendered":"https:\/\/wartapoznan.pl\/?p=6487"},"modified":"2019-09-16T14:46:58","modified_gmt":"2019-09-16T12:46:58","slug":"przedstawiciele-warty-poznan-goscmi-magazynu-fortuna-1-ligi","status":"publish","type":"post","link":"https:\/\/wartapoznan.pl\/index.php\/2019\/09\/16\/przedstawiciele-warty-poznan-goscmi-magazynu-fortuna-1-ligi\/","title":{"rendered":"Przedstawiciele Warty Pozna\u0144 go\u015b\u0107mi Magazynu Fortuna 1 Ligi"},"content":{"rendered":"<p>Trener Warty Pozna\u0144 Piotr Tworek i pi\u0142karz \u201eZielonych\u201d Robert Janicki wyst\u0105pi\u0105 w poniedzia\u0142kowym Magazynie Fortuna 1 Ligi na antenie Polsatu Sport i na polsatsport.pl.<\/p>\n<p>Oficjalny magazyn ligowy to tradycyjne podsumowanie minionego weekendu w rozgrywkach. Widzowie ogl\u0105daj\u0105 skr\u00f3ty wszystkich mecz\u00f3w ostatniej kolejki, analizy i komentarze ekspert\u00f3w: Janusza Kudyby i Tomasza \u0141api\u0144skiego. Gospodarzem studia jest Szymon Rojek.<\/p>\n<p>Go\u015b\u0107mi poniedzia\u0142kowego Magazynu Fortuna 1 Ligi b\u0119d\u0105 przedstawiciele Warty Pozna\u0144 \u2013 trener Piotr Tworek oraz pomocnik Robert Janicki.<\/p>\n<p>Program na \u017cywo b\u0119dzie mo\u017cna obejrze\u0107 o godz. 20 na polsatsport.pl, a powt\u00f3rka na kanale Polsat Sport rozpocznie si\u0119 o godz. 23.<\/p>\n","protected":false},"excerpt":{"rendered":"<p>Trener Warty Pozna\u0144 Piotr Tworek i pi\u0142karz \u201eZielonych\u201d Robert Janicki wyst\u0105pi\u0105 w poniedzia\u0142kowym Magazynie Fortuna 1 Ligi na antenie Polsatu&#8230;<\/p>\n","protected":false},"author":36,"featured_media":6488,"comment_status":"closed","ping_status":"closed","sticky":false,"template":"","format":"standard","meta":{"om_disable_all_campaigns":false,"inline_featured_image":false,"footnotes":"","_links_to":"","_links_to_target":""},"categories":[94,100,1],"tags":[],"aioseo_notices":[],"_links":{"self":[{"href":"https:\/\/wartapoznan.pl\/index.php\/wp-json\/wp\/v2\/posts\/6487"}],"collection":[{"href":"https:\/\/wartapoznan.pl\/index.php\/wp-json\/wp\/v2\/posts"}],"about":[{"href":"https:\/\/wartapoznan.pl\/index.php\/wp-json\/wp\/v2\/types\/post"}],"author":[{"embeddable":true,"href":"https:\/\/wartapoznan.pl\/index.php\/wp-json\/wp\/v2\/users\/36"}],"replies":[{"embeddable":true,"href":"https:\/\/wartapoznan.pl\/index.php\/wp-json\/wp\/v2\/comments?post=6487"}],"version-history":[{"count":1,"href":"https:\/\/wartapoznan.pl\/index.php\/wp-json\/wp\/v2\/posts\/6487\/revisions"}],"predecessor-version":[{"id":6489,"href":"https:\/\/wartapoznan.pl\/index.php\/wp-json\/wp\/v2\/posts\/6487\/revisions\/6489"}],"wp:featuredmedia":[{"embeddable":true,"href":"https:\/\/wartapoznan.pl\/index.php\/wp-json\/wp\/v2\/media\/6488"}],"wp:attachment":[{"href":"https:\/\/wartapoznan.pl\/index.php\/wp-json\/wp\/v2\/media?parent=6487"}],"wp:term":[{"taxonomy":"category","embeddable":true,"href":"https:\/\/wartapoznan.pl\/index.php\/wp-json\/wp\/v2\/categories?post=6487"},{"taxonomy":"post_tag","embeddable":true,"href":"https:\/\/wartapoznan.pl\/index.php\/wp-json\/wp\/v2\/tags?post=6487"}],"curies":[{"name":"wp","href":"https:\/\/api.w.org\/{rel}","templated":true}]}}