{"id":6500,"date":"2019-09-17T17:44:15","date_gmt":"2019-09-17T15:44:15","guid":{"rendered":"https:\/\/wartapoznan.pl\/?p=6500"},"modified":"2019-09-18T08:52:10","modified_gmt":"2019-09-18T06:52:10","slug":"tak-graly-druzyny-mlodziezowe-warty-poznan-wyniki-3","status":"publish","type":"post","link":"https:\/\/wartapoznan.pl\/index.php\/2019\/09\/17\/tak-graly-druzyny-mlodziezowe-warty-poznan-wyniki-3\/","title":{"rendered":"Tak gra\u0142y dru\u017cyny m\u0142odzie\u017cowe Warty Pozna\u0144 &#8211; wyniki"},"content":{"rendered":"<p>Dowiedz si\u0119, jakie wyniki osi\u0105gn\u0119\u0142y m\u0142odzie\u017cowe dru\u017cyny Warty Pozna\u0144 w rozgrywkach ligowych:<\/p>\n<h6>Dru\u017cyna A1 (rocznik 2001\/2002)<\/h6>\n<p><strong>NOTE\u0106 CZARNK\u00d3W &#8211; WARTA POZNA\u0143  1:3 (0:1)<br \/>\nBramki:<\/strong> 0:1 Szmyt (30.), 0:2 Smykowski (47.), 0:3 Malu\u015bki (80.), 1:3 (86.)<br \/>\n<strong>Warta:<\/strong> Mateusz Kustosz &#8211; Stanis\u0142aw Jarysz (66. Micha\u0142 M\u00f3l), Filip Ma\u0142ek, Kacper Tomaszczak, Dawid Rogowicki &#8211; Mateusz So\u0142tysiak, Maks Lisowski (66. Mateusz Malu\u015bki) &#8211; Sebastian Olszewski, Kajetan Szmyt, Miko\u0142aj Libera (81. Antonio Asani) &#8211; Dominik Smykowski (81. Bartosz \u015awi\u0105tek).<\/p>\n<h6>Dru\u017cyna B1 (rocznik 2003)<\/h6>\n<p><strong>WARTA POZNA\u0143 &#8211; AKADEMIA REISSA POZNA\u0143 0:2 (0:1)<br \/>\nBramki: <\/strong>0:1 (18.), 0:2 (90.)<br \/>\n<strong>Warta:<\/strong> Wiktor Kr\u00f3l \u2013 Szymon Soi\u0144ski, Albert \u017berkowski, Aleksander Kultys, Jakub Bylina &#8211; Aleksander Kluczy\u0144ski, Mateusz Wojciechowski, Maksymilian Hy\u017cyk, Miko\u0142aj Stangel, Miko\u0142aj Naro\u017cny &#8211; Jakub Poterski. Grali tak\u017ce: Robert Kr\u0119gielczak, Mateusz Natyna, Eryk Wlazlak, Szymon Kaczmarek.<\/p>\n<h6>Dru\u017cyna B2 (rocznik 2004)<\/h6>\n<p><strong>PRZEMYS\u0141AW POZNA\u0143 &#8211; WARTA POZNA\u0143 0:5 (0:3)<br \/>\nBramki:<\/strong> 0:1 i 0:2 Osajda (5. i 30.), 0:3 Przybylski (33., karny), 0:4 Andrzejewski (52.), 0:5 Osajda (60.)<br \/>\n<strong>Warta:<\/strong> Leo Przybylak, (65. Kacper Topolski), Antoni Przybylski, Adam Pacholski (75. Wiktor Konecki), Filip Pisarek (70. Krystian Michalak), Wiktor Cier\u017cniak, Filip Jakubowski, Arseni Dovnarovich (46. Dawid Adamek), Bruno Siedlecki, Mi\u0142osz W\u00f3decki (60. Jakub Milkowski), Kacper Osajda (65. Maksymilian Pogonowski), Denis Andrzejewski (65. Mateusz Porzucek).<\/p>\n<h6>Dru\u017cyna C1 (rocznik 2005)<\/h6>\n<p><strong>WARTA POZNA\u0143- CWZS BYDGOSZCZ 1:1 (0:1)<br \/>\nBramka:<\/strong> 1:1 Skroba\u0142a (79.)<br \/>\n<strong>Sk\u0142ad:<\/strong> Bartosz Dubel &#8211; B\u0142a\u017cej Guszczak (70. Aleksander Zajder), Adrian Dutkiewicz, Bartosz Urbaniak ,Kacper Adamczyk &#8211; Micha\u0142 Gamalczyk (40. Jakub Michalewicz), Cezary Mod\u0142awski (55. B\u0142a\u017cej Krzywicki), Bartosz Falbierski, Kamil Janik, Kacper Pytlik &#8211; Kamil Lorek (58. Igor Skroba\u0142a).<\/p>\n<h6>Dru\u017cyna C2 (rocznik 2006)<\/h6>\n<p><strong>PKS RACOT &#8211; WARTA POZNA\u0143 1:8 (0:3)<br \/>\nBramki:<\/strong> 0:1 \u0106wikli\u0144ski (27.), 0:2 Jasi\u0144ski (34.), 0:3 \u0106wikli\u0144ski (37.), 0:4 Maciejewski (48.),0:5 Marciniak (63.), 0:6 Giezek (66.), 0:7 i 1:8 Wi\u015bniewski (68. i 78.)<br \/>\n<strong>Warta:<\/strong> Borys O\u0142eniak (Aleks Grzybowski) \u2013 Wojciech Karasiewicz (Jan Nowak), Micha\u0142 Piechnicki (Antoni Giezek), Dawid Szpakowski, Antoni Nowaczyk (Filip Kabat), Igor \u0106wikli\u0144ski  (Kacper Maciejewski), Patryk  Jencz, Daniel Jasi\u0144ski (Kuba Sobczak), Aleks Jechura  (Aleks Marciniak), Krzysztof \u017bywiec, \u0141ukasz Wi\u015bniewski.<\/p>\n<h6>Dru\u017cyna D1 (rocznik 2007)<\/h6>\n<p><strong>WARTA POZNA\u0143 &#8211; POZNA\u0143SKA &#8222;13&#8221; 5:1 (3:0)<br \/>\nBramki:<\/strong> 1:0 Michalski (18.), 2:0 Cylwik (23.), 3:0 Wojtysiak (26.), 4:1 Rze\u017anik (57.), 5:1 Mal\u0105g (59.)<br \/>\n<strong>Warta:<\/strong> Adam Gawelski &#8211; Marcin Mal\u0105g, Oskar Stefan &#8211; Maurycy Michalski, Piotr Bia\u0142aszyk &#8211; Jakub Szalaty, Adam Cylwik, Eryk Schade &#8211; Stanis\u0142aw Rze\u017anik. <strong>Grali tak\u017ce: <\/strong>Dawid Kanikowski, Dominik Korczak, Igor Wojtysiak, Franciszek Jakubowski.<\/p>\n<h6>Dru\u017cyna D2 (rocznik 2008)<\/h6>\n<p><strong>POLONIA \u015aRODA WLKP. &#8211; WARTA II POZNA\u0143 3:2<br \/>\nBramki:<\/strong> 1:1 Nowaczyk (23.) 1:2 sam.<br \/>\n<strong>Warta:<\/strong> Tymon Marciniak &#8211; Mateusz Wo\u017aniak, Ernest \u015aliwi\u0144ski, Jan Kosik,  Adam Michalak, Wiktor M\u0105czkowski , Emil Kawicki, Stanis\u0142aw Pindur, Maksymilian Nowaczyk. <strong>Grali tak\u017ce:<\/strong> Jan Sip, Jakub Buli\u0144ski, Kamil Majchrzak.<\/p>\n<h6>Dru\u017cyna E2 (rocznik 2010)<\/h6>\n<p><strong>AKADEMIA REISSA POZNA\u0143 &#8211; WARTA I POZNA\u0143 10:1<br \/>\nBramka:<\/strong> 0:1 Gadomski (7.)<br \/>\n<strong>Warta:<\/strong> Dominik Majchrzak, Antoni Sier\u017cant, Maciej Ratajczyk, Aleksander Ozyga\u0142a, Filip Gadomski, Szymon Kudli\u0144ski, Miko\u0142aj Idkowiak. <strong>Grali tak\u017ce:<\/strong> J\u0119drzej Klitkowski, Tymoteusz Suchorski, Jakub Zaj\u0105czkowski.<\/p>\n<p><strong>WARTA II POZNA\u0143 &#8211; POZNANIAK POZNA\u0143 7:2 (5:2)<br \/>\nBramki:<\/strong>  0:1 i 0:2 (5. i 9.) 1:2 Walczak (12.), 2:2 Grzybek (13.), 3:2 Walczak (16.), 4:2 Fehlau (21.), 5:2 i 6:2 Jankowiak (37. i 39.), 7:2 Grzybek (43.)<br \/>\n<strong>Warta:<\/strong> J\u0119drzej Ch\u0142odnicki \u2013 Wiktor Tomaszewski, Maciej Jezierski, Miko\u0142aj Fehlau, Jan Jankowiak, Filip Ma\u0107kowiak, Jakub Domaga\u0142a. <strong>Grali tak\u017ce:<\/strong> Borys Grzybek, Bartosz Karasi\u0144ski, Nikodem Stachowski, Mateusz Walczak, Igor \u017bok.<\/p>\n","protected":false},"excerpt":{"rendered":"<p>Dowiedz si\u0119, jakie wyniki osi\u0105gn\u0119\u0142y m\u0142odzie\u017cowe dru\u017cyny Warty Pozna\u0144 w rozgrywkach ligowych: Dru\u017cyna A1 (rocznik 2001\/2002) NOTE\u0106 CZARNK\u00d3W &#8211; WARTA&#8230;<\/p>\n","protected":false},"author":36,"featured_media":6502,"comment_status":"closed","ping_status":"closed","sticky":false,"template":"","format":"standard","meta":{"om_disable_all_campaigns":false,"inline_featured_image":false,"footnotes":"","_links_to":"","_links_to_target":""},"categories":[95,94,96,1],"tags":[],"aioseo_notices":[],"_links":{"self":[{"href":"https:\/\/wartapoznan.pl\/index.php\/wp-json\/wp\/v2\/posts\/6500"}],"collection":[{"href":"https:\/\/wartapoznan.pl\/index.php\/wp-json\/wp\/v2\/posts"}],"about":[{"href":"https:\/\/wartapoznan.pl\/index.php\/wp-json\/wp\/v2\/types\/post"}],"author":[{"embeddable":true,"href":"https:\/\/wartapoznan.pl\/index.php\/wp-json\/wp\/v2\/users\/36"}],"replies":[{"embeddable":true,"href":"https:\/\/wartapoznan.pl\/index.php\/wp-json\/wp\/v2\/comments?post=6500"}],"version-history":[{"count":8,"href":"https:\/\/wartapoznan.pl\/index.php\/wp-json\/wp\/v2\/posts\/6500\/revisions"}],"predecessor-version":[{"id":6518,"href":"https:\/\/wartapoznan.pl\/index.php\/wp-json\/wp\/v2\/posts\/6500\/revisions\/6518"}],"wp:featuredmedia":[{"embeddable":true,"href":"https:\/\/wartapoznan.pl\/index.php\/wp-json\/wp\/v2\/media\/6502"}],"wp:attachment":[{"href":"https:\/\/wartapoznan.pl\/index.php\/wp-json\/wp\/v2\/media?parent=6500"}],"wp:term":[{"taxonomy":"category","embeddable":true,"href":"https:\/\/wartapoznan.pl\/index.php\/wp-json\/wp\/v2\/categories?post=6500"},{"taxonomy":"post_tag","embeddable":true,"href":"https:\/\/wartapoznan.pl\/index.php\/wp-json\/wp\/v2\/tags?post=6500"}],"curies":[{"name":"wp","href":"https:\/\/api.w.org\/{rel}","templated":true}]}}