{"id":6605,"date":"2019-09-23T10:24:09","date_gmt":"2019-09-23T08:24:09","guid":{"rendered":"https:\/\/wartapoznan.pl\/?p=6605"},"modified":"2019-09-23T10:24:09","modified_gmt":"2019-09-23T08:24:09","slug":"najskuteczniejsi-w-warcie-poznan-po-10-kolejce-fortuna-1-ligi","status":"publish","type":"post","link":"https:\/\/wartapoznan.pl\/index.php\/2019\/09\/23\/najskuteczniejsi-w-warcie-poznan-po-10-kolejce-fortuna-1-ligi\/","title":{"rendered":"Najskuteczniejsi w Warcie Pozna\u0144 \u2013 po 10. kolejce Fortuna 1 Ligi"},"content":{"rendered":"<p>Drugi mecz z rz\u0119du, w kt\u00f3rym Robert Janicki strzeli\u0142 gola i zanotowa\u0142 asyst\u0119, pozwoli\u0142 pomocnikowi Warty Pozna\u0144 zosta\u0107 samotnym liderem w dw\u00f3ch, klubowych zestawieniach \u2013 najlepszych strzelc\u00f3w w zespole i punktacji kanadyjskiej.<\/p>\n<p>Po 10. Kolejce Fortuna 1 Ligi Warta Pozna\u0144 jest ju\u017c jedynym zespo\u0142em, kt\u00f3ry strzela co najmniej jednego gola w ka\u017cdym meczu. Wcze\u015bniej \u201eZielonym\u201d dotrzymywa\u0142y kroku Wigry Suwa\u0142ki, ale w pi\u0105tek zesp\u00f3\u0142 ten zanotowa\u0142 bezbramkowy remis ze Stomilem Olsztyn. Dzie\u0144 p\u00f3\u017aniej poznaniacy rozprawili si\u0119 z Sandecj\u0105 Nowy S\u0105cz (2:1) i obronili pozycj\u0119 lidera rozgrywek.<\/p>\n<p>\u015awietny tydzie\u0144 ma za sob\u0105 Robert Janicki, kt\u00f3ry powt\u00f3rzy\u0142 swoje osi\u0105gni\u0119cie z meczu z Odr\u0105 Opole i zn\u00f3w zako\u0144czy\u0142 mecz z bramk\u0105 i asyst\u0105 na koncie. 22-latek najpierw poda\u0142 do Gracjana Jarocha przy golu na 1:0, a potem wykorzysta\u0142 rzut karny i podwy\u017cszy\u0142 prowadzenie Warty Pozna\u0144 na 2:0. Pi\u0119\u0107 goli na koncie to dok\u0142adnie tyle, ile Robert Janicki uzbiera\u0142 przez ca\u0142y poprzedni sezon, gdy by\u0142 najlepszym strzelcem beniaminka Fortuna 1 Ligi. W obecnych rozgrywkach wi\u0119cej trafie\u0144 w ca\u0142ej lidze maj\u0105 tylko Omran Haydary z Olimpii Grudzi\u0105dz i Karol Danielak z Podbeskidzia Bielsko-Bia\u0142a.<\/p>\n<p><img loading=\"lazy\" decoding=\"async\" width=\"3185\" height=\"2117\" src=\"https:\/\/wartapoznan.pl\/wp-content\/uploads\/2019\/09\/Sandecja-6479.jpg\" alt=\"Sandecja Nowy S\u0105cz - Warta Pozna\u0144 1:2. Robert Janicki strzela gola na 2:0 dla Warty\" class=\"aligncenter size-full wp-image-6607\" srcset=\"https:\/\/wartapoznan.pl\/wp-content\/uploads\/2019\/09\/Sandecja-6479.jpg 3185w, https:\/\/wartapoznan.pl\/wp-content\/uploads\/2019\/09\/Sandecja-6479-300x199.jpg 300w, https:\/\/wartapoznan.pl\/wp-content\/uploads\/2019\/09\/Sandecja-6479-768x510.jpg 768w, https:\/\/wartapoznan.pl\/wp-content\/uploads\/2019\/09\/Sandecja-6479-1024x681.jpg 1024w, https:\/\/wartapoznan.pl\/wp-content\/uploads\/2019\/09\/Sandecja-6479-128x85.jpg 128w, https:\/\/wartapoznan.pl\/wp-content\/uploads\/2019\/09\/Sandecja-6479-32x21.jpg 32w, https:\/\/wartapoznan.pl\/wp-content\/uploads\/2019\/09\/Sandecja-6479-356x237.jpg 356w, https:\/\/wartapoznan.pl\/wp-content\/uploads\/2019\/09\/Sandecja-6479-470x312.jpg 470w, https:\/\/wartapoznan.pl\/wp-content\/uploads\/2019\/09\/Sandecja-6479-70x47.jpg 70w, https:\/\/wartapoznan.pl\/wp-content\/uploads\/2019\/09\/Sandecja-6479-100x66.jpg 100w, https:\/\/wartapoznan.pl\/wp-content\/uploads\/2019\/09\/Sandecja-6479-600x399.jpg 600w\" sizes=\"(max-width: 3185px) 100vw, 3185px\" \/><\/p>\n<p>Gracjan Jarocha w Nowym S\u0105czu przerwa\u0142 swoj\u0105 seri\u0119 pi\u0119ciu mecz\u00f3w bez gola. Teraz ma cztery bramki i wraz kilkoma innymi zawodnikami jest na pi\u0105tym miejscu klasyfikacji kr\u00f3la strzelc\u00f3w zaplecza ekstraklasy.<\/p>\n<p>Dodajmy jeszcze, \u017ce trzy dni po zdobyciu swojej pierwszej bramki dla Warty Pozna\u0144 Mariusz Rybicki wypracowa\u0142 rzut karny w starciu z Sandecj\u0105 i tym samym zanotowa\u0142 pierwsz\u0105 asyst\u0119 w sezonie.<\/p>\n<p>Po dziesi\u0119ciu kolejkach  Warta Pozna\u0144 ma trzeci\u0105 ofensyw\u0119 w lidze. 16 goli to wynik gorszy jedynie od GKS Tychy (20) i Olimpii Grudzi\u0105dz (17). Natomiast 9 straconych bramek to najlepsze osi\u0105gni\u0119cie w ca\u0142ej stawce, obok Miedzi Legnica, Puszczy Niepo\u0142omice i Bruk-Bet Termaliki Nieciecza.<\/p>\n<p><strong>BRAMKI:<br \/>\n5 &#8211; Robert Janicki (+1)<\/strong><br \/>\n4 &#8211; Gracjan Jaroch (+1)<br \/>\n3 \u2013 Mateusz Kupczak<br \/>\n1 \u2013 Tomasz Boczek, Wiktor D\u0142ugosz, Mariusz Rybicki, Jakub Kie\u0142b<\/p>\n<p><strong>ASYSTY:<br \/>\n4 \u2013 Micha\u0142 Jak\u00f3bowski<\/strong><br \/>\n3 &#8211; Robert Janicki (+1)<br \/>\n2 \u2013 Jakub Kuzdra, Gracjan Jaroch, Mariusz Rybicki (+1)<br \/>\n1 \u2013 Jakub Kie\u0142b, Tomasz Boczek<\/p>\n<p><strong>KLASYFIKACJA KANADYJSKA<br \/>\n8 \u2013 Robert Janicki<\/strong><br \/>\n6 \u2013 Gracjan Jaroch<br \/>\n4 \u2013 Micha\u0142 Jak\u00f3bowski,<br \/>\n3 &#8211; Mateusz Kupczak<br \/>\n2 \u2013 Tomasz Boczek, Jakub Kuzdra, Jakub Kie\u0142b, Mariusz Rybicki<br \/>\n1 \u2013 Wiktor D\u0142ugosz, Adrian Laskowski<\/p>\n<hr>\n<p><a href=\"http:\/\/bit.ly\/2munVN5\" rel=\"noopener noreferrer\" target=\"_blank\">Zobacz galeri\u0119 zdj\u0119\u0107 z meczu<\/a><\/p>\n","protected":false},"excerpt":{"rendered":"<p>Drugi mecz z rz\u0119du, w kt\u00f3rym Robert Janicki strzeli\u0142 gola i zanotowa\u0142 asyst\u0119, pozwoli\u0142 pomocnikowi Warty Pozna\u0144 zosta\u0107 samotnym liderem&#8230;<\/p>\n","protected":false},"author":36,"featured_media":6606,"comment_status":"closed","ping_status":"closed","sticky":false,"template":"","format":"standard","meta":{"om_disable_all_campaigns":false,"inline_featured_image":false,"footnotes":"","_links_to":"","_links_to_target":""},"categories":[94,100,1],"tags":[],"aioseo_notices":[],"_links":{"self":[{"href":"https:\/\/wartapoznan.pl\/index.php\/wp-json\/wp\/v2\/posts\/6605"}],"collection":[{"href":"https:\/\/wartapoznan.pl\/index.php\/wp-json\/wp\/v2\/posts"}],"about":[{"href":"https:\/\/wartapoznan.pl\/index.php\/wp-json\/wp\/v2\/types\/post"}],"author":[{"embeddable":true,"href":"https:\/\/wartapoznan.pl\/index.php\/wp-json\/wp\/v2\/users\/36"}],"replies":[{"embeddable":true,"href":"https:\/\/wartapoznan.pl\/index.php\/wp-json\/wp\/v2\/comments?post=6605"}],"version-history":[{"count":1,"href":"https:\/\/wartapoznan.pl\/index.php\/wp-json\/wp\/v2\/posts\/6605\/revisions"}],"predecessor-version":[{"id":6608,"href":"https:\/\/wartapoznan.pl\/index.php\/wp-json\/wp\/v2\/posts\/6605\/revisions\/6608"}],"wp:featuredmedia":[{"embeddable":true,"href":"https:\/\/wartapoznan.pl\/index.php\/wp-json\/wp\/v2\/media\/6606"}],"wp:attachment":[{"href":"https:\/\/wartapoznan.pl\/index.php\/wp-json\/wp\/v2\/media?parent=6605"}],"wp:term":[{"taxonomy":"category","embeddable":true,"href":"https:\/\/wartapoznan.pl\/index.php\/wp-json\/wp\/v2\/categories?post=6605"},{"taxonomy":"post_tag","embeddable":true,"href":"https:\/\/wartapoznan.pl\/index.php\/wp-json\/wp\/v2\/tags?post=6605"}],"curies":[{"name":"wp","href":"https:\/\/api.w.org\/{rel}","templated":true}]}}