{"id":6722,"date":"2019-09-30T13:56:25","date_gmt":"2019-09-30T11:56:25","guid":{"rendered":"https:\/\/wartapoznan.pl\/?p=6722"},"modified":"2019-09-30T13:56:25","modified_gmt":"2019-09-30T11:56:25","slug":"pierwszoligowe-czytanie-podsumowanie","status":"publish","type":"post","link":"https:\/\/wartapoznan.pl\/index.php\/2019\/09\/30\/pierwszoligowe-czytanie-podsumowanie\/","title":{"rendered":"#Pierwszoligowe czytanie: podsumowanie"},"content":{"rendered":"<p>Pi\u0142ka no\u017cna i g\u0142o\u015bne czytanie? Czemu nie! Jedni m\u00f3wi\u0105 o tym, \u017ce \u201emoda\u201d na czytanie powraca, inni \u017ce niestety jest zupe\u0142nie odwrotnie. Ka\u017cdy z nas mo\u017ce co\u015b z tym zrobi\u0107, bo ksi\u0105\u017cki podobnie jak sport to emocje, odkrywanie, kszta\u0142towanie osobowo\u015bci i nabywanie wiedzy. Dlatego tak wa\u017cne jest, by uczy\u0107 dzieci od najm\u0142odszych lat, \u017ce ksi\u0105\u017cki maj\u0105 moc, a rodzic\u00f3w \u2013 \u017ce g\u0142o\u015bne czytanie i sp\u0119dzanie czasu z pociechami to najpi\u0119kniejszy prezent, jaki mo\u017cemy im podarowa\u0107. Na co dzie\u0144, nie od \u015bwi\u0119ta. <\/p>\n<h6>\u201eCzyta\u0107 to bardziej \u017cy\u0107, to \u017cy\u0107 intensywniej\u201d (C. R. Zaf\u00f3n)<\/h6>\n<p>Wsp\u00f3lnie z pierwszoligowymi klubami w niekonwencjonalny spos\u00f3b w\u0142\u0105czyli\u015bmy si\u0119 w obchody Dnia G\u0142o\u015bnego Czytania (29 wrze\u015bnia), chc\u0105c z jednej strony podj\u0105\u0107 walk\u0119 ze stereotypami, a z drugiej strony pokaza\u0107, \u017ce zale\u017cy nam na tym, by wsp\u00f3lnie m\u00f3c zrobi\u0107 co\u015b dobrego. Akcja przeprowadzona w naszych serwisach spo\u0142eczno\u015bciowych trwa\u0142a kilkana\u015bcie dni, w trakcie kt\u00f3rych publikowane by\u0142y zdj\u0119cia oraz filmy ukazuj\u0105ce zawodnik\u00f3w, cz\u0142onk\u00f3w sztabu szkoleniowego, trener\u00f3w akademii i osoby zwi\u0105zane z klubem. Tym razem zamiast pi\u0142ki trzymali oni w d\u0142oniach zupe\u0142nie inny atrybut \u2013 ksi\u0105\u017ck\u0119.<\/p>\n<h6>Wiele pomys\u0142\u00f3w \u2013 jeden cel<\/h6>\n<p>Podejmowanych inicjatyw by\u0142o naprawd\u0119 mn\u00f3stwo. Recytacja wierszy, czytanie \u201eOgniem i mieczem\u201d jako mentalne przygotowanie do ligowego meczu, odwiedzanie przedszkoli, szk\u00f3\u0142, bibliotek i sp\u0119dzanie czasu z dzie\u0107mi na lekturze. W\u0142\u0105czali\u015bmy w swe dzia\u0142ania r\u00f3wnie\u017c m\u0142odych adept\u00f3w pi\u0142karskich i trener\u00f3w m\u0142odzie\u017cy.  Ksi\u0105\u017cki pojawia\u0142y si\u0119 tak\u017ce na treningach, stadionach czy\u2026 w autokarach w trakcie d\u0142ugich podr\u00f3\u017cy na mecze ligowe. S\u0142owem \u2013 lektury wpisa\u0142y si\u0119 w krajobraz naszego funkcjonowania.<\/p>\n<h6>Zainspiruj si\u0119 i Ty<\/h6>\n<p>Kluczem naszej mi\u0119dzyklubowej wsp\u00f3\u0142pracy by\u0142a inspiracja do tego, by t\u0119 inicjatyw\u0119 przenie\u015b\u0107 ze stadion\u00f3w, szk\u00f3\u0142, bibliotek r\u00f3wnie\u017c do dom\u00f3w kibic\u00f3w. Czytanie ma wielk\u0105 moc i nie mo\u017cna o tym zapomina\u0107, dlatego wsp\u00f3lnie z Fortuna 1 Lig\u0105 i klubami zaanga\u017cowali\u015bmy si\u0119 w ten projekt. Jednocze\u015bnie zach\u0119camy wszystkich kibic\u00f3w do wsp\u00f3lnego sp\u0119dzania czasu z ciekaw\u0105 lektur\u0105. Tak niewiele znaczy tak wiele!<\/p>\n<p><a href=\"http:\/\/bit.ly\/2mMfVHH\" rel=\"noopener noreferrer\" target=\"_blank\">Adrian Cierpka: Ksi\u0105\u017cki pomagaj\u0105 mi by\u0107 lepszym cz\u0142owiekiem i sportowcem &#8211; przeczytaj rozmow\u0119 z naszym pi\u0142karzem<\/a><\/p>\n","protected":false},"excerpt":{"rendered":"<p>Pi\u0142ka no\u017cna i g\u0142o\u015bne czytanie? Czemu nie! Jedni m\u00f3wi\u0105 o tym, \u017ce \u201emoda\u201d na czytanie powraca, inni \u017ce niestety jest&#8230;<\/p>\n","protected":false},"author":36,"featured_media":6724,"comment_status":"closed","ping_status":"closed","sticky":false,"template":"","format":"standard","meta":{"om_disable_all_campaigns":false,"inline_featured_image":false,"footnotes":"","_links_to":"","_links_to_target":""},"categories":[94,1],"tags":[],"aioseo_notices":[],"_links":{"self":[{"href":"https:\/\/wartapoznan.pl\/index.php\/wp-json\/wp\/v2\/posts\/6722"}],"collection":[{"href":"https:\/\/wartapoznan.pl\/index.php\/wp-json\/wp\/v2\/posts"}],"about":[{"href":"https:\/\/wartapoznan.pl\/index.php\/wp-json\/wp\/v2\/types\/post"}],"author":[{"embeddable":true,"href":"https:\/\/wartapoznan.pl\/index.php\/wp-json\/wp\/v2\/users\/36"}],"replies":[{"embeddable":true,"href":"https:\/\/wartapoznan.pl\/index.php\/wp-json\/wp\/v2\/comments?post=6722"}],"version-history":[{"count":2,"href":"https:\/\/wartapoznan.pl\/index.php\/wp-json\/wp\/v2\/posts\/6722\/revisions"}],"predecessor-version":[{"id":6725,"href":"https:\/\/wartapoznan.pl\/index.php\/wp-json\/wp\/v2\/posts\/6722\/revisions\/6725"}],"wp:featuredmedia":[{"embeddable":true,"href":"https:\/\/wartapoznan.pl\/index.php\/wp-json\/wp\/v2\/media\/6724"}],"wp:attachment":[{"href":"https:\/\/wartapoznan.pl\/index.php\/wp-json\/wp\/v2\/media?parent=6722"}],"wp:term":[{"taxonomy":"category","embeddable":true,"href":"https:\/\/wartapoznan.pl\/index.php\/wp-json\/wp\/v2\/categories?post=6722"},{"taxonomy":"post_tag","embeddable":true,"href":"https:\/\/wartapoznan.pl\/index.php\/wp-json\/wp\/v2\/tags?post=6722"}],"curies":[{"name":"wp","href":"https:\/\/api.w.org\/{rel}","templated":true}]}}