{"id":7005,"date":"2019-10-22T14:40:22","date_gmt":"2019-10-22T12:40:22","guid":{"rendered":"https:\/\/wartapoznan.pl\/?p=7005"},"modified":"2019-10-22T14:40:22","modified_gmt":"2019-10-22T12:40:22","slug":"jak-grali-wypozyczeni-zawodnicy-warty-poznan-raport-24","status":"publish","type":"post","link":"https:\/\/wartapoznan.pl\/index.php\/2019\/10\/22\/jak-grali-wypozyczeni-zawodnicy-warty-poznan-raport-24\/","title":{"rendered":"Jak grali wypo\u017cyczeni zawodnicy Warty Pozna\u0144 \u2013 raport"},"content":{"rendered":"<p>W trzecim kolejnym meczu bramk\u0119 strzeli\u0142 Adrian Chopcia, napastnik Warty Pozna\u0144 wypo\u017cyczony do Victorii Wrze\u015bnia. \u015awietn\u0105 seri\u0119 ma Mieszko Gniezno z Bartoszem Kalup\u0105 w sk\u0142adzie. Gnie\u017anianie wygrali sz\u00f3ste spotykanie z rz\u0119du i awansowali na pierwsze miejsce w tabeli 2. grupy III ligi.<\/p>\n<p>Dotychczasowy lider, Radunia St\u0119\u017cyca straci\u0142 punkty po bezbramkowym remisie z Jarot\u0105 Jarocin, dla kt\u00f3rego od pierwszej minuty gra\u0142o dw\u00f3ch zawodnik\u00f3w \u201eZielonych\u201d: Szymon Piekarski i Beniamin Wrembel.<\/p>\n<p><strong>Bartosz Kalupa, 21 lat, pomocnik (Mieszko Gniezno; gr. 2 III ligi)<\/strong><br \/>\n&#8211; 90 minut w meczu ze \u015awitem Skolwin (1:0)<br \/>\n&#8211; wyst\u0119py w sezonie 2019\/20: 10 (612 minut)<\/p>\n<p><strong>Szymon Piekarski, 20 lat, pomocnik (Jarota Jarocin; gr. 2 III ligi)<\/strong><br \/>\n&#8211; gra\u0142 do 81. minuty meczu z Raduni\u0105 St\u0119\u017cyca (0:0)<br \/>\n&#8211; wyst\u0119py w sezonie 2019\/20: 10 (886 minut), 2 gole<\/p>\n<p><strong>Beniamin Wrembel, 19 lat, napastnik (Jarota Jarocin; gr. 2 III ligi)<\/strong><br \/>\n&#8211; gra\u0142 do 65. minuty meczu z Raduni\u0105 St\u0119\u017cyca (0:0)<br \/>\n&#8211; wyst\u0119py w sezonie 2019\/20: 13 (387 minut), 2 gole<\/p>\n<p><strong>Adrian Chopcia, 21 lat, napastnik (Victoria Wrze\u015bnia; wielkopolska  IV liga)<\/strong><br \/>\n&#8211; 90 minut i gol na 6:0 w meczu z Olimpi\u0105 Ko\u0142o (6:0)<br \/>\n&#8211; wyst\u0119py w sezonie 2019\/20: 12 (777 minut), 3 gole<\/p>\n<p><strong>Maksymilian Woltman, 17 lat, obro\u0144ca (Lechia II Gda\u0144sk; pomorska IV liga oraz CLJ U-18)<\/strong><br \/>\n&#8211; nie gra\u0142 w meczu CLJ z G\u00f3rnikiem Zabrze (1:2)<br \/>\n&#8211; nie gra\u0142 w meczu IV ligi z Lipniczank\u0105 Lipnica (0:0)<br \/>\n&#8211; wyst\u0119py w sezonie 2019\/20: 4 (224 minut)<\/p>\n<p><strong>Patryk Prange, 17 lat, bramkarz (Lechia II Gda\u0144sk; pomorska IV liga oraz CLJ U-18)<\/strong><br \/>\n&#8211; nie gra\u0142 w meczu CLJ z G\u00f3rnikiem Zabrze (1:2)<br \/>\n&#8211; nie gra\u0142 w meczu IV ligi z Lipniczank\u0105 Lipnica (0:0)<br \/>\n&#8211; wyst\u0119py w sezonie 2019\/20: 2 (135 minut)<\/p>\n<p><strong>Miko\u0142aj Rakowski, 17 lat, pomocnik (Lechia II Gda\u0144sk; pomorska IV liga oraz CLJ U-18)<\/strong><br \/>\n&#8211; nie gra\u0142 w meczu CLJ z G\u00f3rnikiem Zabrze (1:2)<br \/>\n&#8211; 90 minut w meczu IV ligi z Lipniczank\u0105 Lipnica (0:0)<br \/>\n&#8211; wyst\u0119py w sezonie 2019\/20: 8 (428 minut)<\/p>\n","protected":false},"excerpt":{"rendered":"<p>W trzecim kolejnym meczu bramk\u0119 strzeli\u0142 Adrian Chopcia, napastnik Warty Pozna\u0144 wypo\u017cyczony do Victorii Wrze\u015bnia. \u015awietn\u0105 seri\u0119 ma Mieszko Gniezno&#8230;<\/p>\n","protected":false},"author":36,"featured_media":7007,"comment_status":"closed","ping_status":"closed","sticky":false,"template":"","format":"standard","meta":{"om_disable_all_campaigns":false,"inline_featured_image":false,"footnotes":"","_links_to":"","_links_to_target":""},"categories":[95,94,96,1],"tags":[],"aioseo_notices":[],"_links":{"self":[{"href":"https:\/\/wartapoznan.pl\/index.php\/wp-json\/wp\/v2\/posts\/7005"}],"collection":[{"href":"https:\/\/wartapoznan.pl\/index.php\/wp-json\/wp\/v2\/posts"}],"about":[{"href":"https:\/\/wartapoznan.pl\/index.php\/wp-json\/wp\/v2\/types\/post"}],"author":[{"embeddable":true,"href":"https:\/\/wartapoznan.pl\/index.php\/wp-json\/wp\/v2\/users\/36"}],"replies":[{"embeddable":true,"href":"https:\/\/wartapoznan.pl\/index.php\/wp-json\/wp\/v2\/comments?post=7005"}],"version-history":[{"count":1,"href":"https:\/\/wartapoznan.pl\/index.php\/wp-json\/wp\/v2\/posts\/7005\/revisions"}],"predecessor-version":[{"id":7006,"href":"https:\/\/wartapoznan.pl\/index.php\/wp-json\/wp\/v2\/posts\/7005\/revisions\/7006"}],"wp:featuredmedia":[{"embeddable":true,"href":"https:\/\/wartapoznan.pl\/index.php\/wp-json\/wp\/v2\/media\/7007"}],"wp:attachment":[{"href":"https:\/\/wartapoznan.pl\/index.php\/wp-json\/wp\/v2\/media?parent=7005"}],"wp:term":[{"taxonomy":"category","embeddable":true,"href":"https:\/\/wartapoznan.pl\/index.php\/wp-json\/wp\/v2\/categories?post=7005"},{"taxonomy":"post_tag","embeddable":true,"href":"https:\/\/wartapoznan.pl\/index.php\/wp-json\/wp\/v2\/tags?post=7005"}],"curies":[{"name":"wp","href":"https:\/\/api.w.org\/{rel}","templated":true}]}}