{"id":7320,"date":"2019-11-09T15:20:12","date_gmt":"2019-11-09T14:20:12","guid":{"rendered":"https:\/\/wartapoznan.pl\/?p=7320"},"modified":"2019-11-09T16:33:06","modified_gmt":"2019-11-09T15:33:06","slug":"warta-poznan-wygrywa-ze-stomilem-ogromne-emocje-w-olsztynie","status":"publish","type":"post","link":"https:\/\/wartapoznan.pl\/index.php\/2019\/11\/09\/warta-poznan-wygrywa-ze-stomilem-ogromne-emocje-w-olsztynie\/","title":{"rendered":"Warta Pozna\u0144 wygrywa ze Stomilem. Ogromne emocje w Olsztynie!"},"content":{"rendered":"<p>Trzy rzuty karne, czerwona kartka, s\u0142upek, poprzeczka i cztery gole &#8211; po pasjonuj\u0105cej drugiej po\u0142owie meczu w Olsztynie pi\u0142karze Warty Pozna\u0144 wygrali 3:1 ze Stomilem i po po\u0142owie sezonu Fortuna 1 Ligi s\u0105 na pierwszym miejscu w tabeli!<\/p>\n<p>Pierwsza po\u0142owa nie zapowiada\u0142a a\u017c tak emocjonuj\u0105cego widowiska. Nie pad\u0142y w niej bramki, sytuacji te\u017c nie ogl\u0105dali\u015bmy zbyt wiele. Kluczowa by\u0142a jednak interwencja Adriana Lisa z pierwszego kwadransa, gdy bramkarz Warty Pozna\u0144 wygra\u0142 obroni\u0142 w sytuacji sam na sam z Bart\u0142omiejem Niedziel\u0105. Wszyscy widzieli ju\u017c pi\u0142k\u0119 w siatce, ale Adrian Lis pokaza\u0142 wielk\u0105 klas\u0119 i sprawi\u0142, \u017ce nadal by\u0142o 0:0.<\/p>\n<p>Wielkie emocje zacz\u0119\u0142y si\u0119 po zmianie stron. Mecz nadal mia\u0142 wyr\u00f3wnany przebieg, ale to Warta by\u0142a konkretniejsza i gra\u0142a chytrze, co przynios\u0142o jej prowadzenie w 57. minucie. Aleks \u0141awniczak zosta\u0142 sfaulowany w polu karnym, a z rzutu karnego pewnie do siatki trafi\u0142 Mateusz Kupczak.<\/p>\n<p>&#8222;Zieloni&#8221; mieli w gar\u015bci dobry wynik, jednak nie cieszyli si\u0119 nim zbyt d\u0142ugo, bo gospodarze wyr\u00f3wnali. Eric Molloy dogra\u0142 z prawego skrzyd\u0142a do Szymona Sobczaka, a ten pokona\u0142 Lisa strza\u0142em z 5 metr\u00f3w. Sta\u0142o si\u0119 to kilka chwil po tym, jak pi\u0142k\u0105 w s\u0142upek trafi\u0142 Mariusz Rybicki.<\/p>\n<p>Po bramce na 1:1 olsztynianie pr\u00f3bowali p\u00f3j\u015b\u0107 za ciosem, ale riposta poznaniak\u00f3w by\u0142a znakomita! W 78. minucie Warta Pozna\u0144 zn\u00f3w wysz\u0142a na prowadzenie. Tym razem faulowany w obr\u0119bie &#8222;szesnastki&#8221; by\u0142 Micha\u0142 Jak\u00f3bowski, a do pi\u0142ki ustawionej na jedenastym metrze ponownie podszed\u0142 Kupczak. Piotr Skiba za\u0142o\u017cy\u0142, \u017ce pomocnik Warty zmieni naro\u017cnik, a ten oszuka\u0142 wszystkich i skierowa\u0142 pi\u0142k\u0119 w sam \u015brodek bramki.<\/p>\n<p>Ostatni cios w tym spotkaniu zada\u0142 w 90. minucie Gracjan Jaroch, kt\u00f3ry wyko\u0144czy\u0142 \u015bwietn\u0105 szybk\u0105 akcj\u0119 Micha\u0142a Grobelnego i p\u0142askie dogranie Micha\u0142a Jak\u00f3bowskiego. Ale to nie by\u0142 jeszcze koniec gor\u0105cych wydarze\u0144 na stadionie w Olsztynie. Tu\u017c przed ko\u0144cem podstawowego czasu gry drug\u0105 \u017c\u00f3\u0142t\u0105 i w efekcie czerwon\u0105 kart\u0119 zobaczy\u0142 kapitan &#8222;Zielonych&#8221;, Bartosz Kieliba. Natomiast ju\u017c ko\u0144c\u00f3wce doliczonego czasu gry s\u0119dzia podyktowa\u0142 trzeci tego popo\u0142udnia rzut karny. Naprzeciw Adriana Lisa stan\u0105\u0142 Szymon Sobczak &#8211; kopn\u0105\u0142 bardzo mocno, ale trafi\u0142 pi\u0142k\u0105 w poprzeczk\u0119! Pi\u0142ka wylecia\u0142a za boiska i s\u0119dzia nie wznowi\u0142 gry.<\/p>\n<p>Dru\u017cyna trenera Piotra Tworka wygra\u0142a trudne spotkanie i jest liderem Fortuna 1 Ligi na p\u00f3\u0142metku rozgrywek!<\/p>\n<p><strong>Stomil Olsztyn  &#8211; Warta Pozna\u0144 1:3 (0:0)<br \/>\nBramki:<\/strong> 0:1 Kupczak (57., karny), 1:1 Sobczak (71.), 1:2 Kupczak (78., karny), Jaroch (90.)<br \/>\n<strong>Warta:<\/strong> Lis &#8211; Grobelny <strong>\u017b<\/strong>, Kieliba<strong> \u017b-\u017b, Cz<\/strong>, \u0141awniczak, Kie\u0142b &#8211; Kupczak <strong>\u017b<\/strong>, Cierpka (81. A. Laskowski) &#8211; Rybicki (85. Gardzielewicz), Janicki, ak\u00f3bowski &#8211; Jaroch (90. Sp\u0142awski)<br \/>\n<strong>S\u0119dziowa\u0142<\/strong> Mateusz Z\u0142otnicki z Lublina<\/p>\n<hr>\n<p><a href=\"http:\/\/bit.ly\/33wX2sz\" rel=\"noopener noreferrer\" target=\"_blank\">Zobacz galeri\u0119 zdj\u0119\u0107 z meczu<\/a><\/p>\n","protected":false},"excerpt":{"rendered":"<p>Trzy rzuty karne, czerwona kartka, s\u0142upek, poprzeczka i cztery gole &#8211; po pasjonuj\u0105cej drugiej po\u0142owie meczu w Olsztynie pi\u0142karze Warty&#8230;<\/p>\n","protected":false},"author":36,"featured_media":7323,"comment_status":"closed","ping_status":"closed","sticky":false,"template":"","format":"standard","meta":{"om_disable_all_campaigns":false,"inline_featured_image":false,"footnotes":"","_links_to":"","_links_to_target":""},"categories":[94,100,1],"tags":[],"aioseo_notices":[],"_links":{"self":[{"href":"https:\/\/wartapoznan.pl\/index.php\/wp-json\/wp\/v2\/posts\/7320"}],"collection":[{"href":"https:\/\/wartapoznan.pl\/index.php\/wp-json\/wp\/v2\/posts"}],"about":[{"href":"https:\/\/wartapoznan.pl\/index.php\/wp-json\/wp\/v2\/types\/post"}],"author":[{"embeddable":true,"href":"https:\/\/wartapoznan.pl\/index.php\/wp-json\/wp\/v2\/users\/36"}],"replies":[{"embeddable":true,"href":"https:\/\/wartapoznan.pl\/index.php\/wp-json\/wp\/v2\/comments?post=7320"}],"version-history":[{"count":5,"href":"https:\/\/wartapoznan.pl\/index.php\/wp-json\/wp\/v2\/posts\/7320\/revisions"}],"predecessor-version":[{"id":7331,"href":"https:\/\/wartapoznan.pl\/index.php\/wp-json\/wp\/v2\/posts\/7320\/revisions\/7331"}],"wp:featuredmedia":[{"embeddable":true,"href":"https:\/\/wartapoznan.pl\/index.php\/wp-json\/wp\/v2\/media\/7323"}],"wp:attachment":[{"href":"https:\/\/wartapoznan.pl\/index.php\/wp-json\/wp\/v2\/media?parent=7320"}],"wp:term":[{"taxonomy":"category","embeddable":true,"href":"https:\/\/wartapoznan.pl\/index.php\/wp-json\/wp\/v2\/categories?post=7320"},{"taxonomy":"post_tag","embeddable":true,"href":"https:\/\/wartapoznan.pl\/index.php\/wp-json\/wp\/v2\/tags?post=7320"}],"curies":[{"name":"wp","href":"https:\/\/api.w.org\/{rel}","templated":true}]}}