{"id":7921,"date":"2024-12-19T11:30:59","date_gmt":"2024-12-19T10:30:59","guid":{"rendered":"https:\/\/wartapoznan.pl\/?p=7921"},"modified":"2024-12-19T11:48:29","modified_gmt":"2024-12-19T10:48:29","slug":"rok-1929-warta-poznan-obejmuje-tron-pilkarski-pierwsze-mistrzostwo-polski-zielonych","status":"publish","type":"post","link":"https:\/\/wartapoznan.pl\/index.php\/2024\/12\/19\/rok-1929-warta-poznan-obejmuje-tron-pilkarski-pierwsze-mistrzostwo-polski-zielonych\/","title":{"rendered":"Dzi\u015b rocznica! 95 lat temu Warta Pozna\u0144 pierwszy raz zosta\u0142a Mistrzem Polski."},"content":{"rendered":"<p>Rok 1929: Warta Pozna\u0144 obej\u0119\u0142\u0105 tron pi\u0142karski &#8211; pierwsze mistrzostwo Polski &#8222;Zielonych&#8221;<\/p>\n<p>Po 17 latach od za\u0142o\u017cenia klubu pi\u0142karze Warty Pozna\u0144 zostali najlepsz\u0105 dru\u017cyn\u0105 w kraju. 19 grudnia przypada 90. rocznica zdobycia przez \u201eZielonych\u201d pierwszego z dw\u00f3ch tytu\u0142\u00f3w mistrza Polski. Okoliczno\u015bci tego sukcesu by\u0142y niecodzienne, a losy rywalizacji rozstrzygn\u0119\u0142y si\u0119 kilka tygodni po ostatnim meczu sezonu 1929.<\/p>\n<p><center><img loading=\"lazy\" decoding=\"async\" width=\"1000\" height=\"667\" class=\"aligncenter size-full wp-image-7963\" src=\"https:\/\/wartapoznan.pl\/wp-content\/uploads\/2019\/12\/warta_1929_.jpg\" alt=\"Warta Pozna\u0144, dru\u017cyna mistrz\u00f3w Polski z 1929 roku\" srcset=\"https:\/\/wartapoznan.pl\/wp-content\/uploads\/2019\/12\/warta_1929_.jpg 1000w, https:\/\/wartapoznan.pl\/wp-content\/uploads\/2019\/12\/warta_1929_-300x200.jpg 300w, https:\/\/wartapoznan.pl\/wp-content\/uploads\/2019\/12\/warta_1929_-768x512.jpg 768w, https:\/\/wartapoznan.pl\/wp-content\/uploads\/2019\/12\/warta_1929_-128x85.jpg 128w, https:\/\/wartapoznan.pl\/wp-content\/uploads\/2019\/12\/warta_1929_-32x21.jpg 32w, https:\/\/wartapoznan.pl\/wp-content\/uploads\/2019\/12\/warta_1929_-356x237.jpg 356w, https:\/\/wartapoznan.pl\/wp-content\/uploads\/2019\/12\/warta_1929_-470x313.jpg 470w, https:\/\/wartapoznan.pl\/wp-content\/uploads\/2019\/12\/warta_1929_-70x47.jpg 70w, https:\/\/wartapoznan.pl\/wp-content\/uploads\/2019\/12\/warta_1929_-100x67.jpg 100w\" sizes=\"(max-width: 1000px) 100vw, 1000px\" \/><em><small>Pi\u0142karze Warty Pozna\u0144 w listopadzie 1929 roku &#8211; zesp\u00f3\u0142, kt\u00f3ry zdoby\u0142 pierwsze mistrzostwo Polski w historii klubu<\/small><\/em><\/center>Zdobycie mistrzostwa Polski wr\u00f3\u017cono Warcie Pozna\u0144 ju\u017c wcze\u015bniej. W latach 1921-26 do walki o tytu\u0142 najlepszej pi\u0142karskiej dru\u017cyny w kraju stawali zwyci\u0119zcy rozgrywek okr\u0119gowych. \u201eZieloni\u201d, jako pierwsza si\u0142a Wielkopolski, regularnie awansowali do strefy medalowej. Pi\u0142karze Warty Pozna\u0144 dwa razy byli wicemistrzami kraju, a szczeg\u00f3lnie \u017cal by\u0142o pierwszego, nieudanego podej\u015bcia \u2013 tego z 1922 roku. W fina\u0142owym dwumeczu poznaniacy najpierw zremisowali 1:1 z Pogoni\u0105 Lw\u00f3w i nie byli faworytami rewan\u017cu. Jednak 22 pa\u017adziernika we Lwowie Warta Pozna\u0144 prowadzi\u0142a 1:0 do przerwy po golu W\u0142adys\u0142awa Przybysza. Po zmianie stron zrobi\u0142o si\u0119 ju\u017c 2:0, a zdobywc\u0105 bramki by\u0142 W\u0142adys\u0142aw Prymka. Wtedy to, jak analizowa\u0142 dziennikarz \u201ePrzegl\u0105du Sportowego\u201d, Warta <em>\u201epope\u0142nia ra\u017c\u0105cy b\u0142\u0105d taktyczny, dow\u00f3d ma\u0142ej jeszcze rutyny: zamiast teraz ograniczy\u0107 si\u0119 tylko do obrony i stara\u0107 si\u0119 utrzyma\u0107 rezultat, kt\u00f3ryby jej zapewni\u0142 mistrzostwo, ona w dalszym ci\u0105gu nie zmienia taktyki i utrzymuje gr\u0119 otwart\u0105 &#8211; s\u0105 bowiem dru\u017cyny, kt\u00f3re uwa\u017caj\u0105 sobie za punkt honoru niemurowanie bramki, a do nich zalicza si\u0119 w\u0142a\u015bnie Warta\u201d<\/em>.<\/p>\n<p><center><img loading=\"lazy\" decoding=\"async\" width=\"1000\" height=\"667\" class=\"aligncenter size-full wp-image-7933\" src=\"https:\/\/wartapoznan.pl\/wp-content\/uploads\/2019\/12\/Stalinski_1929.jpg\" alt=\"Wawrzyniec Stali\u0144ski (Warta Pozna\u0144)\" srcset=\"https:\/\/wartapoznan.pl\/wp-content\/uploads\/2019\/12\/Stalinski_1929.jpg 1000w, https:\/\/wartapoznan.pl\/wp-content\/uploads\/2019\/12\/Stalinski_1929-300x200.jpg 300w, https:\/\/wartapoznan.pl\/wp-content\/uploads\/2019\/12\/Stalinski_1929-768x512.jpg 768w, https:\/\/wartapoznan.pl\/wp-content\/uploads\/2019\/12\/Stalinski_1929-128x85.jpg 128w, https:\/\/wartapoznan.pl\/wp-content\/uploads\/2019\/12\/Stalinski_1929-32x21.jpg 32w, https:\/\/wartapoznan.pl\/wp-content\/uploads\/2019\/12\/Stalinski_1929-356x237.jpg 356w, https:\/\/wartapoznan.pl\/wp-content\/uploads\/2019\/12\/Stalinski_1929-470x313.jpg 470w, https:\/\/wartapoznan.pl\/wp-content\/uploads\/2019\/12\/Stalinski_1929-70x47.jpg 70w, https:\/\/wartapoznan.pl\/wp-content\/uploads\/2019\/12\/Stalinski_1929-100x67.jpg 100w\" sizes=\"(max-width: 1000px) 100vw, 1000px\" \/><em><small>W sezonie 1929 Wawrzyniec Stali\u0144ski obchodzi\u0142 jubileusz 10-lecia gry w Warcie Pozna\u0144<\/small><\/em><\/center>Gospodarze doprowadzili do remisu na kwadrans przed ko\u0144cem. W\u0142a\u015bnie wtedy, przy stanie 2:2, po do\u015brodkowaniu bramkarz Pogoni \u201eHaczewski robinzonuje &#8211; lecz tylko posuwa pi\u0142k\u0119, nie mog\u0105c jej z\u0142apa\u0107. Stali\u0144ski prawie na linji bramkowej wywraca si\u0119 na pi\u0142ce, Ignarowicz wykopem ratuje. Jak kto\u015b z widz\u00f3w s\u0142usznie powiedzia\u0142 \u00bbmistrzostwo le\u017ca\u0142o w b\u0142ocie\u00ab. Lwowski zesp\u00f3\u0142 zwyci\u0119\u017cy\u0142 ostatecznie 4:3 i sprz\u0105tn\u0105\u0142 Warcie tytu\u0142 sprzed nosa.<\/p>\n<p>Wspomniany Warzyniec Stali\u0144ski, jeden z najlepszych snajper\u00f3w Warty Pozna\u0144, 13-krotny reprezentant Polski, doczeka\u0142 si\u0119 jednak mistrzostwa Polski z \u201eZielonymi\u201d i by\u0142o to \u015bwietne podsumowanie jego wspania\u0142ej, 11-letniej kariery w klubie. Ale po kolei.<\/p>\n<h3>Od zawsze w czo\u0142\u00f3wce<\/h3>\n<p>W 1927 roku Warta Pozna\u0144 by\u0142a w\u015br\u00f3d 13 za\u0142o\u017cycieli Ligi Pi\u0142karskiej. Jej narodziny okaza\u0142y si\u0119 prawdziw\u0105 rewolucj\u0105 \u2013 na wz\u00f3r lig europejskich powo\u0142ano w Polsce do \u017cycia regularne rozgrywki wed\u0142ug znanego dzisiaj schematu.<\/p>\n<p><center><img loading=\"lazy\" decoding=\"async\" width=\"1000\" height=\"667\" class=\"aligncenter size-full wp-image-7946\" src=\"https:\/\/wartapoznan.pl\/wp-content\/uploads\/2019\/12\/Warta_Bela_Furst.jpg\" alt=\"Zesp\u00f3\u0142 Warty Pozna\u0144 u progu sezonu 1929. Z lewej trener Bela Furst\" srcset=\"https:\/\/wartapoznan.pl\/wp-content\/uploads\/2019\/12\/Warta_Bela_Furst.jpg 1000w, https:\/\/wartapoznan.pl\/wp-content\/uploads\/2019\/12\/Warta_Bela_Furst-300x200.jpg 300w, https:\/\/wartapoznan.pl\/wp-content\/uploads\/2019\/12\/Warta_Bela_Furst-768x512.jpg 768w, https:\/\/wartapoznan.pl\/wp-content\/uploads\/2019\/12\/Warta_Bela_Furst-128x85.jpg 128w, https:\/\/wartapoznan.pl\/wp-content\/uploads\/2019\/12\/Warta_Bela_Furst-32x21.jpg 32w, https:\/\/wartapoznan.pl\/wp-content\/uploads\/2019\/12\/Warta_Bela_Furst-356x237.jpg 356w, https:\/\/wartapoznan.pl\/wp-content\/uploads\/2019\/12\/Warta_Bela_Furst-470x313.jpg 470w, https:\/\/wartapoznan.pl\/wp-content\/uploads\/2019\/12\/Warta_Bela_Furst-70x47.jpg 70w, https:\/\/wartapoznan.pl\/wp-content\/uploads\/2019\/12\/Warta_Bela_Furst-100x67.jpg 100w\" sizes=\"(max-width: 1000px) 100vw, 1000px\" \/><em><small>Zesp\u00f3\u0142 Warty Pozna\u0144 u progu sezonu 1929<\/small><\/em><\/center>R\u00f3wnie\u017c w nowej formule wy\u0142aniania mistrza Polski, Warta Pozna\u0144 utrzymywa\u0142a si\u0119 w \u015bcis\u0142ej, krajowej czo\u0142\u00f3wce dru\u017cyn pi\u0142karskich. Sezon 1927 uko\u0144czy\u0142a na trzecim miejscu, rok p\u00f3\u017aniej zn\u00f3w by\u0142a wicemistrzem, cho\u0107 jeszcze sze\u015b\u0107 kolejek przed ko\u0144cem rozgrywek znajdowa\u0142a si\u0119 na pierwszym miejscu w tabeli. \u201ePrzegl\u0105d Sportowy\u201d pisa\u0142: <em>\u201eO pozna\u0144skiej Warcie utar\u0142o si\u0119 w s\u0142ownictwie pi\u0142karskim powiedzenie, \u017ce jest \u00bbwiecznym nast\u0119pc\u0105 tronu\u00ab. To najlepiej charakteryzuje, jak bliscy od lat byli pozna\u0144czycy zdobycia najwy\u017cszego tytu\u0142u, a jednak zawsze on im si\u0119 wymyka\u0142, czasem w ostatnim momencie. R\u00f3\u017cne na to sk\u0142ada\u0142y si\u0119 powody. Przewa\u017cnie brakowa\u0142o \u00bbZielonym\u00ab tej ambicji w grze, kt\u00f3ra ka\u017ce z zaci\u015bni\u0119tymi z\u0119bami i\u015b\u0107 naprz\u00f3d i zwyci\u0119\u017ca\u0107\u201d<\/em>. Prze\u0142om mia\u0142 nadej\u015b\u0107 w kolejnym sezonie\u2026<\/p>\n<h3>Lider po zimie stulecia<\/h3>\n<p>Z pocz\u0105tkiem 1929 roku Warta Pozna\u0144 zn\u00f3w zatrudni\u0142a \u2013 zwolnionego wcze\u015bniej ze wzgl\u0119du na oszcz\u0119dno\u015bci \u2013 w\u0119gierskiego trenera B\u00e9l\u0119 F\u0171rsta. <em>\u201eKwalifikacje jego s\u0105 nam znane, spraw\u0105 pi\u0142karzy b\u0119dzie ucz\u0119szcza\u0107 pilnie na treningi, a sumy wydane na trenera, nie b\u0119d\u0105 wydane ma marne&#8221;<\/em> \u2013 przewidywa\u0142 Edmund Szyc w klubowej gazetce \u201eWarciarz\u201d na pocz\u0105tku marca.<\/p>\n<p><center><img loading=\"lazy\" decoding=\"async\" width=\"707\" height=\"1000\" class=\"aligncenter size-full wp-image-7949\" src=\"https:\/\/wartapoznan.pl\/wp-content\/uploads\/2019\/12\/Bela_Furst_trener.jpg\" alt=\"Bela Furst, trener Warty Pozna\u0144\" srcset=\"https:\/\/wartapoznan.pl\/wp-content\/uploads\/2019\/12\/Bela_Furst_trener.jpg 707w, https:\/\/wartapoznan.pl\/wp-content\/uploads\/2019\/12\/Bela_Furst_trener-212x300.jpg 212w, https:\/\/wartapoznan.pl\/wp-content\/uploads\/2019\/12\/Bela_Furst_trener-90x128.jpg 90w, https:\/\/wartapoznan.pl\/wp-content\/uploads\/2019\/12\/Bela_Furst_trener-23x32.jpg 23w, https:\/\/wartapoznan.pl\/wp-content\/uploads\/2019\/12\/Bela_Furst_trener-283x400.jpg 283w, https:\/\/wartapoznan.pl\/wp-content\/uploads\/2019\/12\/Bela_Furst_trener-410x580.jpg 410w, https:\/\/wartapoznan.pl\/wp-content\/uploads\/2019\/12\/Bela_Furst_trener-49x70.jpg 49w, https:\/\/wartapoznan.pl\/wp-content\/uploads\/2019\/12\/Bela_Furst_trener-71x100.jpg 71w\" sizes=\"(max-width: 707px) 100vw, 707px\" \/><em><small>B\u00e9la F\u0171rst jako pi\u0142karz wyst\u0119powa\u0142 m.in. w silnym klubie Ujpest Budapeszt<\/small><\/em><\/center>Ze wzgl\u0119du na srog\u0105 zim\u0119 \u2013 jeszcze w lutym, w niekt\u00f3rych rejonach kraju temperatura spada\u0142a poni\u017cej -40 stopni C! \u2013 op\u00f3\u017ani\u0142y si\u0119 przygotowania do sezonu. Dopiero na prze\u0142omie lutego i marca zesp\u00f3\u0142 rozegra\u0142 pierwszy sparing, a ju\u017c na 24 marca by\u0142 wyznaczony termin meczu ligowego z Turystami \u0141\u00f3d\u017a. Mimo tych trudno\u015bci, pocz\u0105tek by\u0142 znakomity, bo Warta Pozna\u0144 rozbi\u0142a Turyst\u00f3w \u0141\u00f3d\u017a a\u017c 7:1, a pierwsz\u0105 bramk\u0119 w do mistrzostwa strzeli\u0142\u2026 Wawrzyniec Stali\u0144ski.<\/p>\n<h3>Dwa dni, dwa mecze, zero punkt\u00f3w<\/h3>\n<p>Poznaniacy zasiedli na fotelu lidera rozgrywek, ale szybko si\u0119 z nim po\u017cegnali. Na kolejn\u0105 wygran\u0105 przysz\u0142o czeka\u0107 a\u017c do pi\u0105tej kolejki (3:1 z Legi\u0105 Warszawa). Potem dosz\u0142o do sytuacji, kt\u00f3r\u0105 dzi\u015b trudno sobie wyobrazi\u0107. Ze wzgl\u0119du na oszcz\u0119dno\u015bci klub zdecydowa\u0142, \u017ce dwa spotkania wyjazdowe z rz\u0119du \u2013 z Cracovi\u0105 i Garbarni\u0105 \u2013 zesp\u00f3\u0142 rozegra w Krakowie\u2026 dzie\u0144 po dniu. Jak si\u0119 okaza\u0142o, nie by\u0142 to najlepszy pomys\u0142. 19 maja Warta Pozna\u0144 na B\u0142oniach uleg\u0142a Cracovii 0:5, co by\u0142o rekordowo wysok\u0105 pora\u017ck\u0105 poznaniak\u00f3w w lidze od jej pocz\u0105tku, a nazajutrz, na Ludwinowie lepsza od \u201eZielonych\u201d okaza\u0142a si\u0119 Garbarnia (3:2).<\/p>\n<p><center><img loading=\"lazy\" decoding=\"async\" width=\"1000\" height=\"667\" class=\"aligncenter size-full wp-image-7937\" src=\"https:\/\/wartapoznan.pl\/wp-content\/uploads\/2019\/12\/Kibice_Krakow.jpg\" alt=\"Kibicowskie klimaty w Krakowie podczas meczu Garbarni z Wis\u0142\u0105\" srcset=\"https:\/\/wartapoznan.pl\/wp-content\/uploads\/2019\/12\/Kibice_Krakow.jpg 1000w, https:\/\/wartapoznan.pl\/wp-content\/uploads\/2019\/12\/Kibice_Krakow-300x200.jpg 300w, https:\/\/wartapoznan.pl\/wp-content\/uploads\/2019\/12\/Kibice_Krakow-768x512.jpg 768w, https:\/\/wartapoznan.pl\/wp-content\/uploads\/2019\/12\/Kibice_Krakow-128x85.jpg 128w, https:\/\/wartapoznan.pl\/wp-content\/uploads\/2019\/12\/Kibice_Krakow-32x21.jpg 32w, https:\/\/wartapoznan.pl\/wp-content\/uploads\/2019\/12\/Kibice_Krakow-356x237.jpg 356w, https:\/\/wartapoznan.pl\/wp-content\/uploads\/2019\/12\/Kibice_Krakow-470x313.jpg 470w, https:\/\/wartapoznan.pl\/wp-content\/uploads\/2019\/12\/Kibice_Krakow-70x47.jpg 70w, https:\/\/wartapoznan.pl\/wp-content\/uploads\/2019\/12\/Kibice_Krakow-100x67.jpg 100w\" sizes=\"(max-width: 1000px) 100vw, 1000px\" \/><em><small>W sezonie 1929 Wawrzyniec Stali\u0144ski obchodzi\u0142 jubileusz 10-lecia gry w Warcie Pozna\u0144<\/small><\/em><\/center><em>\u201eDruga pora\u017cka Warty w Krakowie spad\u0142a na dru\u017cyn\u0119 pozna\u0144sk\u0105, trzeba przyzna\u0107, niezbyt zas\u0142u\u017cenie. By\u0107 mo\u017ce, \u017ce Warta przeliczy\u0142a swe si\u0142y, mecz z Cracovi\u0105 wyczerpa\u0142 j\u0105 bowiem porz\u0105dnie i w pewnych okresach walki atak i pomoc jej nie egzystowa\u0142y w og\u00f3le na boisku. Naog\u00f3\u0142 jednak pozna\u0144czycy mieli przewag\u0119, a o przegranej zdecydowa\u0142a bramka ze skandalicznego spalonego, samob\u00f3jczy strza\u0142 \u015amiglaka, no i obrona Garbarni, kt\u00f3ra przez ostatnie pi\u0119tna\u015bcie minut nie schodzi\u0142a z ca\u0142\u0105 dru\u017cyn\u0105 ze swego pola karnego&#8221;<\/em> \u2013przychylna recenzja meczu, kt\u00f3ra ukaza\u0142a si\u0119 w \u201ePrzegl\u0105dzie Sportowym\u201d, tylko troch\u0119 pozwala\u0142a os\u0142odzi\u0107 smutn\u0105 rzeczywisto\u015b\u0107. Po siedmiu meczach, a wi\u0119c w niemal jednej trzeciej sezonu, Warta Pozna\u0144 mia\u0142a na koncie ju\u017c trzy pora\u017cki, tylko dwie wygrane, jedynie 6 punkt\u00f3w i by\u0142a zespo\u0142em \u015brodka tabeli. Doprawdy, nic nie wskazywa\u0142o na to, \u017ce wicemistrz z ubieg\u0142ego roku zn\u00f3w w\u0142\u0105czy si\u0119 do walki o trofeum.<\/p>\n<h3>18-letni prawy \u0142\u0105cznik trafia a\u017c mi\u0142o<\/h3>\n<p>Wtedy jednak nast\u0105pi\u0142a znakomita passa. Mi\u0119dzy 9 a 30 czerwca Warta Pozna\u0144 wygra\u0142a wszystkie pi\u0119\u0107 mecz\u00f3w ligowych! Najpierw by\u0142y to trzy pojedynki na stadionie przy ul. Rolnej: 3:1 z Poloni\u0105 Warszawa, 5:0 z obro\u0144c\u0105 tytu\u0142u, Wis\u0142\u0105 Krak\u00f3w, i ponownie 3:1, tyle, \u017ce z \u0141\u00f3dzkim Klubem Sportowym. Po takiej serii zesp\u00f3\u0142 B\u00e9li F\u0171rsta wybra\u0142 si\u0119 na dwa mecze do Lwowa.<\/p>\n<p><center><img loading=\"lazy\" decoding=\"async\" width=\"1000\" height=\"731\" class=\"aligncenter size-full wp-image-7942\" src=\"https:\/\/wartapoznan.pl\/wp-content\/uploads\/2019\/12\/Adam_Kniola.jpg\" alt=\"Adam Knio\u0142a (Warta Pozna\u0144) w stroju reprezentacji Polski\" srcset=\"https:\/\/wartapoznan.pl\/wp-content\/uploads\/2019\/12\/Adam_Kniola.jpg 1000w, https:\/\/wartapoznan.pl\/wp-content\/uploads\/2019\/12\/Adam_Kniola-300x219.jpg 300w, https:\/\/wartapoznan.pl\/wp-content\/uploads\/2019\/12\/Adam_Kniola-768x561.jpg 768w, https:\/\/wartapoznan.pl\/wp-content\/uploads\/2019\/12\/Adam_Kniola-128x94.jpg 128w, https:\/\/wartapoznan.pl\/wp-content\/uploads\/2019\/12\/Adam_Kniola-32x23.jpg 32w, https:\/\/wartapoznan.pl\/wp-content\/uploads\/2019\/12\/Adam_Kniola-356x260.jpg 356w, https:\/\/wartapoznan.pl\/wp-content\/uploads\/2019\/12\/Adam_Kniola-470x344.jpg 470w, https:\/\/wartapoznan.pl\/wp-content\/uploads\/2019\/12\/Adam_Kniola-70x51.jpg 70w, https:\/\/wartapoznan.pl\/wp-content\/uploads\/2019\/12\/Adam_Kniola-100x73.jpg 100w\" sizes=\"(max-width: 1000px) 100vw, 1000px\" \/><em><small>W debiucie w reprezentacji Polski 20-letni Adam Knio\u0142a z Warty Pozna\u0144 strzeli\u0142 dwa gole Jugos\u0142awii<\/small><\/em><\/center>Zn\u00f3w \u2013 tak jak w przypadku wyprawy do Krakowa \u2013 \u201eZieloni\u201d grali dzie\u0144 po dniu. Tym razem z o wiele lepszym skutkiem. Czarnych rozbili 4:1,a Pogo\u0144 pokonali 3:2. W \u015bwietnej formie by\u0142 Adam Knio\u0142a. Najm\u0142odszy, zaledwie 18-letni prawy \u0142\u0105cznik w obu lwowskich meczach zdoby\u0142 w sumie pi\u0119\u0107 bramek. W ca\u0142ym sezonie zaliczy\u0142 14 trafie\u0144, co by\u0142o drugim wynikiem w dru\u017cynie (po 22 bramkach W\u0142adys\u0142awa Przybysza)! Po dwunastu meczach, w po\u0142owie sezonu, Warta Pozna\u0144 wr\u00f3ci\u0142a na ligowy szczyt.<\/p>\n<h3>Kryzys po najlepszym meczu<\/h3>\n<p>Seri\u0119 wygranych przerwa\u0142a wyjazdowa pora\u017cka z Poloni\u0105 Warszawa (1:2), ale potem zesp\u00f3\u0142 zdoby\u0142 komplet punkt\u00f3w w czterech kolejnych wyst\u0119pach na w\u0142asnym stadionie- 2:1 z 1. FC Katowice, 3:2 z Pogoni\u0105 Lw\u00f3w, 5:0 z Ruchem Hajduki Wielkie i 2:0 z Cracovi\u0105.Nad tym ostatnim wyst\u0119pem rozp\u0142ywano si\u0119 w \u201eWarciarzu\u201d: <em>\u201eZawody te by\u0142y bodaj \u017ce najlepszemi naszej dru\u017cyny w tym roku. Dru\u017cyna gra\u0142a z niebywa\u0142\u0105 dotychczas ambicj\u0105, to te\u017c s\u0142usznie wygrali\u015bmy 2:0. (&#8230;) Zwyci\u0119stwem tem umocnili\u015bmy nasze I. miejsce w tabeli Ligi\u201d<\/em>.<\/p>\n<p><center><img loading=\"lazy\" decoding=\"async\" width=\"445\" height=\"667\" class=\"aligncenter size-full wp-image-7954\" src=\"https:\/\/wartapoznan.pl\/wp-content\/uploads\/2019\/12\/Ilustracja_Wielkopolska_wrzesien_1929.jpg\" alt=\"Warta Pozna\u0144 - Cracovia 2:0 w 1929 roku\" srcset=\"https:\/\/wartapoznan.pl\/wp-content\/uploads\/2019\/12\/Ilustracja_Wielkopolska_wrzesien_1929.jpg 445w, https:\/\/wartapoznan.pl\/wp-content\/uploads\/2019\/12\/Ilustracja_Wielkopolska_wrzesien_1929-200x300.jpg 200w, https:\/\/wartapoznan.pl\/wp-content\/uploads\/2019\/12\/Ilustracja_Wielkopolska_wrzesien_1929-85x128.jpg 85w, https:\/\/wartapoznan.pl\/wp-content\/uploads\/2019\/12\/Ilustracja_Wielkopolska_wrzesien_1929-21x32.jpg 21w, https:\/\/wartapoznan.pl\/wp-content\/uploads\/2019\/12\/Ilustracja_Wielkopolska_wrzesien_1929-267x400.jpg 267w, https:\/\/wartapoznan.pl\/wp-content\/uploads\/2019\/12\/Ilustracja_Wielkopolska_wrzesien_1929-380x570.jpg 380w, https:\/\/wartapoznan.pl\/wp-content\/uploads\/2019\/12\/Ilustracja_Wielkopolska_wrzesien_1929-387x580.jpg 387w, https:\/\/wartapoznan.pl\/wp-content\/uploads\/2019\/12\/Ilustracja_Wielkopolska_wrzesien_1929-140x210.jpg 140w, https:\/\/wartapoznan.pl\/wp-content\/uploads\/2019\/12\/Ilustracja_Wielkopolska_wrzesien_1929-47x70.jpg 47w, https:\/\/wartapoznan.pl\/wp-content\/uploads\/2019\/12\/Ilustracja_Wielkopolska_wrzesien_1929-67x100.jpg 67w\" sizes=\"(max-width: 445px) 100vw, 445px\" \/><em><small>Fragment meczu z Cracovi\u0105. W wyskoku Jan Wojciechowski.<\/small><\/em><\/center>Sielanka nie trwa\u0142a d\u0142ugo. \u201eZieloni\u201d wpadli w kryzys \u2013 najpierw Legia Warszawa zrewan\u017cowa\u0142a si\u0119 za pora\u017ck\u0119 w Poznaniu i wygra\u0142a na stadionie przy \u0141azienkowskiej 3:1, a nast\u0119pnie na obiekcie przy Rolnej Garbarnia zwyci\u0119\u017cy\u0142a a\u017c 5:1, co by\u0142o jedyn\u0105 pora\u017ck\u0105 Warty Pozna\u0144 przed w\u0142asn\u0105 widowni\u0105 w tamtym sezonie.<\/p>\n<h3>Warta Pozna\u0144 skrzywdzona w \u0141odzi<\/h3>\n<p>Tydzie\u0144 po tej wpadce, 29 wrze\u015bnia poznaniacy mierzyli si\u0119 w \u0141odzi z Klubem Turyst\u00f3w. Gospodarze walczyli o utrzymanie si\u0119 w lidze, a Warta \u2013 o tytu\u0142. Do przerwy by\u0142o 1:0 dla przyjezdnych po golu Adama Knio\u0142y, ale w ko\u0144c\u00f3wce dwie bramki, obie z rzut\u00f3w karnych, zdoby\u0142 dla \u0142odzian Roman \u017burkowski. <em>\u201ePubliczno\u015b\u0107 zra\u017cona do s\u0119dziego i gier ligowych opuszcza boisko twierdz\u0105c, \u017ce wynik by\u0142 z g\u00f3ry przes\u0105dzony. Warta zosta\u0142a w \u0141odzi strasznie skrzywdzona\u201d<\/em> \u2013 komentowa\u0142 dziennikarz pisma \u201eStadion\u201d.<\/p>\n<p><center><img loading=\"lazy\" decoding=\"async\" width=\"1000\" height=\"645\" class=\"aligncenter size-full wp-image-7926\" src=\"https:\/\/wartapoznan.pl\/wp-content\/uploads\/2019\/12\/Turysci_Lodz.jpg\" alt=\"Zesp\u00f3\u0142 Klubu Turyst\u00f3w \u0141\u00f3d\u017a; \u017ar\u00f3d\u0142o: Narodowe Archiwum Cyfrowe\" srcset=\"https:\/\/wartapoznan.pl\/wp-content\/uploads\/2019\/12\/Turysci_Lodz.jpg 1000w, https:\/\/wartapoznan.pl\/wp-content\/uploads\/2019\/12\/Turysci_Lodz-300x194.jpg 300w, https:\/\/wartapoznan.pl\/wp-content\/uploads\/2019\/12\/Turysci_Lodz-768x495.jpg 768w, https:\/\/wartapoznan.pl\/wp-content\/uploads\/2019\/12\/Turysci_Lodz-128x83.jpg 128w, https:\/\/wartapoznan.pl\/wp-content\/uploads\/2019\/12\/Turysci_Lodz-32x21.jpg 32w, https:\/\/wartapoznan.pl\/wp-content\/uploads\/2019\/12\/Turysci_Lodz-356x230.jpg 356w, https:\/\/wartapoznan.pl\/wp-content\/uploads\/2019\/12\/Turysci_Lodz-470x303.jpg 470w, https:\/\/wartapoznan.pl\/wp-content\/uploads\/2019\/12\/Turysci_Lodz-70x45.jpg 70w, https:\/\/wartapoznan.pl\/wp-content\/uploads\/2019\/12\/Turysci_Lodz-100x65.jpg 100w\" sizes=\"(max-width: 1000px) 100vw, 1000px\" \/><em><small>Pi\u0142karze Klubu Turyst\u00f3w \u0141\u00f3d\u017a grali w lidze przez 3 sezony, po spadku w 1929 ju\u017c do niej nie wr\u00f3cili<\/small><\/em><\/center>Nazajutrz po tej pora\u017cce Warta Pozna\u0144 z\u0142o\u017cy\u0142a protest. Nie o s\u0119dziowanie jednak chodzi\u0142o, a o wyst\u0119p strzelca obu goli, Romana \u017burkowskiego, kt\u00f3ry, zdaniem wielkopolskiego klubu, nie powinien zagra\u0107 w tym meczu, gdy\u017c nie by\u0142 uprawniony do gry. Nie zosta\u0142y bowiem na czas za\u0142atwione formalno\u015bci zwi\u0105zane z jego przej\u015bciem do Turyst\u00f3w z Ostrovii Ostr\u00f3w Wlkp.<\/p>\n<h3>Nowy mistrz ju\u017c og\u0142oszony<\/h3>\n<p>Na rozpatrzenie protestu przysz\u0142o jednak czeka\u0107 niemal trzy miesi\u0105ce! Sezon zd\u0105\u017cy\u0142 si\u0119 ju\u017c sko\u0144czy\u0107 Warta Pozna\u0144 wygra\u0142a cztery mecze z rz\u0119du, a na koniec zremisowa\u0142a bezbramkowo z Wis\u0142\u0105 Krak\u00f3w, ust\u0119puj\u0105cym mistrzem (tytu\u0142owe zdj\u0119cie to fotografia z meczu z kwietnia 1928 r. &#8211; przedstawia mistrz\u00f3w z sezon\u00f3w 1928 i 1929). Nowy nie by\u0142 jednak znany. Co prawda media zd\u0105\u017cy\u0142y ju\u017c og\u0142osi\u0107 mistrzem Garbarni\u0119, kt\u00f3ra mia\u0142a 2 pkt wi\u0119cej od Warty Pozna\u0144, ale ostateczny kszta\u0142t tabeli nie zosta\u0142 zatwierdzony przez PZPN. Chodzi\u0142o oczywi\u015bcie o odwo\u0142anie \u201eZielonych\u201d.<\/p>\n<p><center><img loading=\"lazy\" decoding=\"async\" width=\"1000\" height=\"667\" class=\"aligncenter size-full wp-image-7944\" src=\"https:\/\/wartapoznan.pl\/wp-content\/uploads\/2019\/12\/Garbarnia.jpg\" alt=\"Garbarnia Krak\u00f3w\" srcset=\"https:\/\/wartapoznan.pl\/wp-content\/uploads\/2019\/12\/Garbarnia.jpg 1000w, https:\/\/wartapoznan.pl\/wp-content\/uploads\/2019\/12\/Garbarnia-300x200.jpg 300w, https:\/\/wartapoznan.pl\/wp-content\/uploads\/2019\/12\/Garbarnia-768x512.jpg 768w, https:\/\/wartapoznan.pl\/wp-content\/uploads\/2019\/12\/Garbarnia-128x85.jpg 128w, https:\/\/wartapoznan.pl\/wp-content\/uploads\/2019\/12\/Garbarnia-32x21.jpg 32w, https:\/\/wartapoznan.pl\/wp-content\/uploads\/2019\/12\/Garbarnia-356x237.jpg 356w, https:\/\/wartapoznan.pl\/wp-content\/uploads\/2019\/12\/Garbarnia-470x313.jpg 470w, https:\/\/wartapoznan.pl\/wp-content\/uploads\/2019\/12\/Garbarnia-70x47.jpg 70w, https:\/\/wartapoznan.pl\/wp-content\/uploads\/2019\/12\/Garbarnia-100x67.jpg 100w\" sizes=\"(max-width: 1000px) 100vw, 1000px\" \/><em><small>Zesp\u00f3\u0142 Garbarni Krak\u00f3w przez kilka tygodni by\u0142 uznawany za mistrza Polski. Do czasu rozpatrzenia protestu Warty Pozna\u0144&#8230;<\/small><\/em><\/center>Zarz\u0105d G\u0142\u00f3wny Ligi PZPN mia\u0142 si\u0119 zaj\u0105\u0107 spraw\u0105 12 grudnia, ale wydanie decyzji prze\u0142o\u017cono o kolejny tydzie\u0144. Jak relacjonuj\u0105 Jerzy Miatkowski i Jaros\u0142aw Owsia\u0144ski w ksi\u0105\u017cce \u201e1929. Zielone mistrzostwo\u201d: <em>\u201eOdczytano opini\u0119 PZPN, kt\u00f3ra stwierdzi\u0142a, \u017ce gracz \u017burkowski nie by\u0142 w \u017cadnym razie uprawniony do udzia\u0142u w zawodach mistrzowskich. (\u2026) Zarz\u0105d Ligi uzna\u0142 Romana \u017burkowskiego za nieuprawnionego do gry i stosunkiem g\u0142os\u00f3w 9:4 zatwierdzi\u0142 s\u0142uszno\u015b\u0107 protestu Warty Pozna\u0144\u201d<\/em>. Si\u0142a argument\u00f3w by\u0142a tak du\u017ca, \u017ce \u017cadna z zainteresowanych stron nie odwo\u0142a\u0142a si\u0119 od tej decyzji.<\/p>\n<p>Taka decyzja oznacza\u0142a spadek Turyst\u00f3w z ligi, ale przede wszystkim, po dopisaniu 2 pkt za walkower 3:0. \u201eZieloni\u201d przeskoczyli w tabeli Garbarni\u0119 Krak\u00f3w. Mieli 33 pkt, punkt wi\u0119cej od krakowskiej dru\u017cyny. Byli mistrzami Polski! Po raz pierwszy w historii klubu i jako pierwszy klub pi\u0142karski w Poznaniu i Wielkopolsce.<\/p>\n<h3>Klasa Warty Pozna\u0144 doceniona<\/h3>\n<p>Mistrzostwo trafi\u0142o w r\u0119ce zespo\u0142u, kt\u00f3ry mia\u0142 najlepsz\u0105 obron\u0119 w lidze (33 stracone gole, najmniej w stawce), ustanowi\u0142 rekord pi\u0119ciu mecz\u00f3w z rz\u0119du z czystym kontem, co by\u0142o r\u00f3wnie\u017c ogromn\u0105 zas\u0142ug\u0105 znakomitego bramkarza Mariana Fontowicza. Warta Pozna\u0144 wygra\u0142a 15 z 24 mecz\u00f3w, mia\u0142a, obok Cracovii, najkorzystniejszy bilans bramek (+25).<\/p>\n<p><center><img loading=\"lazy\" decoding=\"async\" width=\"1000\" height=\"667\" class=\"aligncenter size-full wp-image-7939\" src=\"https:\/\/wartapoznan.pl\/wp-content\/uploads\/2019\/12\/Fontowicz_reprezentacja.jpg\" alt=\"Marian Fontowicz, bramkarz Warty Pozna\u0144 w stroju reprezentacji Polski\" srcset=\"https:\/\/wartapoznan.pl\/wp-content\/uploads\/2019\/12\/Fontowicz_reprezentacja.jpg 1000w, https:\/\/wartapoznan.pl\/wp-content\/uploads\/2019\/12\/Fontowicz_reprezentacja-300x200.jpg 300w, https:\/\/wartapoznan.pl\/wp-content\/uploads\/2019\/12\/Fontowicz_reprezentacja-768x512.jpg 768w, https:\/\/wartapoznan.pl\/wp-content\/uploads\/2019\/12\/Fontowicz_reprezentacja-128x85.jpg 128w, https:\/\/wartapoznan.pl\/wp-content\/uploads\/2019\/12\/Fontowicz_reprezentacja-32x21.jpg 32w, https:\/\/wartapoznan.pl\/wp-content\/uploads\/2019\/12\/Fontowicz_reprezentacja-356x237.jpg 356w, https:\/\/wartapoznan.pl\/wp-content\/uploads\/2019\/12\/Fontowicz_reprezentacja-470x313.jpg 470w, https:\/\/wartapoznan.pl\/wp-content\/uploads\/2019\/12\/Fontowicz_reprezentacja-70x47.jpg 70w, https:\/\/wartapoznan.pl\/wp-content\/uploads\/2019\/12\/Fontowicz_reprezentacja-100x67.jpg 100w\" sizes=\"(max-width: 1000px) 100vw, 1000px\" \/><em><small>Bramkarz Warty Pozna\u0144 Marian Fontowicz w barwach reprezentacji Polski przed meczem z amatorsk\u0105 reprezentacj\u0105 W\u0119gier, rozegranym w 1929 roku na stadionie Warty przy ul. Rolnej. Bia\u0142o-czerwoni wygrali 5:1.<\/small><\/em><\/center><em>\u201eNa tronie kr\u00f3lewskim zasiad\u0142 tak zas\u0142u\u017cony dla pi\u0142karstwa polskiego klub pozna\u0144ski<\/em> \u2013 pisa\u0142 \u201ePrzegl\u0105d Sportowy\u201d \u2013 <em>styl gry oraz wybitne oparcie swych umiej\u0119tno\u015bci o technik\u0119 i kombinacj\u0119 sprawi\u0142a, \u017ce nawet zawsze sceptyczna w stosunku do klub\u00f3w zamiejscowych opinia Krakowa w ostatnich czasach uzna\u0142a pozna\u0144czyk\u00f3w za klas\u0119 r\u00f3wn\u0105 swym pupilom Wi\u015ble i Cracovii\u201d<\/em>. I dalej o mistrzowskiej dru\u017cynie: \u201eUbyli z jej szereg\u00f3w Einbacher, Spoida czy Kosicki, zjawili si\u0119 za to Scherfkowie, Wojciechowski, Radojewski, Rochowicz czy Knio\u0142a, kt\u00f3rzy wesp\u00f3\u0142 ze star\u0105 gwardi\u0105 Stali\u0144skim, Przybyszem i Fliegerem potrafili podtrzyma\u0107 tradycje gry pi\u0119knej, stykowej, a co najwa\u017cniejsze \u2013 najcz\u0119\u015bciej zwyci\u0119skiej\u201d.<\/p>\n<p><center><img loading=\"lazy\" decoding=\"async\" width=\"1000\" height=\"666\" class=\"aligncenter size-full wp-image-7947\" src=\"https:\/\/wartapoznan.pl\/wp-content\/uploads\/2019\/12\/Warta_Mistrz_Polski_1929.jpg\" alt=\"Warta Pozna\u0144, mistrz Polski 1929\" srcset=\"https:\/\/wartapoznan.pl\/wp-content\/uploads\/2019\/12\/Warta_Mistrz_Polski_1929.jpg 1000w, https:\/\/wartapoznan.pl\/wp-content\/uploads\/2019\/12\/Warta_Mistrz_Polski_1929-300x200.jpg 300w, https:\/\/wartapoznan.pl\/wp-content\/uploads\/2019\/12\/Warta_Mistrz_Polski_1929-768x511.jpg 768w, https:\/\/wartapoznan.pl\/wp-content\/uploads\/2019\/12\/Warta_Mistrz_Polski_1929-128x85.jpg 128w, https:\/\/wartapoznan.pl\/wp-content\/uploads\/2019\/12\/Warta_Mistrz_Polski_1929-32x21.jpg 32w, https:\/\/wartapoznan.pl\/wp-content\/uploads\/2019\/12\/Warta_Mistrz_Polski_1929-356x237.jpg 356w, https:\/\/wartapoznan.pl\/wp-content\/uploads\/2019\/12\/Warta_Mistrz_Polski_1929-470x313.jpg 470w, https:\/\/wartapoznan.pl\/wp-content\/uploads\/2019\/12\/Warta_Mistrz_Polski_1929-70x47.jpg 70w, https:\/\/wartapoznan.pl\/wp-content\/uploads\/2019\/12\/Warta_Mistrz_Polski_1929-100x67.jpg 100w\" sizes=\"(max-width: 1000px) 100vw, 1000px\" \/><em><small>Zdj\u0119cie mistrzowskiej dru\u017cyny Warty Pozna\u0144 z publikacji, kt\u00f3ra ukaza\u0142a si\u0119 w 1937 roku, na 25-lecie klubu<\/small><\/em><\/center>W komentarzu, kt\u00f3ry znalaz\u0142 si\u0119 w biuletynie \u201eWarciarz\u201d, tak podsumowano mistrzowski rok 1929: <em>\u201eWreszcie dost\u0105pili\u015bmy upragnionego zaszczytu, obejmuj\u0105c tron pi\u0142karski. Dru\u017cyna nasza rzetelnie sobie na to zas\u0142u\u017cy\u0142a, wytrwa\u0142\u0105 prac\u0105, no i umiej\u0119tno\u015bci\u0105. \u017ba\u0142owa\u0107 tylko nale\u017cy, \u017ce uznanie tej naszej rzetelnie zapracowanej czo\u0142owej pozycji w pi\u0142karstwie polskiem, nast\u0105pi\u0142o dopiero na Zebraniu Zarz\u0105du Ligi. Jeste\u015bmy przekonani, \u017ce dru\u017cyna nasza pi\u0142karska godnie reprezentowa\u0107 b\u0119dzie Mistrza Polski\u201d<\/em>.<\/p>\n","protected":false},"excerpt":{"rendered":"<p>Rok 1929: Warta Pozna\u0144 obej\u0119\u0142\u0105 tron pi\u0142karski &#8211; pierwsze mistrzostwo Polski &#8222;Zielonych&#8221; Po 17 latach od za\u0142o\u017cenia klubu pi\u0142karze Warty&#8230;<\/p>\n","protected":false},"author":36,"featured_media":7952,"comment_status":"closed","ping_status":"closed","sticky":false,"template":"","format":"standard","meta":{"om_disable_all_campaigns":false,"inline_featured_image":false,"footnotes":"","_links_to":"","_links_to_target":""},"categories":[94,163,98,100,1],"tags":[],"aioseo_notices":[],"_links":{"self":[{"href":"https:\/\/wartapoznan.pl\/index.php\/wp-json\/wp\/v2\/posts\/7921"}],"collection":[{"href":"https:\/\/wartapoznan.pl\/index.php\/wp-json\/wp\/v2\/posts"}],"about":[{"href":"https:\/\/wartapoznan.pl\/index.php\/wp-json\/wp\/v2\/types\/post"}],"author":[{"embeddable":true,"href":"https:\/\/wartapoznan.pl\/index.php\/wp-json\/wp\/v2\/users\/36"}],"replies":[{"embeddable":true,"href":"https:\/\/wartapoznan.pl\/index.php\/wp-json\/wp\/v2\/comments?post=7921"}],"version-history":[{"count":26,"href":"https:\/\/wartapoznan.pl\/index.php\/wp-json\/wp\/v2\/posts\/7921\/revisions"}],"predecessor-version":[{"id":40862,"href":"https:\/\/wartapoznan.pl\/index.php\/wp-json\/wp\/v2\/posts\/7921\/revisions\/40862"}],"wp:featuredmedia":[{"embeddable":true,"href":"https:\/\/wartapoznan.pl\/index.php\/wp-json\/wp\/v2\/media\/7952"}],"wp:attachment":[{"href":"https:\/\/wartapoznan.pl\/index.php\/wp-json\/wp\/v2\/media?parent=7921"}],"wp:term":[{"taxonomy":"category","embeddable":true,"href":"https:\/\/wartapoznan.pl\/index.php\/wp-json\/wp\/v2\/categories?post=7921"},{"taxonomy":"post_tag","embeddable":true,"href":"https:\/\/wartapoznan.pl\/index.php\/wp-json\/wp\/v2\/tags?post=7921"}],"curies":[{"name":"wp","href":"https:\/\/api.w.org\/{rel}","templated":true}]}}