{"id":8084,"date":"2020-01-14T19:44:09","date_gmt":"2020-01-14T18:44:09","guid":{"rendered":"https:\/\/wartapoznan.pl\/?p=8084"},"modified":"2020-01-14T19:44:09","modified_gmt":"2020-01-14T18:44:09","slug":"nie-zyje-marian-cichosz","status":"publish","type":"post","link":"https:\/\/wartapoznan.pl\/index.php\/2020\/01\/14\/nie-zyje-marian-cichosz\/","title":{"rendered":"Nie \u017cyje Marian Cichosz"},"content":{"rendered":"<p>Do klubu dotar\u0142a smutna wiadomo\u015b\u0107, i\u017c 4 stycznia W wieku 85 lat zmar\u0142 Marian Cichosz, by\u0142y pi\u0142karz i trener Warty Pozna\u0144. &#8211; <em>By\u0142 jednym z najlepszych w dru\u017cynie<\/em> &#8211; wspomina Zbigniew \u015amiglak.<\/p>\n<p>Marian Cichosz by\u0142 napastnikiem, pochodzi\u0142 z Mi\u0119dzychodu, a karier\u0119 pi\u0142karsk\u0105 rozpocz\u0105\u0142 w Gorzowie Wlkp. Jako 20-latek zadebiutowa\u0142 w ekstraklasie, w barwach Lecha Pozna\u0144 (w\u00f3wczas Kolejarza). Potem zosta\u0142 pi\u0142karzem \u015al\u0105ska Wroc\u0142aw. Do Warty Pozna\u0144 trafi\u0142 z Gorzowa i wyst\u0119powa\u0142 w zielono-bia\u0142ych barwach przez p\u00f3\u0142tora roku. By\u0142o to w sezonie 1962\/63 oraz w pierwszej po\u0142owie sezonu 1963\/64. Warta Pozna\u0144 gra\u0142a w\u00f3wczas na trzecim poziomie rozgrywkowym w kraju.  Nast\u0119pnie odszed\u0142 do Lecha Pozna\u0144, a potem do Energetyka Pozna\u0144.<\/p>\n<p>Po zako\u0144czeniu kariery prowadzi\u0142 na prze\u0142omie lat 60. i 70. pierwszy zesp\u00f3\u0142 oraz rezerwy Warty Pozna\u0144. \u2013 <em>To by\u0142 dobry napastnik, znany w Poznaniu. W Warcie by\u0142 jednym z najlepszych w dru\u017cynie. Mia\u0142 bardzo dobre uderzenie z lewej i prawej nogi<\/em> \u2013 wspomina Zbigniew \u015amiglak, by\u0142y dyrektor sportowy \u201eZielonych\u201d, kt\u00f3ry jako m\u0142ody zawodnik by\u0142 podopiecznym Mariana Cichosza w drugiej dru\u017cynie Warty Pozna\u0144.<\/p>\n<p>Marian Cichosz w marcu sko\u0144czy\u0142by 86 lat. Pogrzeb by\u0142ego zawodnika Warty Pozna\u0144 odby\u0142 si\u0119 w czwartek na cmentarzu na Junikowie.<\/p>\n<p>Rodzinie i bliskim Mariana Cichosza sk\u0142adamy wyrazy wsp\u00f3\u0142czucia w imieniu ca\u0142ej Zielonej Rodziny.<\/p>\n","protected":false},"excerpt":{"rendered":"<p>Do klubu dotar\u0142a smutna wiadomo\u015b\u0107, i\u017c 4 stycznia W wieku 85 lat zmar\u0142 Marian Cichosz, by\u0142y pi\u0142karz i trener Warty&#8230;<\/p>\n","protected":false},"author":36,"featured_media":8087,"comment_status":"closed","ping_status":"closed","sticky":false,"template":"","format":"standard","meta":{"om_disable_all_campaigns":false,"inline_featured_image":false,"footnotes":"","_links_to":"","_links_to_target":""},"categories":[94,1],"tags":[],"aioseo_notices":[],"_links":{"self":[{"href":"https:\/\/wartapoznan.pl\/index.php\/wp-json\/wp\/v2\/posts\/8084"}],"collection":[{"href":"https:\/\/wartapoznan.pl\/index.php\/wp-json\/wp\/v2\/posts"}],"about":[{"href":"https:\/\/wartapoznan.pl\/index.php\/wp-json\/wp\/v2\/types\/post"}],"author":[{"embeddable":true,"href":"https:\/\/wartapoznan.pl\/index.php\/wp-json\/wp\/v2\/users\/36"}],"replies":[{"embeddable":true,"href":"https:\/\/wartapoznan.pl\/index.php\/wp-json\/wp\/v2\/comments?post=8084"}],"version-history":[{"count":3,"href":"https:\/\/wartapoznan.pl\/index.php\/wp-json\/wp\/v2\/posts\/8084\/revisions"}],"predecessor-version":[{"id":8088,"href":"https:\/\/wartapoznan.pl\/index.php\/wp-json\/wp\/v2\/posts\/8084\/revisions\/8088"}],"wp:featuredmedia":[{"embeddable":true,"href":"https:\/\/wartapoznan.pl\/index.php\/wp-json\/wp\/v2\/media\/8087"}],"wp:attachment":[{"href":"https:\/\/wartapoznan.pl\/index.php\/wp-json\/wp\/v2\/media?parent=8084"}],"wp:term":[{"taxonomy":"category","embeddable":true,"href":"https:\/\/wartapoznan.pl\/index.php\/wp-json\/wp\/v2\/categories?post=8084"},{"taxonomy":"post_tag","embeddable":true,"href":"https:\/\/wartapoznan.pl\/index.php\/wp-json\/wp\/v2\/tags?post=8084"}],"curies":[{"name":"wp","href":"https:\/\/api.w.org\/{rel}","templated":true}]}}