{"id":8092,"date":"2020-01-15T21:03:06","date_gmt":"2020-01-15T20:03:06","guid":{"rendered":"https:\/\/wartapoznan.pl\/?p=8092"},"modified":"2020-01-15T21:03:06","modified_gmt":"2020-01-15T20:03:06","slug":"warta-poznan-wrocila-do-treningow-z-pilkami-nie-zapominamy-o-bieganiu","status":"publish","type":"post","link":"https:\/\/wartapoznan.pl\/index.php\/2020\/01\/15\/warta-poznan-wrocila-do-treningow-z-pilkami-nie-zapominamy-o-bieganiu\/","title":{"rendered":"Warta Pozna\u0144 wr\u00f3ci\u0142a do trening\u00f3w z pi\u0142kami. \u201eNie zapominamy o bieganiu\u201d"},"content":{"rendered":"<p>&#8211; <em>W cypryjskiej ekstraklasie s\u0105 kluby, w kt\u00f3rych nie ma takich warunk\u00f3w do tego, \u017ceby rozwija\u0107 swoje umiej\u0119tno\u015bci<\/em> \u2013 m\u00f3wi nowy napastnik Warty Pozna\u0144 Mateusz Szczepaniak. W drugim tygodniu przygotowa\u0144 do rundy wiosennej \u201eZieloni\u201d maj\u0105 ju\u017c du\u017co zaj\u0119\u0107 z pi\u0142kami.<\/p>\n<p>\u015arodowy trening w Centrum Plek by\u0142 otwarty dla przedstawicieli medi\u00f3w. Po niemal dw\u00f3ch godzinach \u0107wicze\u0144 na pytania dziennikarzy odpowiadali Mateusz Szczepaniak i Jakub Apolinarski, nowi gracze Warty Pozna\u0144. Obaj podkre\u015blali, \u017ce zastali w klubie wszystko, co potrzeba, do profesjonalnej gry w pi\u0142k\u0119.<\/p>\n<p>Chocia\u017c w po\u0142udnie troch\u0119 kropi\u0142o, to na g\u0142owy zawodnik\u00f3w nie spad\u0142a ani kropelka.  Poznaniacy trenuj\u0105 bowiem w hali pneumatycznej na nowoczesnym boisku ze sztuczn\u0105 nawierzchni\u0105. Klub wynajmuje je w pierwszych tygodniach okresu przygotowawczego. \u2013 <em>Musimy wykorzysta\u0107 niesamowite warunki, kt\u00f3re tu mamy. To jest obiekt wysokiej klasy i jeste\u015bmy niezmiernie szcz\u0119\u015bliwi, \u017ce mo\u017cemy tutaj trenowa\u0107<\/em> \u2013 m\u00f3wi uradowany trener Piotr Tworek. \u2013<em> A skoro jeste\u015bmy na boisku, to s\u0105 gry, gry i jeszcze raz gry <\/em>\u2013 podkre\u015bla i dodaje:  &#8211; <em>No i oczywi\u015bcie praca motoryczna.<\/em><\/p>\n<p><img loading=\"lazy\" decoding=\"async\" width=\"1000\" height=\"664\" src=\"https:\/\/wartapoznan.pl\/wp-content\/uploads\/2020\/01\/Plek-3057.jpg\" alt=\"Trening Warty Pozna\u0144 w Centrum Plek\" class=\"aligncenter size-full wp-image-8095\" srcset=\"https:\/\/wartapoznan.pl\/wp-content\/uploads\/2020\/01\/Plek-3057.jpg 1000w, https:\/\/wartapoznan.pl\/wp-content\/uploads\/2020\/01\/Plek-3057-300x199.jpg 300w, https:\/\/wartapoznan.pl\/wp-content\/uploads\/2020\/01\/Plek-3057-768x510.jpg 768w, https:\/\/wartapoznan.pl\/wp-content\/uploads\/2020\/01\/Plek-3057-128x85.jpg 128w, https:\/\/wartapoznan.pl\/wp-content\/uploads\/2020\/01\/Plek-3057-32x21.jpg 32w, https:\/\/wartapoznan.pl\/wp-content\/uploads\/2020\/01\/Plek-3057-356x236.jpg 356w, https:\/\/wartapoznan.pl\/wp-content\/uploads\/2020\/01\/Plek-3057-470x312.jpg 470w, https:\/\/wartapoznan.pl\/wp-content\/uploads\/2020\/01\/Plek-3057-70x46.jpg 70w, https:\/\/wartapoznan.pl\/wp-content\/uploads\/2020\/01\/Plek-3057-100x66.jpg 100w\" sizes=\"(max-width: 1000px) 100vw, 1000px\" \/><\/p>\n<p>&#8211; <em>Wida\u0107, \u017ce zawodnicy s\u0105 zadowoleni. Mamy r\u00f3\u017cne formy gier, na r\u00f3\u017cnych przestrzeniach, w r\u00f3\u017cnej liczebno\u015bci. Zesp\u00f3\u0142 wykonuje ci\u0119\u017ck\u0105 prac\u0119, a mnie bardzo cieszy, \u017ce ju\u017c od pocz\u0105tku przygotowa\u0144 zaanga\u017cowanie jest na bardzo wysokim poziomie<\/em> \u2013 twierdzi trener Piotr Tworek.<\/p>\n<p>Na wysokim poziomie s\u0105 te\u017c niekt\u00f3re zagrania. Mateusz Szczepaniak, na przyk\u0142ad, zdoby\u0142 bramk\u0119 po b\u0142yskawicznym i bardzo efektownym strzale tzw. przewrotk\u0105. Kilka goli wbi\u0142 te\u017c Jakub Apolinarski. \u2013 <em>Nowi zawodnicy dobrze si\u0119 odnajduj\u0105. Mimo \u017ce to dopiero pocz\u0105tek trening\u00f3w, to mo\u017cna zobaczy\u0107 ciekawe zagrania. Wszystko jest wykonywane z odpowiedni\u0105 intensywno\u015bci\u0105, co by\u0142o nasz\u0105 wizyt\u00f3wk\u0105 w rundzie jesiennej<\/em> \u2013 zauwa\u017ca trener Warty Pozna\u0144.<\/p>\n<p><img loading=\"lazy\" decoding=\"async\" width=\"1000\" height=\"665\" src=\"https:\/\/wartapoznan.pl\/wp-content\/uploads\/2020\/01\/Plek-3105.jpg\" alt=\"Trening Warty Pozna\u0144 w Centrum Plek. \u0141ukasz Tra\u0142ka i Adrian Laskowski\" class=\"aligncenter size-full wp-image-8096\" srcset=\"https:\/\/wartapoznan.pl\/wp-content\/uploads\/2020\/01\/Plek-3105.jpg 1000w, https:\/\/wartapoznan.pl\/wp-content\/uploads\/2020\/01\/Plek-3105-300x200.jpg 300w, https:\/\/wartapoznan.pl\/wp-content\/uploads\/2020\/01\/Plek-3105-768x511.jpg 768w, https:\/\/wartapoznan.pl\/wp-content\/uploads\/2020\/01\/Plek-3105-128x85.jpg 128w, https:\/\/wartapoznan.pl\/wp-content\/uploads\/2020\/01\/Plek-3105-32x21.jpg 32w, https:\/\/wartapoznan.pl\/wp-content\/uploads\/2020\/01\/Plek-3105-356x237.jpg 356w, https:\/\/wartapoznan.pl\/wp-content\/uploads\/2020\/01\/Plek-3105-470x313.jpg 470w, https:\/\/wartapoznan.pl\/wp-content\/uploads\/2020\/01\/Plek-3105-70x47.jpg 70w, https:\/\/wartapoznan.pl\/wp-content\/uploads\/2020\/01\/Plek-3105-100x67.jpg 100w\" sizes=\"(max-width: 1000px) 100vw, 1000px\" \/><\/p>\n<p>Piotr Tworek zapowiada, \u017ce zesp\u00f3\u0142 nie straci swojego charakteru w drugiej cz\u0119\u015bci sezonu: \u2013 <em>Przez dwa tygodnie mamy po dwa treningi dziennie. Zaj\u0119cia pi\u0142karskie s\u0105 dominuj\u0105ce, ale pracujemy te\u017c na si\u0142owni, \u017ceby zbudowa\u0107 si\u0142\u0119 maksymaln\u0105 i wej\u015b\u0107 w bardziej dynamiczne \u0107wiczenia, je\u015bli chodzi o motoryk\u0119. Nie zapominamy te\u017c o pracy biegowej, bo nasz zesp\u00f3\u0142 z tego s\u0142yn\u0105\u0142 i tak\u017ce w rundzie wiosennej b\u0119dziemy potrzebowali pary w p\u0142ucach. Nawet wi\u0119cej ni\u017c jesieni\u0105. Musimy by\u0107 w stu procentach przygotowani.<\/em><\/p>\n<p><a href=\"http:\/\/bit.ly\/2tnkeMN\" rel=\"noopener noreferrer\" target=\"_blank\">Zobacz galeri\u0119 zdj\u0119\u0107 z treningu<\/a><\/p>\n","protected":false},"excerpt":{"rendered":"<p>&#8211; W cypryjskiej ekstraklasie s\u0105 kluby, w kt\u00f3rych nie ma takich warunk\u00f3w do tego, \u017ceby rozwija\u0107 swoje umiej\u0119tno\u015bci \u2013 m\u00f3wi&#8230;<\/p>\n","protected":false},"author":36,"featured_media":8097,"comment_status":"closed","ping_status":"closed","sticky":false,"template":"","format":"standard","meta":{"om_disable_all_campaigns":false,"inline_featured_image":false,"footnotes":"","_links_to":"","_links_to_target":""},"categories":[94,100,1],"tags":[],"aioseo_notices":[],"_links":{"self":[{"href":"https:\/\/wartapoznan.pl\/index.php\/wp-json\/wp\/v2\/posts\/8092"}],"collection":[{"href":"https:\/\/wartapoznan.pl\/index.php\/wp-json\/wp\/v2\/posts"}],"about":[{"href":"https:\/\/wartapoznan.pl\/index.php\/wp-json\/wp\/v2\/types\/post"}],"author":[{"embeddable":true,"href":"https:\/\/wartapoznan.pl\/index.php\/wp-json\/wp\/v2\/users\/36"}],"replies":[{"embeddable":true,"href":"https:\/\/wartapoznan.pl\/index.php\/wp-json\/wp\/v2\/comments?post=8092"}],"version-history":[{"count":3,"href":"https:\/\/wartapoznan.pl\/index.php\/wp-json\/wp\/v2\/posts\/8092\/revisions"}],"predecessor-version":[{"id":8098,"href":"https:\/\/wartapoznan.pl\/index.php\/wp-json\/wp\/v2\/posts\/8092\/revisions\/8098"}],"wp:featuredmedia":[{"embeddable":true,"href":"https:\/\/wartapoznan.pl\/index.php\/wp-json\/wp\/v2\/media\/8097"}],"wp:attachment":[{"href":"https:\/\/wartapoznan.pl\/index.php\/wp-json\/wp\/v2\/media?parent=8092"}],"wp:term":[{"taxonomy":"category","embeddable":true,"href":"https:\/\/wartapoznan.pl\/index.php\/wp-json\/wp\/v2\/categories?post=8092"},{"taxonomy":"post_tag","embeddable":true,"href":"https:\/\/wartapoznan.pl\/index.php\/wp-json\/wp\/v2\/tags?post=8092"}],"curies":[{"name":"wp","href":"https:\/\/api.w.org\/{rel}","templated":true}]}}