{"id":8788,"date":"2020-03-02T20:50:54","date_gmt":"2020-03-02T19:50:54","guid":{"rendered":"https:\/\/wartapoznan.pl\/?p=8788"},"modified":"2020-03-03T15:10:00","modified_gmt":"2020-03-03T14:10:00","slug":"warta-poznan-wygrywa-z-radomiakiem-radom-po-znakomitej-drugiej-polowie-meczu","status":"publish","type":"post","link":"https:\/\/wartapoznan.pl\/index.php\/2020\/03\/02\/warta-poznan-wygrywa-z-radomiakiem-radom-po-znakomitej-drugiej-polowie-meczu\/","title":{"rendered":"Warta Pozna\u0144 wygrywa z Radomiakiem Radom po znakomitej drugiej po\u0142owie meczu!"},"content":{"rendered":"<p><strong>Warta Pozna\u0144 wygra\u0142a 3:0 z Radomiakiem Radom w swoim pierwszym wiosennym meczu w Fortuna 1 Lidze. Dzi\u0119ki tej wygranej &#8222;Zieloni&#8221; nadal s\u0105 liderem rozgrywek.<\/strong><\/p>\n<p>O zwyci\u0119stwie zespo\u0142u trenera Piotra Tworka przes\u0105dzi\u0142a \u015bwietna gra w drugiej cz\u0119\u015bci poniedzia\u0142kowego spotkania. Pierwsza po\u0142owa nale\u017ca\u0142a bowiem do go\u015bci. Ju\u017c w 7. minucie Rafa\u0142 Makowski poda\u0142 pi\u0142k\u0119 do znajduj\u0105cego si\u0119 na dobrej pozycji Patryka Mikity, ale jego uderzenie znakomicie obroni\u0142 jednak Adrian Lis.<\/p>\n<p>Zesp\u00f3\u0142 z Radomia mia\u0142 inicjatyw\u0119, cz\u0119\u015bciej by\u0142 przy pi\u0142ce i gro\u017anie atakowa\u0142. Warta Pozna\u0144 mia\u0142a problem z tak\u0105 gr\u0105, jak\u0105 najbardziej lubi. Nie mog\u0142a z\u0142apa\u0107 rytmu. Mimo to by\u0142a bliska wyj\u015bcia na prowadzenie w 31. minucie, gdy\u00a0Robert Janicki doskonale poda\u0142 w polu karnym do Mariusza Rybickiego, ale ten strzeli\u0142 wysoko ponad bramk\u0105. W ko\u0144c\u00f3wce pierwszej po\u0142owy oba zespo\u0142y stara\u0142y si\u0119 wykreowa\u0107 sobie sytuacje na zdobycie bramki, jednak przewa\u017cnie pr\u00f3by te by\u0142y szybko obracane w niwecz przez obro\u0144c\u00f3w. Do przerwy na tablicy wynik\u00f3w widnia\u0142 bezbramkowy remis.<\/p>\n<p>Druga po\u0142owa rozpocz\u0119\u0142a si\u0119 natomiast znakomicie dla pi\u0142karzy &#8222;Zielonych&#8221;. W 53. minucie Robert Janicki precyzyjnie do\u015brodkowa\u0142 z rzutu wolnego na g\u0142ow\u0119 Bartosza Kieliby, a kapitan Warty uderzeniem g\u0142ow\u0105 wpakowa\u0142 pi\u0142k\u0119 do siatki, wyprowadzaj\u0105c swoj\u0105 dru\u017cyn\u0119 na prowadzenie. Pi\u0119\u0107 minut p\u00f3\u017aniej niewiele jednak zabrak\u0142o, a Radomiak wyr\u00f3wna\u0142by wynik. Po do\u015brodkowaniu z rzutu ro\u017cnego w polu karnym Warty zrobi\u0142o si\u0119 spore zamieszanie. Po kilku zablokowanych strza\u0142ach pi\u0142k\u0119 z\u0142apa\u0142 w ko\u0144cu Adrian Lis.<\/p>\n<p>Mecz by\u0142 ju\u017c wtedy pod kontrol\u0105 pozaniak\u00f3w, kt\u00f3rzy nie dopuszczali ju\u017c rywali w okolice swojej bramki. Sami gro\u017anie atakowali. W 73. minucie Robert Janicki gro\u017anie uderzy\u0142 z lewej strony pola karnego, jednak Cezary Miszta zdo\u0142a\u0142 wybi\u0107 pi\u0142k\u0119 na rzut ro\u017cny. Osiem minut p\u00f3\u017aniej pi\u0142karze trenera Piotra Tworka dopi\u0119li jednak swego. Po sk\u0142adnej zespo\u0142owej akcji debiutuj\u0105cy w pierwszej dru\u017cynie Warty Pozna\u0144, wychowanek klubu Jakub Apolinarski poda\u0142 pi\u0142k\u0119 do Roberta Janickiego, a temu pozosta\u0142o ju\u017c tylko wpakowa\u0107 pi\u0142k\u0119 do pustej bramki.<\/p>\n<p>Wydaje si\u0119, \u017ce ten gol ostatecznie pod\u0142ama\u0142 morale go\u015bci, kt\u00f3rzy od tego czasu bezskutecznie pr\u00f3bowali zmniejszy\u0107 straty. W doliczonym czasie gry &#8222;Zieloni&#8221; podwy\u017cszyli strzelili trzeciego gola, piecz\u0119tuj\u0105cego wygran\u0105. Gracjan Jaroch przechwyci\u0142 pi\u0142k\u0119 w polu karnym przeciwnika po kiksie jednego z obro\u0144c\u00f3w radomian i umie\u015bci\u0142 j\u0105 w bramce. S\u0119dzia da\u0142 si\u0119 nacieszy\u0107 pi\u0142karzom Warty Pozna\u0144, po czym zako\u0144czy\u0142 mecz!<\/p>\n<p>W 21. kolejce pozna\u0144ski zesp\u00f3\u0142 odni\u00f3s\u0142 13. zwyci\u0119stwo, wygra\u0142 trzeci mecz z rz\u0119du, a po raz drugi z kolei pokona\u0142 rywali 3:0. Ma 43 punkty i nadal jest liderem Fortuna 1 Ligi!<\/p>\n<p><strong>WARTA POZNA\u0143 &#8211; RADOMIAK RADOM 3:0 (0:0)<\/strong><br \/>\n<strong>Bramki:<\/strong> 1:0 Kieliba (53. minuta), 2:0 Janicki (81.), 3:0 Jaroch (90. +5)<br \/>\n<strong>Warta Pozna\u0144:<\/strong> Adrian Lis \u2013 Micha\u0142 Grobelny, Bartosz Kieliba, Aleks \u0141awniczak, Jakub Kie\u0142b \u2013 \u0141ukasz Tra\u0142ka \u017b, Krzysztof Danielewicz \u017b (73. Adrian Laskowski) \u2013 Mariusz Rybicki, Robert Janicki (87. \u0141ukasz Sp\u0142awski), Micha\u0142 Jak\u00f3bowski \u2013 Gracjan Jaroch.<\/p>\n<p><strong>S\u0119dziowa\u0142<\/strong> Tomasz Marciniak z P\u0142ocka<br \/>\n<strong>Widz\u00f3w 1014<\/strong><\/p>\n<p><small>fot. Adam Ciereszko<\/small><\/p>\n<hr>\n<p><center><a href=\"http:\/\/bit.ly\/2wYaWZ4\" rel=\"noopener noreferrer\" target=\"_blank\">Zobacz galeri\u0119 zdj\u0119\u0107 z meczu<\/a><\/center><\/p>\n","protected":false},"excerpt":{"rendered":"<p>Warta Pozna\u0144 wygra\u0142a 3:0 z Radomiakiem Radom w swoim pierwszym wiosennym meczu w Fortuna 1 Lidze. Dzi\u0119ki tej wygranej &#8222;Zieloni&#8221;&#8230;<\/p>\n","protected":false},"author":36,"featured_media":8789,"comment_status":"closed","ping_status":"closed","sticky":false,"template":"","format":"standard","meta":{"om_disable_all_campaigns":false,"inline_featured_image":false,"footnotes":"","_links_to":"","_links_to_target":""},"categories":[94,100,1],"tags":[],"aioseo_notices":[],"_links":{"self":[{"href":"https:\/\/wartapoznan.pl\/index.php\/wp-json\/wp\/v2\/posts\/8788"}],"collection":[{"href":"https:\/\/wartapoznan.pl\/index.php\/wp-json\/wp\/v2\/posts"}],"about":[{"href":"https:\/\/wartapoznan.pl\/index.php\/wp-json\/wp\/v2\/types\/post"}],"author":[{"embeddable":true,"href":"https:\/\/wartapoznan.pl\/index.php\/wp-json\/wp\/v2\/users\/36"}],"replies":[{"embeddable":true,"href":"https:\/\/wartapoznan.pl\/index.php\/wp-json\/wp\/v2\/comments?post=8788"}],"version-history":[{"count":6,"href":"https:\/\/wartapoznan.pl\/index.php\/wp-json\/wp\/v2\/posts\/8788\/revisions"}],"predecessor-version":[{"id":8812,"href":"https:\/\/wartapoznan.pl\/index.php\/wp-json\/wp\/v2\/posts\/8788\/revisions\/8812"}],"wp:featuredmedia":[{"embeddable":true,"href":"https:\/\/wartapoznan.pl\/index.php\/wp-json\/wp\/v2\/media\/8789"}],"wp:attachment":[{"href":"https:\/\/wartapoznan.pl\/index.php\/wp-json\/wp\/v2\/media?parent=8788"}],"wp:term":[{"taxonomy":"category","embeddable":true,"href":"https:\/\/wartapoznan.pl\/index.php\/wp-json\/wp\/v2\/categories?post=8788"},{"taxonomy":"post_tag","embeddable":true,"href":"https:\/\/wartapoznan.pl\/index.php\/wp-json\/wp\/v2\/tags?post=8788"}],"curies":[{"name":"wp","href":"https:\/\/api.w.org\/{rel}","templated":true}]}}