{"id":8794,"date":"2020-03-02T21:26:22","date_gmt":"2020-03-02T20:26:22","guid":{"rendered":"https:\/\/wartapoznan.pl\/?p=8794"},"modified":"2020-03-03T09:57:43","modified_gmt":"2020-03-03T08:57:43","slug":"opinie-trenerow-po-meczu-warty-poznan-z-radomiakiem-radom","status":"publish","type":"post","link":"https:\/\/wartapoznan.pl\/index.php\/2020\/03\/02\/opinie-trenerow-po-meczu-warty-poznan-z-radomiakiem-radom\/","title":{"rendered":"Opinie trener\u00f3w po meczu Warty Pozna\u0144 z Radomiakiem Radom"},"content":{"rendered":"<p><strong>W meczu zamykaj\u0105cym pierwsz\u0105 wiosenn\u0105 kolejk\u0119 Fortuna 1 Ligi pi\u0142karze Warty Pozna\u0144 pokonali w Grodzisku Wlkp. Radomiaka Radom 3:0. Oto, jak podsumowali to spotkanie trenerzy obu zespo\u0142\u00f3w:<\/strong><\/p>\n<p><strong>Dariusz Banasik, trener Radomiaka Radom:<\/strong> <em>Nie jest nam przyjemnie, bo przegrali\u015bmy do\u015b\u0107 wysoko. Kluczowy by\u0142 moment, w kt\u00f3rym nie wykorzystali\u015bmy \u015bwietnej sytuacji przy stanie 0:0. To powinien by\u0107 gol, a wtedy pewnie mecz by si\u0119 inaczej potoczy\u0142. W pierwszej po\u0142owie potrafili\u015bmy utrzyma\u0107 si\u0119 przy pi\u0142ce, nie\u017ale j\u0105 rozgrywa\u0107 i budowa\u0107 akcje. Wydawa\u0142o si\u0119, \u017ce tak samo b\u0119dzie po przerwie, jednak bramka stracona po sta\u0142ym fragmencie sprawi\u0142a, \u017ce przestali\u015bmy gra\u0107. Nie mieli\u015bmy ju\u017c pomys\u0142u, a konsekwencj\u0105 by\u0142 drugi gol. Wtedy by\u0142o po meczu. Nie jeste\u015bmy zadowoleni, ale mo\u017ce taka lekcja nam si\u0119 przyda i wywrze dobry wp\u0142yw p\u00f3\u017aniejsze wyniki. Tutaj, zw\u0142aszcza w drugiej po\u0142owie, Warta by\u0142a zdecydowanie lepsza. <\/em><\/p>\n<p><strong>Piotr Tworek, trener Warty Pozna\u0144:<\/strong> <em>Cieszymy si\u0119 ogromnie z tego zwyci\u0119stwa. Pokonali\u015bmy bardzo dobrze graj\u0105cego pi\u0142k\u0105 przeciwnika. Spodziewali\u015bmy si\u0119 tego, \u017ce Radomiak spr\u00f3buje nam wy\u0142\u0105czy\u0107 \u0141ukasza Tra\u0142k\u0119 i Krzysztofa Danielewicza, dlatego pr\u00f3bowali\u015bmy posy\u0142a\u0107 pi\u0142ki w wolne sektory. W pierwszej po\u0142owie, od 10. czy 15. minuty spotkanie zacz\u0119\u0142o nam si\u0119 wymyka\u0107 spod kontroli. Przetrwali\u015bmy ten trudny czas i wiedzieli\u015bmy, \u017ce mo\u017cemy wr\u00f3ci\u0107 do dobrej gry. Tak by\u0142o, bo od obj\u0119cia prowadzenia mecz nale\u017ca\u0142 ju\u017c do nas. Takie mecze jak z Radomiakiem b\u0119dziemy gra\u0107 co tydzie\u0144. Rywale maj\u0105 pomys\u0142 na gr\u0119, ale mnie to cieszy, bo wida\u0107 jako\u015b\u0107. Wygrywamy jako ca\u0142a dru\u017cyna, zreszt\u0105 zmiany pokaza\u0142y, jak wielka si\u0142a w nas drzemie.<\/em><\/p>\n<hr>\n<p><a href=\"http:\/\/bit.ly\/2wYaWZ4\" rel=\"noopener noreferrer\" target=\"_blank\">Zobacz galeri\u0119 zdj\u0119\u0107 z meczu<\/a><\/p>\n","protected":false},"excerpt":{"rendered":"<p>W meczu zamykaj\u0105cym pierwsz\u0105 wiosenn\u0105 kolejk\u0119 Fortuna 1 Ligi pi\u0142karze Warty Pozna\u0144 pokonali w Grodzisku Wlkp. Radomiaka Radom 3:0. Oto,&#8230;<\/p>\n","protected":false},"author":36,"featured_media":8796,"comment_status":"closed","ping_status":"closed","sticky":false,"template":"","format":"standard","meta":{"om_disable_all_campaigns":false,"inline_featured_image":false,"footnotes":"","_links_to":"","_links_to_target":""},"categories":[94,100,1],"tags":[],"aioseo_notices":[],"_links":{"self":[{"href":"https:\/\/wartapoznan.pl\/index.php\/wp-json\/wp\/v2\/posts\/8794"}],"collection":[{"href":"https:\/\/wartapoznan.pl\/index.php\/wp-json\/wp\/v2\/posts"}],"about":[{"href":"https:\/\/wartapoznan.pl\/index.php\/wp-json\/wp\/v2\/types\/post"}],"author":[{"embeddable":true,"href":"https:\/\/wartapoznan.pl\/index.php\/wp-json\/wp\/v2\/users\/36"}],"replies":[{"embeddable":true,"href":"https:\/\/wartapoznan.pl\/index.php\/wp-json\/wp\/v2\/comments?post=8794"}],"version-history":[{"count":2,"href":"https:\/\/wartapoznan.pl\/index.php\/wp-json\/wp\/v2\/posts\/8794\/revisions"}],"predecessor-version":[{"id":8806,"href":"https:\/\/wartapoznan.pl\/index.php\/wp-json\/wp\/v2\/posts\/8794\/revisions\/8806"}],"wp:featuredmedia":[{"embeddable":true,"href":"https:\/\/wartapoznan.pl\/index.php\/wp-json\/wp\/v2\/media\/8796"}],"wp:attachment":[{"href":"https:\/\/wartapoznan.pl\/index.php\/wp-json\/wp\/v2\/media?parent=8794"}],"wp:term":[{"taxonomy":"category","embeddable":true,"href":"https:\/\/wartapoznan.pl\/index.php\/wp-json\/wp\/v2\/categories?post=8794"},{"taxonomy":"post_tag","embeddable":true,"href":"https:\/\/wartapoznan.pl\/index.php\/wp-json\/wp\/v2\/tags?post=8794"}],"curies":[{"name":"wp","href":"https:\/\/api.w.org\/{rel}","templated":true}]}}