{"id":8901,"date":"2020-03-13T13:00:32","date_gmt":"2020-03-13T12:00:32","guid":{"rendered":"https:\/\/wartapoznan.pl\/?p=8901"},"modified":"2020-03-13T13:00:32","modified_gmt":"2020-03-13T12:00:32","slug":"warta-poznan-nie-zagra-w-poniedzialek-w-jastrzebiu-zdroju","status":"publish","type":"post","link":"https:\/\/wartapoznan.pl\/index.php\/2020\/03\/13\/warta-poznan-nie-zagra-w-poniedzialek-w-jastrzebiu-zdroju\/","title":{"rendered":"Warta Pozna\u0144 nie zagra w poniedzia\u0142ek w Jastrz\u0119biu Zdroju"},"content":{"rendered":"<p><strong>\u201e<em>Maj\u0105c na uwadze zdrowie uczestnik\u00f3w wszystkich ligowych mecz\u00f3w i stanowisko klub\u00f3w informujemy, \u017ce mecze 23. kolejki pierwszej oraz drugiej ligi zostaj\u0105 odwo\u0142ane i odb\u0119d\u0105 si\u0119 w najbli\u017cszym mo\u017cliwym terminie<\/em>\u201d \u2013 poinformowa\u0142 Polski Zwi\u0105zek Pi\u0142ki No\u017cnej.<\/strong><\/p>\n<p>Na zako\u0144czenie 23. kolejki Fortuna 1 Ligi pi\u0142karze Warty Pozna\u0144 mieli zagra\u0107 w poniedzia\u0142ek w Jastrz\u0119biu Zdroju z GKS 1962. Najpierw zdecydowano, \u017ce mecz odb\u0119dzie si\u0119 bez udzia\u0142u publiczno\u015bci, co ma zwi\u0105zek z rozprzestrzeniaj\u0105cym si\u0119 koronawirusem COVID-19. W pi\u0105tek natomiast federacja odwo\u0142a\u0142a ca\u0142\u0105 kolejk\u0119 na drugim i trzecim poziomie rozgrywkowym w Polsce.<\/p>\n<p><span style=\"text-decoration: underline;\">Oto tre\u015b\u0107 komunikatu opublikowanego przez PZPN:<\/span><\/p>\n<p><em>\u201eW nawi\u0105zaniu do wczorajszej decyzji Zarz\u0105du PZPN w zakresie rozgrywania mecz\u00f3w Ekstraklasy, pierwszej i drugiej ligi zgodnie z terminarzem rozgrywek, Polski Zwi\u0105zek Pi\u0142ki No\u017cnej podkre\u015bla, i\u017c zdrowie zawodnik\u00f3w i wszystkich uczestnik\u00f3w rozgrywek zawsze by\u0142o i jest dla PZPN najwy\u017csz\u0105 warto\u015bci\u0105.<\/em><\/p>\n<p><em>Jednocze\u015bnie przypominamy, \u017ce umocowani formalnoprawnie reprezentanci \u015brodowisk klub\u00f3w Ekstraklasy, pierwszej i drugiej ligi podczas czwartkowego (12 marca) posiedzenia Zarz\u0105du PZPN, opowiedzieli si\u0119 za kontynuowaniem rozgrywek zgodnie z terminarzami. Tym samym wyra\u017camy szczere zdziwienie i zaniepokojenie nag\u0142\u0105 zmian\u0105 stanowiska przez du\u017c\u0105 cz\u0119\u015b\u0107 klub\u00f3w drugiej ligi, dotycz\u0105c\u0105 omawianego problemu, jednocze\u015bnie w najmniejszym stopniu nie bagatelizuj\u0105c sprawy.<\/em><\/p>\n<p><em>W zwi\u0105zku z powy\u017cszym, maj\u0105c na uwadze zdrowie uczestnik\u00f3w wszystkich ligowych mecz\u00f3w i stanowisko klub\u00f3w informujemy, \u017ce mecze 23. kolejki pierwszej oraz drugiej ligi zostaj\u0105 odwo\u0142ane i odb\u0119d\u0105 si\u0119 w najbli\u017cszym mo\u017cliwym terminie.<\/em><\/p>\n<p><em>PZPN zwraca si\u0119 do Sp\u00f3\u0142ki Ekstraklasa S.A. o przeanalizowanie aktualnej sytuacji i podj\u0119cie stosownych decyzji w zakresie rozgrywek prowadzonych przez Sp\u00f3\u0142k\u0119\u201d.<\/em><\/p>\n","protected":false},"excerpt":{"rendered":"<p>\u201eMaj\u0105c na uwadze zdrowie uczestnik\u00f3w wszystkich ligowych mecz\u00f3w i stanowisko klub\u00f3w informujemy, \u017ce mecze 23. kolejki pierwszej oraz drugiej ligi&#8230;<\/p>\n","protected":false},"author":36,"featured_media":8903,"comment_status":"closed","ping_status":"closed","sticky":false,"template":"","format":"standard","meta":{"om_disable_all_campaigns":false,"inline_featured_image":false,"footnotes":"","_links_to":"","_links_to_target":""},"categories":[94,100,1],"tags":[],"aioseo_notices":[],"_links":{"self":[{"href":"https:\/\/wartapoznan.pl\/index.php\/wp-json\/wp\/v2\/posts\/8901"}],"collection":[{"href":"https:\/\/wartapoznan.pl\/index.php\/wp-json\/wp\/v2\/posts"}],"about":[{"href":"https:\/\/wartapoznan.pl\/index.php\/wp-json\/wp\/v2\/types\/post"}],"author":[{"embeddable":true,"href":"https:\/\/wartapoznan.pl\/index.php\/wp-json\/wp\/v2\/users\/36"}],"replies":[{"embeddable":true,"href":"https:\/\/wartapoznan.pl\/index.php\/wp-json\/wp\/v2\/comments?post=8901"}],"version-history":[{"count":1,"href":"https:\/\/wartapoznan.pl\/index.php\/wp-json\/wp\/v2\/posts\/8901\/revisions"}],"predecessor-version":[{"id":8902,"href":"https:\/\/wartapoznan.pl\/index.php\/wp-json\/wp\/v2\/posts\/8901\/revisions\/8902"}],"wp:featuredmedia":[{"embeddable":true,"href":"https:\/\/wartapoznan.pl\/index.php\/wp-json\/wp\/v2\/media\/8903"}],"wp:attachment":[{"href":"https:\/\/wartapoznan.pl\/index.php\/wp-json\/wp\/v2\/media?parent=8901"}],"wp:term":[{"taxonomy":"category","embeddable":true,"href":"https:\/\/wartapoznan.pl\/index.php\/wp-json\/wp\/v2\/categories?post=8901"},{"taxonomy":"post_tag","embeddable":true,"href":"https:\/\/wartapoznan.pl\/index.php\/wp-json\/wp\/v2\/tags?post=8901"}],"curies":[{"name":"wp","href":"https:\/\/api.w.org\/{rel}","templated":true}]}}