{"id":8905,"date":"2020-03-15T11:37:45","date_gmt":"2020-03-15T10:37:45","guid":{"rendered":"https:\/\/wartapoznan.pl\/?p=8905"},"modified":"2020-03-15T11:37:45","modified_gmt":"2020-03-15T10:37:45","slug":"zawieszone-treningi-pilkarzy-warty-poznan-rozjechali-sie-do-domow","status":"publish","type":"post","link":"https:\/\/wartapoznan.pl\/index.php\/2020\/03\/15\/zawieszone-treningi-pilkarzy-warty-poznan-rozjechali-sie-do-domow\/","title":{"rendered":"Zawieszone treningi pi\u0142karzy Warty Pozna\u0144. &#8222;Rozjechali si\u0119 do dom\u00f3w&#8221;"},"content":{"rendered":"<p>Zesp\u00f3\u0142 Warty Pozna\u0144 w niedzielne przedpo\u0142udnie rusza\u0142by na mecz z GKS 1962 Jastrz\u0119bie, ale po odwo\u0142aniu 23. kolejki Fortuna 1 Ligi &#8222;Zieloni&#8221; zawiesili treningi w klubie. Przez najbli\u017csze dni b\u0119d\u0105 \u0107wiczyli indywidualnie wed\u0142ug wytycznych sztabu szkoleniowego.<\/p>\n<p>Dru\u017cyna trenera Piotra Tworka po raz ostatni trenowa\u0142a w pi\u0105tek. &#8211; Robimy wszystko tak, jakby mecz w Jastrz\u0119biu mia\u0142 si\u0119 odby\u0107 normalnie, w poniedzia\u0142ek &#8211; m\u00f3wi\u0142 szkoleniowiec jeszcze przed wyj\u015bciem na trening. Po zaj\u0119ciach okaza\u0142o si\u0119, \u017ce kolejka ligowa zosta\u0142a odwo\u0142ana ze wzgl\u0119du na rozprzestrzenianie si\u0119 koronawirusa COVID-19. Pi\u0142karze dostali wolne do poniedzia\u0142ku<\/p>\n<p>&#8211; W zwi\u0105zku z aktualn\u0105 sytuacj\u0105, zawodnicy pierwszej dru\u017cyny rozjechali si\u0119 do dom\u00f3w. Otrzymali oczywi\u015bcie rozpiski treningowe a ich praca b\u0119dzie monitorowana przez sztab szkoleniowy &#8211; t\u0142umaczy dyrektor sportowy Warty Pozna\u0144, Robert Graf i dodaje: &#8211; Wszyscy czekamy na rozw\u00f3j wypadk\u00f3w i wyra\u017camy g\u0142\u0119bok\u0105 nadziej\u0119, ze w stosunkowo nied\u0142ugim czasie b\u0119dziemy mogli wr\u00f3ci\u0107 do normalnej pracy i gry w pi\u0142k\u0119. P\u00f3ki co zalecamy jednak zawodnikom, sztabowi szkoleniowemu oraz wszystkim pracownikom Klubu pozostanie w domach.<\/p>\n","protected":false},"excerpt":{"rendered":"<p>Zesp\u00f3\u0142 Warty Pozna\u0144 w niedzielne przedpo\u0142udnie rusza\u0142by na mecz z GKS 1962 Jastrz\u0119bie, ale po odwo\u0142aniu 23. kolejki Fortuna 1&#8230;<\/p>\n","protected":false},"author":36,"featured_media":8908,"comment_status":"closed","ping_status":"closed","sticky":false,"template":"","format":"standard","meta":{"om_disable_all_campaigns":false,"inline_featured_image":false,"footnotes":"","_links_to":"","_links_to_target":""},"categories":[94,100,1],"tags":[],"aioseo_notices":[],"_links":{"self":[{"href":"https:\/\/wartapoznan.pl\/index.php\/wp-json\/wp\/v2\/posts\/8905"}],"collection":[{"href":"https:\/\/wartapoznan.pl\/index.php\/wp-json\/wp\/v2\/posts"}],"about":[{"href":"https:\/\/wartapoznan.pl\/index.php\/wp-json\/wp\/v2\/types\/post"}],"author":[{"embeddable":true,"href":"https:\/\/wartapoznan.pl\/index.php\/wp-json\/wp\/v2\/users\/36"}],"replies":[{"embeddable":true,"href":"https:\/\/wartapoznan.pl\/index.php\/wp-json\/wp\/v2\/comments?post=8905"}],"version-history":[{"count":2,"href":"https:\/\/wartapoznan.pl\/index.php\/wp-json\/wp\/v2\/posts\/8905\/revisions"}],"predecessor-version":[{"id":8907,"href":"https:\/\/wartapoznan.pl\/index.php\/wp-json\/wp\/v2\/posts\/8905\/revisions\/8907"}],"wp:featuredmedia":[{"embeddable":true,"href":"https:\/\/wartapoznan.pl\/index.php\/wp-json\/wp\/v2\/media\/8908"}],"wp:attachment":[{"href":"https:\/\/wartapoznan.pl\/index.php\/wp-json\/wp\/v2\/media?parent=8905"}],"wp:term":[{"taxonomy":"category","embeddable":true,"href":"https:\/\/wartapoznan.pl\/index.php\/wp-json\/wp\/v2\/categories?post=8905"},{"taxonomy":"post_tag","embeddable":true,"href":"https:\/\/wartapoznan.pl\/index.php\/wp-json\/wp\/v2\/tags?post=8905"}],"curies":[{"name":"wp","href":"https:\/\/api.w.org\/{rel}","templated":true}]}}