{"id":8937,"date":"2020-03-26T16:39:42","date_gmt":"2020-03-26T15:39:42","guid":{"rendered":"https:\/\/wartapoznan.pl\/?p=8937"},"modified":"2020-03-26T19:00:46","modified_gmt":"2020-03-26T18:00:46","slug":"trwaja-prace-budowlane-na-stadionie-przy-drodze-debinskiej","status":"publish","type":"post","link":"https:\/\/wartapoznan.pl\/index.php\/2020\/03\/26\/trwaja-prace-budowlane-na-stadionie-przy-drodze-debinskiej\/","title":{"rendered":"Trwaj\u0105 prace budowlane na stadionie przy Drodze D\u0119bi\u0144skiej"},"content":{"rendered":"<p><strong>W \u201eOgr\u00f3dku\u201d nie ma ju\u017c trybuny zachodniej, a teren wok\u00f3\u0142 stadionu jest przygotowywany do postawienia\u00a0 i uruchomienia jupiter\u00f3w. Zako\u0144czenie prac, kt\u00f3re nadzoruje sp\u00f3\u0142ka Pozna\u0144skie Inwestycje Miejskie, zaplanowano na maj.<\/strong><\/p>\n<p>Obiekt Warty Pozna\u0144 przy Drodze D\u0119bi\u0144skiej to dawne boisko treningowe \u201eZielonych\u201d, z czas\u00f3w, gdy lata \u015bwietno\u015bci prze\u017cywa\u0142 Stadion im. Edmunda Szyca. Trybuna od strony zachodniej sta\u0142a od po\u0142owy lat 70. XX wieku, ale od d\u0142u\u017cszego czasu by\u0142a ju\u017c wy\u0142\u0105czona z u\u017cytkowania. Teraz zosta\u0142a zburzona, a teren jest w\u0142a\u015bnie wyr\u00f3wnywany \u2013 zostanie ogrodzony, a za p\u0142otkiem okalaj\u0105cym boisko powstanie nowy chodnik.<\/p>\n<p>Brak starej trybuny to na razie najbardziej widoczny efekt prac, kt\u00f3re s\u0105 prowadzone na stadionie. R\u00f3wnolegle trwa przygotowanie terenu do postawienia maszt\u00f3w ze sztucznym o\u015bwietleniem g\u0142\u00f3wnego boiska. &#8211; <em>Inwestycja jest realizowana w formule \u201ezaprojektuj i wybuduj\u201d. Do tej pory zosta\u0142 opracowany projekt i zako\u0144czy\u0142a si\u0119 \u017cmudna procedura uzyskania wszystkich niezb\u0119dnych pozwole\u0144, w tym pozwolenia na budow\u0119. Przeprowadzili\u015bmy pierwsze prace ziemne. Rozebrana zosta\u0142a r\u00f3wnie\u017c konstrukcja nieu\u017cytkowanej trybuny zachodniej. Obecnie generalny wykonawca wytycza i wykopuje trasy, w kt\u00f3rych poprowadzone zostan\u0105 kable zasilaj\u0105ce o\u015bwietlenie<\/em> &#8211; m\u00f3wi Marcin Go\u0142ek, wiceprezes zarz\u0105du sp\u00f3\u0142ki Pozna\u0144skie Inwestycje Miejskie.<\/p>\n<p>Na plac budowy trafi\u0142y ju\u017c kr\u0119gi studni, kt\u00f3re zostan\u0105 wykorzystane przy tzw. palowaniu miejsc wyznaczonych pod monta\u017c s\u0142up\u00f3w o\u015bwietleniowych. Urz\u0105dzenie do dr\u0105\u017cenia otwor\u00f3w w gruncie i formowania w nim pali, kt\u00f3re przygotuje miejsca wyznaczone do budowy fundament\u00f3w pod jupitery, pojawi si\u0119 na nim w przysz\u0142ym tygodniu.<\/p>\n<p><iframe src=\"https:\/\/www.youtube.com\/embed\/akz4RG0evzk\" frameborder=\"0\" allowfullscreen=\"allowfullscreen\"><\/iframe><\/p>\n<p>Na stadionie przy Drodze D\u0119bi\u0144skiej powstan\u0105 m.in. cztery maszty o\u015bwietleniowe o wysoko\u015bci ok. 25 m, konstrukcje wsporcze do monta\u017cu opraw o\u015bwietleniowych, pomost\u00f3w serwisowych wraz z balustradami i drabinami wej\u015bciowymi oraz kontenerowa stacja transformatorowa. S\u0142upy wraz ze stacj\u0105 transformatorow\u0105 zostan\u0105 dostarczone na plac budowy pod koniec kwietnia.<\/p>\n<p><em>&#8211; Po zako\u0144czeniu realizacji tej inwestycji i uzyskaniu profesjonalnego o\u015bwietlenia stadion b\u0119dzie m\u00f3g\u0142 spe\u0142ni\u0107 jeden z najwa\u017cniejszych wymog\u00f3w licencyjnych PZPN dla obiekt\u00f3w, na kt\u00f3rych mecze rozgrywaj\u0105 kluby z zaplecza ekstraklasy<\/em> \u2013 dodaje Marcin Go\u0142ek.<\/p>\n<p><center><br \/>\n<a href=\"https:\/\/bit.ly\/3bwrzdB\" rel=\"noopener noreferrer\" target=\"_blank\">ZOBACZ ZDJ\u0118CIA Z BUDOWY W OGR\u00d3DKU<\/a><\/center><\/p>\n","protected":false},"excerpt":{"rendered":"<p>W \u201eOgr\u00f3dku\u201d nie ma ju\u017c trybuny zachodniej, a teren wok\u00f3\u0142 stadionu jest przygotowywany do postawienia\u00a0 i uruchomienia jupiter\u00f3w. Zako\u0144czenie prac,&#8230;<\/p>\n","protected":false},"author":36,"featured_media":8938,"comment_status":"closed","ping_status":"closed","sticky":false,"template":"","format":"standard","meta":{"om_disable_all_campaigns":false,"inline_featured_image":false,"footnotes":"","_links_to":"","_links_to_target":""},"categories":[94,100,1],"tags":[],"aioseo_notices":[],"_links":{"self":[{"href":"https:\/\/wartapoznan.pl\/index.php\/wp-json\/wp\/v2\/posts\/8937"}],"collection":[{"href":"https:\/\/wartapoznan.pl\/index.php\/wp-json\/wp\/v2\/posts"}],"about":[{"href":"https:\/\/wartapoznan.pl\/index.php\/wp-json\/wp\/v2\/types\/post"}],"author":[{"embeddable":true,"href":"https:\/\/wartapoznan.pl\/index.php\/wp-json\/wp\/v2\/users\/36"}],"replies":[{"embeddable":true,"href":"https:\/\/wartapoznan.pl\/index.php\/wp-json\/wp\/v2\/comments?post=8937"}],"version-history":[{"count":6,"href":"https:\/\/wartapoznan.pl\/index.php\/wp-json\/wp\/v2\/posts\/8937\/revisions"}],"predecessor-version":[{"id":8944,"href":"https:\/\/wartapoznan.pl\/index.php\/wp-json\/wp\/v2\/posts\/8937\/revisions\/8944"}],"wp:featuredmedia":[{"embeddable":true,"href":"https:\/\/wartapoznan.pl\/index.php\/wp-json\/wp\/v2\/media\/8938"}],"wp:attachment":[{"href":"https:\/\/wartapoznan.pl\/index.php\/wp-json\/wp\/v2\/media?parent=8937"}],"wp:term":[{"taxonomy":"category","embeddable":true,"href":"https:\/\/wartapoznan.pl\/index.php\/wp-json\/wp\/v2\/categories?post=8937"},{"taxonomy":"post_tag","embeddable":true,"href":"https:\/\/wartapoznan.pl\/index.php\/wp-json\/wp\/v2\/tags?post=8937"}],"curies":[{"name":"wp","href":"https:\/\/api.w.org\/{rel}","templated":true}]}}