{"id":9225,"date":"2020-05-29T11:27:05","date_gmt":"2020-05-29T09:27:05","guid":{"rendered":"https:\/\/wartapoznan.pl\/?p=9225"},"modified":"2020-05-29T11:27:05","modified_gmt":"2020-05-29T09:27:05","slug":"pomyslne-wyniki-badan-warty-poznan-na-obecnosc-przeciwcial-anty-sars-cov-2","status":"publish","type":"post","link":"https:\/\/wartapoznan.pl\/index.php\/2020\/05\/29\/pomyslne-wyniki-badan-warty-poznan-na-obecnosc-przeciwcial-anty-sars-cov-2\/","title":{"rendered":"Pomy\u015blne wyniki bada\u0144 Warty Pozna\u0144 na obecno\u015b\u0107 przeciwcia\u0142 anty-SARS-CoV-2"},"content":{"rendered":"<p><strong>&#8211; <em>Ca\u0142a dru\u017cyna, sztab szkoleniowy oraz pracownicy klubu przeszli pomy\u015blnie badania na obecno\u015b\u0107 koronawirusa z wynikiem ujemnym<\/em> \u2013 m\u00f3wi fizjoterapeuta Warty Pozna\u0144 Bart\u0142omiej Smuniewski.<\/strong><\/p>\n<p>W \u015brod\u0119 rano pi\u0142karze, trenerzy i pracownicy klubu zostali poddani drugiej w tym miesi\u0105cu serii bada\u0144 na obecno\u015b\u0107 przeciwcia\u0142 anty-SARS-CoV-2. W sumie testy obj\u0119\u0142y 64 osoby. Wiemy ju\u017c, \u017ce wyniki tych bada\u0144 s\u0105 pomy\u015blne dla \u201eZielonych\u201d. \u2013 <em>Tak jak si\u0119 spodziewali\u015bmy, wynik bada\u0144 jest ujemny. To oznacza, \u017ce przed \u015brodowym meczem w Jastrz\u0119biu trener Piotr Tworek ma do dyspozycji wszystkich zawodnik\u00f3w<\/em> \u2013 informuje Bart\u0142omiej Smuniewski.<\/p>\n<p>Badania s\u0105 wykonywane we wszystkich klubach Fortuna 1 Ligi w zwi\u0105zku z zaplanowanym na 2 czerwca (Warta Pozna\u0144 rozegra sw\u00f3j mecz w \u015brod\u0119, 3 czerwca) powrotem rozgrywek. &#8211; <em>Gdyby co\u015b by\u0142o nie tak, to osoba z pozytywnym wynikiem musia\u0142aby zosta\u0107 poddana kwarantannie, a o dalszych losach decydowa\u0142by sanepid<\/em> \u2013 przypomina fizjoterapeuta Warty Pozna\u0144.<\/p>\n","protected":false},"excerpt":{"rendered":"<p>&#8211; Ca\u0142a dru\u017cyna, sztab szkoleniowy oraz pracownicy klubu przeszli pomy\u015blnie badania na obecno\u015b\u0107 koronawirusa z wynikiem ujemnym \u2013 m\u00f3wi fizjoterapeuta&#8230;<\/p>\n","protected":false},"author":36,"featured_media":9227,"comment_status":"closed","ping_status":"closed","sticky":false,"template":"","format":"standard","meta":{"om_disable_all_campaigns":false,"inline_featured_image":false,"footnotes":"","_links_to":"","_links_to_target":""},"categories":[94,100,1],"tags":[],"aioseo_notices":[],"_links":{"self":[{"href":"https:\/\/wartapoznan.pl\/index.php\/wp-json\/wp\/v2\/posts\/9225"}],"collection":[{"href":"https:\/\/wartapoznan.pl\/index.php\/wp-json\/wp\/v2\/posts"}],"about":[{"href":"https:\/\/wartapoznan.pl\/index.php\/wp-json\/wp\/v2\/types\/post"}],"author":[{"embeddable":true,"href":"https:\/\/wartapoznan.pl\/index.php\/wp-json\/wp\/v2\/users\/36"}],"replies":[{"embeddable":true,"href":"https:\/\/wartapoznan.pl\/index.php\/wp-json\/wp\/v2\/comments?post=9225"}],"version-history":[{"count":2,"href":"https:\/\/wartapoznan.pl\/index.php\/wp-json\/wp\/v2\/posts\/9225\/revisions"}],"predecessor-version":[{"id":9228,"href":"https:\/\/wartapoznan.pl\/index.php\/wp-json\/wp\/v2\/posts\/9225\/revisions\/9228"}],"wp:featuredmedia":[{"embeddable":true,"href":"https:\/\/wartapoznan.pl\/index.php\/wp-json\/wp\/v2\/media\/9227"}],"wp:attachment":[{"href":"https:\/\/wartapoznan.pl\/index.php\/wp-json\/wp\/v2\/media?parent=9225"}],"wp:term":[{"taxonomy":"category","embeddable":true,"href":"https:\/\/wartapoznan.pl\/index.php\/wp-json\/wp\/v2\/categories?post=9225"},{"taxonomy":"post_tag","embeddable":true,"href":"https:\/\/wartapoznan.pl\/index.php\/wp-json\/wp\/v2\/tags?post=9225"}],"curies":[{"name":"wp","href":"https:\/\/api.w.org\/{rel}","templated":true}]}}