{"id":9229,"date":"2020-05-29T14:39:45","date_gmt":"2020-05-29T12:39:45","guid":{"rendered":"https:\/\/wartapoznan.pl\/?p=9229"},"modified":"2020-05-29T14:39:45","modified_gmt":"2020-05-29T12:39:45","slug":"ostatnia-gierka-warty-poznan-na-remis-gole-napastnikow-powrot-nikodema-fiedosewicza","status":"publish","type":"post","link":"https:\/\/wartapoznan.pl\/index.php\/2020\/05\/29\/ostatnia-gierka-warty-poznan-na-remis-gole-napastnikow-powrot-nikodema-fiedosewicza\/","title":{"rendered":"Ostatnia gierka Warty Pozna\u0144 na remis: gole napastnik\u00f3w, powr\u00f3t Nikodema Fiedosewicza"},"content":{"rendered":"<p><strong>Na bardzo \u0142adne trafienie \u0141ukasza Sp\u0142awskiego trefieniem po indywidualnej akcji odpowiedzia\u0142 Mateusz Szczepaniak i gra treningowa Warty Pozna\u0144 zako\u0144czy\u0142a si\u0119 remisem 1:1. \u2013 <em>Dosta\u0142em pozytywne odpowiedzi na kilka pyta\u0144 o sk\u0142ad przed meczem ligowym z GKS 1962 Jastrz\u0119bie<\/em> \u2013 m\u00f3wi trener Piotr Tworek.<\/strong><\/p>\n<p>Dru\u017cyny nie mog\u0142y umawia\u0107 si\u0119 na sparingi w ramach przygotowa\u0144 do powrotu rozgrywek Fortuna 1 Ligi, wi\u0119c jedn\u0105 z form budowania formy poznaniak\u00f3w by\u0142y gierki treningowe. T\u0119 ostatni\u0105 przed wyjazdem do Jastrz\u0119bia Zdroju (mecz odb\u0119dzie si\u0119 w \u015brod\u0119, 3 czerwca) trener Piotr Tworek zarz\u0105dzi\u0142 na pi\u0105tkowym treningu. Po trzech kwadransach \u0107wicze\u0144 zespo\u0142y \u201eAmarantowych\u201d i \u201eZielonych\u201d zagra\u0142y wewn\u0119trzn\u0105 gierk\u0119. Sk\u0142ady by\u0142y mieszane, wi\u0119c trudno by\u0142o wnioskowa\u0107, kt\u00f3ry jest bardziej zbli\u017cony do wyj\u015bciowej jedenastki.<\/p>\n<p>Szczeg\u00f3lnie pierwsza cz\u0119\u015b\u0107 rywalizacji sta\u0142a na bardzo dobrym poziomie \u2013 gra by\u0142a dynamiczna, obejrzeli\u015bmy kilka fajnych akcji, po kt\u00f3rych trenerzy chwalili zawodnik\u00f3w. Osobne pochwa\u0142y zebrali zdobywcy bramek. Najpierw gola dla zespo\u0142u graj\u0105cego w amarantowych kamizelkach strzeli\u0142 \u0141ukasz Sp\u0142awski \u00a0&#8211; oszuka\u0142 obro\u0144c\u0119 i pos\u0142a\u0142 pi\u0142k\u0119 w okienko bramki ju\u017c na pocz\u0105tku gry. Kilka minut p\u00f3\u017aniej wyr\u00f3wna\u0142 Mateusz Szczepaniak, kt\u00f3ry trafi\u0142 w tzw. d\u0142ugi r\u00f3g bramki. Wi\u0119cej goli nie by\u0142o i mini-mecz zako\u0144czy\u0142 si\u0119 remisem 1:1.<\/p>\n<p>&#8211; Jestem zadowolony z tego, co zobaczy\u0142em dzi\u015b na treningu i w czasie gierki. \u2013 Dosta\u0142em pozytywne odpowiedzi na kilka pyta\u0144 o sk\u0142ad przed meczem ligowym z GKS 1962 Jastrz\u0119bie. Wierz\u0119 w to, \u017ce jedenastka, kt\u00f3ra wybiegnie w \u015brod\u0119 na boisko, sprosta zadaniu \u2013 m\u00f3wi szkoleniowiec Warty Pozna\u0144.<\/p>\n<p>W drugiej cz\u0119\u015bci gierki, w ekipie \u201eZielonych\u201d pokaza\u0142 si\u0119 Nikodem Fiedosewicz, kt\u00f3ry wraca do formy po operacji \u015bci\u0119gna Achillesa. M\u0142ody obro\u0144ca by\u0142 bardzo aktywny w grze.<\/p>\n<p>Zabrak\u0142o w niej natomiast Karola Gardzielewicza. M\u0142ody skrzyd\u0142owy Warty Pozna\u0144 jest bowiem kontuzjowany. Fizjoterapeuta Bart\u0142omiej Smuniewski wyja\u015bnia: &#8211; U Karola mamy pocz\u0105tki z\u0142amania zm\u0119czeniowego pi\u0105tej ko\u015bci \u015br\u00f3dstopia. To ko\u015b\u0107, kt\u00f3ra do\u015b\u0107 ci\u0119\u017cko si\u0119 goi, ale jeste\u015bmy pe\u0142ni optymizmu, bo zawodnik zosta\u0142 wy\u0142\u0105czony z trening\u00f3w we wczesnej fazie odczuwania b\u00f3lu. Za 2-4 tygodnie powinien wr\u00f3ci\u0107 do trening\u00f3w, ale to b\u0119dzie zale\u017ca\u0142o jeszcze od wynik\u00f3w badania kontrolnego.<\/p>\n","protected":false},"excerpt":{"rendered":"<p>Na bardzo \u0142adne trafienie \u0141ukasza Sp\u0142awskiego trefieniem po indywidualnej akcji odpowiedzia\u0142 Mateusz Szczepaniak i gra treningowa Warty Pozna\u0144 zako\u0144czy\u0142a si\u0119&#8230;<\/p>\n","protected":false},"author":36,"featured_media":9231,"comment_status":"closed","ping_status":"closed","sticky":false,"template":"","format":"standard","meta":{"om_disable_all_campaigns":false,"inline_featured_image":false,"footnotes":"","_links_to":"","_links_to_target":""},"categories":[94,100,1],"tags":[],"aioseo_notices":[],"_links":{"self":[{"href":"https:\/\/wartapoznan.pl\/index.php\/wp-json\/wp\/v2\/posts\/9229"}],"collection":[{"href":"https:\/\/wartapoznan.pl\/index.php\/wp-json\/wp\/v2\/posts"}],"about":[{"href":"https:\/\/wartapoznan.pl\/index.php\/wp-json\/wp\/v2\/types\/post"}],"author":[{"embeddable":true,"href":"https:\/\/wartapoznan.pl\/index.php\/wp-json\/wp\/v2\/users\/36"}],"replies":[{"embeddable":true,"href":"https:\/\/wartapoznan.pl\/index.php\/wp-json\/wp\/v2\/comments?post=9229"}],"version-history":[{"count":1,"href":"https:\/\/wartapoznan.pl\/index.php\/wp-json\/wp\/v2\/posts\/9229\/revisions"}],"predecessor-version":[{"id":9230,"href":"https:\/\/wartapoznan.pl\/index.php\/wp-json\/wp\/v2\/posts\/9229\/revisions\/9230"}],"wp:featuredmedia":[{"embeddable":true,"href":"https:\/\/wartapoznan.pl\/index.php\/wp-json\/wp\/v2\/media\/9231"}],"wp:attachment":[{"href":"https:\/\/wartapoznan.pl\/index.php\/wp-json\/wp\/v2\/media?parent=9229"}],"wp:term":[{"taxonomy":"category","embeddable":true,"href":"https:\/\/wartapoznan.pl\/index.php\/wp-json\/wp\/v2\/categories?post=9229"},{"taxonomy":"post_tag","embeddable":true,"href":"https:\/\/wartapoznan.pl\/index.php\/wp-json\/wp\/v2\/tags?post=9229"}],"curies":[{"name":"wp","href":"https:\/\/api.w.org\/{rel}","templated":true}]}}