{"id":9232,"date":"2020-05-30T19:10:43","date_gmt":"2020-05-30T17:10:43","guid":{"rendered":"https:\/\/wartapoznan.pl\/?p=9232"},"modified":"2020-05-30T10:15:31","modified_gmt":"2020-05-30T08:15:31","slug":"lukasz-tralka-zostaje-w-warcie-poznan-na-kolejny-sezon","status":"publish","type":"post","link":"https:\/\/wartapoznan.pl\/index.php\/2020\/05\/30\/lukasz-tralka-zostaje-w-warcie-poznan-na-kolejny-sezon\/","title":{"rendered":"\u0141ukasz Tra\u0142ka zostaje w Warcie Pozna\u0144 na kolejny sezon"},"content":{"rendered":"<p><strong>Najbardziej do\u015bwiadczony pi\u0142karz nie tylko Warty Pozna\u0144, ale te\u017c ca\u0142ej Fortuna 1 Ligi, 36-letni \u0141ukasz Tra\u0142ka b\u0119dzie reprezentowa\u0142 barwy \u201eZielonych\u201d przez kolejny rok. Nowy kontrakt by\u0142ego reprezentanta Polski obowi\u0105zuje do czerwca 2021 roku.<\/strong><\/p>\n<p>&#8211; <em>Klub skorzysta\u0142 z opcji przed\u0142u\u017cenia kontraktu, kt\u00f3ra by\u0142a zawarta w mojej dotychczasowej umowie. Jestem szcz\u0119\u015bliwy z tego powodu, bo dobrze si\u0119 tu czuj\u0119. Ta decyzja pokazuje chyba, \u017ce wykonuj\u0119 dobr\u0105 prac\u0119<\/em> \u2013 m\u00f3wi \u0141ukasz Tra\u0142ka i dodaje: &#8211; <em>Mam nadziej\u0119, \u017ce zn\u00f3w zagram w Ekstraklasie, tym razem w barwach Warty Pozna\u0144.<\/em><\/p>\n<p>&#8211; <em>Po rozmowach z \u0141ukaszem zdecydowali\u015bmy si\u0119 na przed\u0142u\u017cenie kontraktu o kolejny sezon. Przez niespe\u0142na rok gry w Warcie Pozna\u0144 \u0141ukasz pokaza\u0142, \u017ce jest wa\u017cn\u0105 cz\u0119\u015bci\u0105 zespo\u0142u, zar\u00f3wno na boisku, jak i poza nim<\/em> \u2013 m\u00f3wi dyrektor sportowy Warty Pozna\u0144, Robert Graf. \u2013 <em>\u0141ukasz udowodni\u0142, \u017ce potrafi gra\u0107 na bardzo wysokim poziomie i cho\u0107by pod wzgl\u0119dem sportowym jest bardzo du\u017c\u0105 warto\u015bci\u0105 dla klubu. Zdajemy sobie spraw\u0119 z tego, \u017ce, jako zawodnik z ogromnym do\u015bwiadczeniem, pe\u0142ni te\u017c w dru\u017cynie rol\u0119 mentora. Bardzo si\u0119 cieszymy, \u017ce ma w sobie wol\u0119, by gra\u0107 w pi\u0142k\u0119 przez kolejny rok i b\u0119dzie w t\u0119 pi\u0142k\u0119 gra\u0142 w Warcie Pozna\u0144.<\/em><\/p>\n<p>\u0141ukasz Tra\u0142ka zwi\u0105za\u0142 si\u0119 z \u201eZielonymi\u201d 15 sierpnia 2019 roku, ju\u017c w trakcie obecnego sezonu Fortuna 1 Ligi. Dwa dni p\u00f3\u017aniej zadebiutowa\u0142 w dru\u017cynie, w zwyci\u0119skim meczu z Radomiakiem w Radomiu (2:0). Od tego czasu gra\u0142 od pierwszej do ostatniej minuty we wszystkich ligowych meczach Warty Pozna\u0144, z wyj\u0105tkiem pojedynku ze Stomilem Olsztyn, gdy pauzowa\u0142 za \u017c\u00f3\u0142te kartki. Zdoby\u0142 jedn\u0105 bramk\u0119 \u2013 we wrze\u015bniowym starciu z Miedzi\u0105 Legnica (2:1).<\/p>\n<p>371 wyst\u0119p\u00f3w na boiskach ekstraklasy i 7 mecz\u00f3w w reprezentacji Polski czyni z \u0141ukasza Tra\u0142ki pi\u0142karza z najwi\u0119kszym do\u015bwiadczeniem w ca\u0142ej Fortuna 1 Lidze.<\/p>\n","protected":false},"excerpt":{"rendered":"<p>Najbardziej do\u015bwiadczony pi\u0142karz nie tylko Warty Pozna\u0144, ale te\u017c ca\u0142ej Fortuna 1 Ligi, 36-letni \u0141ukasz Tra\u0142ka b\u0119dzie reprezentowa\u0142 barwy \u201eZielonych\u201d&#8230;<\/p>\n","protected":false},"author":36,"featured_media":9235,"comment_status":"closed","ping_status":"closed","sticky":false,"template":"","format":"standard","meta":{"om_disable_all_campaigns":false,"inline_featured_image":false,"footnotes":"","_links_to":"","_links_to_target":""},"categories":[94,100,1],"tags":[],"aioseo_notices":[],"_links":{"self":[{"href":"https:\/\/wartapoznan.pl\/index.php\/wp-json\/wp\/v2\/posts\/9232"}],"collection":[{"href":"https:\/\/wartapoznan.pl\/index.php\/wp-json\/wp\/v2\/posts"}],"about":[{"href":"https:\/\/wartapoznan.pl\/index.php\/wp-json\/wp\/v2\/types\/post"}],"author":[{"embeddable":true,"href":"https:\/\/wartapoznan.pl\/index.php\/wp-json\/wp\/v2\/users\/36"}],"replies":[{"embeddable":true,"href":"https:\/\/wartapoznan.pl\/index.php\/wp-json\/wp\/v2\/comments?post=9232"}],"version-history":[{"count":3,"href":"https:\/\/wartapoznan.pl\/index.php\/wp-json\/wp\/v2\/posts\/9232\/revisions"}],"predecessor-version":[{"id":9243,"href":"https:\/\/wartapoznan.pl\/index.php\/wp-json\/wp\/v2\/posts\/9232\/revisions\/9243"}],"wp:featuredmedia":[{"embeddable":true,"href":"https:\/\/wartapoznan.pl\/index.php\/wp-json\/wp\/v2\/media\/9235"}],"wp:attachment":[{"href":"https:\/\/wartapoznan.pl\/index.php\/wp-json\/wp\/v2\/media?parent=9232"}],"wp:term":[{"taxonomy":"category","embeddable":true,"href":"https:\/\/wartapoznan.pl\/index.php\/wp-json\/wp\/v2\/categories?post=9232"},{"taxonomy":"post_tag","embeddable":true,"href":"https:\/\/wartapoznan.pl\/index.php\/wp-json\/wp\/v2\/tags?post=9232"}],"curies":[{"name":"wp","href":"https:\/\/api.w.org\/{rel}","templated":true}]}}