{"id":9236,"date":"2020-05-30T15:04:44","date_gmt":"2020-05-30T13:04:44","guid":{"rendered":"https:\/\/wartapoznan.pl\/?p=9236"},"modified":"2020-05-30T09:43:28","modified_gmt":"2020-05-30T07:43:28","slug":"nowy-kontrakt-bartosza-kieliby-z-warta-poznan","status":"publish","type":"post","link":"https:\/\/wartapoznan.pl\/index.php\/2020\/05\/30\/nowy-kontrakt-bartosza-kieliby-z-warta-poznan\/","title":{"rendered":"Nowy kontrakt Bartosza Kieliby z Wart\u0105 Pozna\u0144"},"content":{"rendered":"<p><strong>Kapitan Warty Pozna\u0144, blisko 30-letni Bartosz Kieliba b\u0119dzie wyst\u0119powa\u0142 w ekipie \u201eZielonych\u201d co najmniej do ko\u0144ca czerwca 2021 roku. &#8211; <em>Skorzystali\u015bmy z opcji w kontrakcie i przed\u0142u\u017cyli\u015bmy umow\u0119 z Bartkiem o kolejny sezon<\/em> \u2013 m\u00f3wi dyrektor sportowy klubu, Robert Graf.<\/strong><\/p>\n<p>Bartosz Kieliba jest pi\u0142karzem Warty Pozna\u0144 od ponad 5 lat. Trafi\u0142 na Drog\u0119 D\u0119bi\u0144sk\u0105 12 z Jaroty Jarocin przed rund\u0105 wiosenn\u0105 sezonu 2015\/16. Z miejsca sta\u0142 si\u0119 podstawowym obro\u0144c\u0105 i kluczowym zawodnikiem dru\u017cyny, kt\u00f3ra skutecznie walczy\u0142a o awans do II ligi. Dwa lata p\u00f3\u017aniej \u015bwi\u0119towa\u0142 z \u201eZielonymi\u201d kolejny awans, tym razem na zaplecze Ekstraklasy.<\/p>\n<p>&#8211; <em>Chc\u0119 tutaj zosta\u0107, bo czuj\u0119 si\u0119 cz\u0119\u015bci\u0105 tego klubu. Nasza wsp\u00f3lna droga b\u0119dzie trwa\u0142a dalej i jestem z tego bardzo zadowolony<\/em> \u2013 m\u00f3wi kapitan Warty Pozna\u0144. &#8211; <em>Wspinamy si\u0119 razem po kolejnych sportowych szczeblach, ale nadal jeste\u015bmy nienasyceni, nadal chcemy wi\u0119cej i przy nadarzaj\u0105cej si\u0119 okazji powalczymy o kolejny sukces. Czas poka\u017ce, dok\u0105d nas to zaprowadzi.<\/em><\/p>\n<p>&#8211; <em>Skorzystali\u015bmy z opcji w dotychczasowym kontrakcie i przed\u0142u\u017cyli\u015bmy umow\u0119 o kolejny sezon. Sta\u0142o si\u0119 tak z jednej, bardzo prostej przyczyny: Bartek Kieliba jest jednym z kluczowych pi\u0142karzy Warty Pozna\u0144, jej kapitanem i symbolem klubu, bo my\u015bl\u0119, \u017ce mo\u017cna ju\u017c tak m\u00f3wi\u0107 o Bartku<\/em> \u2013 wyja\u015bnia Robert Graf, dyrektor sportowy \u201eZielonych\u201d. \u2013 <em>Ten kontrakt to tak\u017ce pewnego rodzaju nagroda za to, jak Bartek pracuje na treningach, w meczach i jak\u0105 rol\u0119 odgrywa w zespole tak\u017ce poza boiskiem. Cieszymy si\u0119, \u017ce nadal b\u0119dzie cz\u0119\u015bci\u0105 Zielonej Rodziny Warty Pozna\u0144.<\/em><\/p>\n<p>Bartosz Kieliba ma na koncie 117 oficjalnych wyst\u0119p\u00f3w i 7 goli w Warcie Pozna\u0144. W obecnym sezonie Fortuna 1 Ligi zdoby\u0142 2 bramki w 21 meczach.<\/p>\n","protected":false},"excerpt":{"rendered":"<p>Kapitan Warty Pozna\u0144, blisko 30-letni Bartosz Kieliba b\u0119dzie wyst\u0119powa\u0142 w ekipie \u201eZielonych\u201d co najmniej do ko\u0144ca czerwca 2021 roku. &#8211;&#8230;<\/p>\n","protected":false},"author":36,"featured_media":9238,"comment_status":"closed","ping_status":"closed","sticky":false,"template":"","format":"standard","meta":{"om_disable_all_campaigns":false,"inline_featured_image":false,"footnotes":"","_links_to":"","_links_to_target":""},"categories":[94,100,1],"tags":[],"aioseo_notices":[],"_links":{"self":[{"href":"https:\/\/wartapoznan.pl\/index.php\/wp-json\/wp\/v2\/posts\/9236"}],"collection":[{"href":"https:\/\/wartapoznan.pl\/index.php\/wp-json\/wp\/v2\/posts"}],"about":[{"href":"https:\/\/wartapoznan.pl\/index.php\/wp-json\/wp\/v2\/types\/post"}],"author":[{"embeddable":true,"href":"https:\/\/wartapoznan.pl\/index.php\/wp-json\/wp\/v2\/users\/36"}],"replies":[{"embeddable":true,"href":"https:\/\/wartapoznan.pl\/index.php\/wp-json\/wp\/v2\/comments?post=9236"}],"version-history":[{"count":3,"href":"https:\/\/wartapoznan.pl\/index.php\/wp-json\/wp\/v2\/posts\/9236\/revisions"}],"predecessor-version":[{"id":9240,"href":"https:\/\/wartapoznan.pl\/index.php\/wp-json\/wp\/v2\/posts\/9236\/revisions\/9240"}],"wp:featuredmedia":[{"embeddable":true,"href":"https:\/\/wartapoznan.pl\/index.php\/wp-json\/wp\/v2\/media\/9238"}],"wp:attachment":[{"href":"https:\/\/wartapoznan.pl\/index.php\/wp-json\/wp\/v2\/media?parent=9236"}],"wp:term":[{"taxonomy":"category","embeddable":true,"href":"https:\/\/wartapoznan.pl\/index.php\/wp-json\/wp\/v2\/categories?post=9236"},{"taxonomy":"post_tag","embeddable":true,"href":"https:\/\/wartapoznan.pl\/index.php\/wp-json\/wp\/v2\/tags?post=9236"}],"curies":[{"name":"wp","href":"https:\/\/api.w.org\/{rel}","templated":true}]}}