{"id":9340,"date":"2020-06-06T18:05:17","date_gmt":"2020-06-06T16:05:17","guid":{"rendered":"https:\/\/wartapoznan.pl\/?p=9340"},"modified":"2020-06-06T18:05:17","modified_gmt":"2020-06-06T16:05:17","slug":"warta-poznan-lepsza-od-olimipii-grudziadz-udany-powrot-zielonych-do-grodziska","status":"publish","type":"post","link":"https:\/\/wartapoznan.pl\/index.php\/2020\/06\/06\/warta-poznan-lepsza-od-olimipii-grudziadz-udany-powrot-zielonych-do-grodziska\/","title":{"rendered":"Warta Pozna\u0144 lepsza od Olimipii Grudzi\u0105dz! Udany powr\u00f3t &#8222;Zielonych&#8221; do Grodziska"},"content":{"rendered":"<p><strong>Trzeci mecz z rz\u0119du wygrali w Grodzisku Wlkp. pi\u0142karze Warty Pozna\u0144 i zn\u00f3w nie stracili bramki. Po 3:0 z Wigrami Suwa\u0142ki i Radomiakiem Radom przysz\u0142o zas\u0142u\u017cone 2:0 z Olimpi\u0105 Grudzi\u0105dz w 24. kolejce Fortuna 1 Ligi. Poznaniacy pozostali wiceliderem rozgrywek!<\/strong><\/p>\n<p>Sobotni mecz by\u0142 pierwszym, rozegranym przez Wart\u0119 Pozna\u0144 w roli gospodarza po przerwie w rozgrywkach spowodowanej pandemi\u0105 koronawirusa. Pi\u0142karze trenera Piotra Tworka przyst\u0119powali do tego spotkania po wyjazdowej wygranej 2:1 z zespo\u0142em GKS-u 1962 Jastrz\u0119bie. Zwyci\u0119stwo w tym meczu pozwoli\u0142oby im si\u0119 umocni\u0107 na drugim miejscu w tabeli Fortuna 1. Ligi. I odskoczy\u0107 na 4 punkty Stali Mielec, kt\u00f3ra w pi\u0105tek zremisowa\u0142a z Puszcz\u0105 Niepo\u0142omice.<\/p>\n<p>Spotkanie w Grodzisku Wielkopolskim rozpocz\u0119\u0142o si\u0119 do\u015b\u0107 spokojnie i \u017cadna z dru\u017cyn nie narzuci\u0142a zbyt wysokiego tempa. Inicjatyw\u0119 mia\u0142a jednak Warta Pozna\u0144, ale na konkretne sytuacje trzeba by\u0142o poczeka\u0107 do 14. minuty. Wtedy to z rzutu wolnego uderza\u0142 Robert Janicki i zrobi\u0142 to na tyle gro\u017anie, \u017ce \u0141ukasz Sapela by\u0142 zmuszony sparowa\u0107 pi\u0142k\u0119 na rzut ro\u017cny.<\/p>\n<p>\u201eZieloni\u201d kontrolowali przebieg gry, mieli sporo okazji do tego, by wyj\u015b\u0107 na prowadzenie, ale przed przerw\u0105 nie wykorzystali ani jednej. Bardzo bliski powodzenia by\u0142 Gracjan Jaroch (nie trafi\u0142 w bramk\u0119) oraz Robert Janicki, kt\u00f3rego uderzenia ofiarnie blokowali obro\u0144cy.<\/p>\n<p>Na pocz\u0105tku drugiej po\u0142owy gra wygl\u0105da\u0142a dosy\u0107 podobnie, jak w pierwszej. Warta nadal przewa\u017ca\u0142a i wreszcie z\u0142ama\u0142a op\u00f3r przyjezdnych w 62. minucie. To by\u0142a bardzo \u0142adna akcja, kt\u00f3r\u0105 rozprowadzi\u0142 Robert Janicki. W polu karnym wypu\u015bci\u0142 Micha\u0142a Grobelnego, kt\u00f3ry natomiast odnalaz\u0142 przed bramk\u0105 Jakuba Apolinarskiego, a ten z bliska umie\u015bci\u0142 pi\u0142k\u0119 w siatce grudzi\u0105dzan.<\/p>\n<p>Stracona bramka wyra\u017anie pobudzi\u0142a go\u015bci do gry i ju\u017c minut\u0119 p\u00f3\u017aniej niewiele brakowa\u0142o, a dosz\u0142oby do szybkiego wyr\u00f3wnania. Po centrze w pole karne Sebastiana Kami\u0144skiego g\u0142ow\u0105 uderza\u0142 Joao Criciuma, ale Adrian Lis zdo\u0142a\u0142 wypi\u0105stkowa\u0107 pi\u0142k\u0119 na rzut ro\u017cny. Niebezpiecznie pod bramk\u0105 \u201eZielonych\u201d by\u0142o te\u017c w 69. minucie, kiedy to Kami\u0144ski zgra\u0142 pi\u0142k\u0119 do Elvira Maloku. Alba\u0144czyk z bliska uderzy\u0142 jednak wprost w interweniuj\u0105cego Adriana Lisa.<\/p>\n<p>Kilka minut p\u00f3\u017aniej poznaniacy uspokoili jednak sytuacj\u0119 i strzelili drugiego gola. Serhij Napo\u0142ow z rzutu ro\u017cnego zacentrowa\u0142 pi\u0142k\u0119 w pole karne, a tam najlepiej zachowa\u0142 si\u0119 Tomasz Boczek, kt\u00f3ry g\u0142ow\u0105 wpakowa\u0142 pi\u0142k\u0119 do bramki, w\u0142a\u015bciwie opuszczonej przez \u0141ukasza Sapel\u0119.<\/p>\n<p>Po golu na 2:0 Warta ju\u017c ca\u0142kowicie uspokoi\u0142a gr\u0119. Z kolei z pi\u0142karzy z Grudzi\u0105dza niemal ca\u0142kowicie ulecia\u0142y nadzieje na pozytywny rezultat. Go\u015bcie zacz\u0119li gra\u0107 bardzo nerwowo, czego efektem by\u0142a bezpo\u015brednia czerwona kartka dla Damiana Ciechanowskiego za niebezpieczny atak w\u015blizgiem na nogi Patryka St\u0119pi\u0144skiego.<\/p>\n<p>\u201eZieloni\u201d wygrali sw\u00f3j drugi mecz po wznowieniu rozgrywek. Dzi\u0119ki temu zwyci\u0119stwu pi\u0142karze trenera Tworka umocnili si\u0119 na drugim miejscu w tabeli, kt\u00f3re zapewnia bezpo\u015bredni awans do Ekstraklasy.<\/p>\n<p><b>WARTA POZNA\u0143 &#8211; OLIMPIA GRIDZI\u0104DZ 2:0 (0:0)<\/b><\/p>\n<p><b>Bramki: <\/b>1:0 Apolinarski (62. minuta, po podaniu Grobelnego), 2:0 Boczek (75., g\u0142ow\u0105 po do\u015brodkowaniu Napo\u0142owa)<\/p>\n<p><b>Warta Pozna\u0144: <\/b>Adrian Lis \u2013 Micha\u0142 Grobelny, Aleks \u0141awniczak, Tomasz Boczek, Patryk St\u0119pi\u0144ski \u2013 \u0141ukasz Tra\u0142ka, Mateusz Kupczak \u2013 Jakub Apolinarski, Robert Janicki (82. Krzysztof Danielewicz), Micha\u0142 Jak\u00f3bowski (59. Serhij Napo\u0142ow) \u2013 Gracjan Jaroch (76. Mateusz Szczepaniak).<\/p>\n<p><b>S\u0119dziowa\u0142 <\/b>Damian Kos z Gda\u0144ska<\/p>\n<p><b>Mecz bez udzia\u0142u publiczno\u015bci<\/b><\/p>\n","protected":false},"excerpt":{"rendered":"<p>Trzeci mecz z rz\u0119du wygrali w Grodzisku Wlkp. pi\u0142karze Warty Pozna\u0144 i zn\u00f3w nie stracili bramki. Po 3:0 z Wigrami&#8230;<\/p>\n","protected":false},"author":38,"featured_media":9344,"comment_status":"closed","ping_status":"closed","sticky":false,"template":"","format":"standard","meta":{"om_disable_all_campaigns":false,"inline_featured_image":false,"footnotes":"","_links_to":"","_links_to_target":""},"categories":[94,100,1],"tags":[],"aioseo_notices":[],"_links":{"self":[{"href":"https:\/\/wartapoznan.pl\/index.php\/wp-json\/wp\/v2\/posts\/9340"}],"collection":[{"href":"https:\/\/wartapoznan.pl\/index.php\/wp-json\/wp\/v2\/posts"}],"about":[{"href":"https:\/\/wartapoznan.pl\/index.php\/wp-json\/wp\/v2\/types\/post"}],"author":[{"embeddable":true,"href":"https:\/\/wartapoznan.pl\/index.php\/wp-json\/wp\/v2\/users\/38"}],"replies":[{"embeddable":true,"href":"https:\/\/wartapoznan.pl\/index.php\/wp-json\/wp\/v2\/comments?post=9340"}],"version-history":[{"count":3,"href":"https:\/\/wartapoznan.pl\/index.php\/wp-json\/wp\/v2\/posts\/9340\/revisions"}],"predecessor-version":[{"id":9345,"href":"https:\/\/wartapoznan.pl\/index.php\/wp-json\/wp\/v2\/posts\/9340\/revisions\/9345"}],"wp:featuredmedia":[{"embeddable":true,"href":"https:\/\/wartapoznan.pl\/index.php\/wp-json\/wp\/v2\/media\/9344"}],"wp:attachment":[{"href":"https:\/\/wartapoznan.pl\/index.php\/wp-json\/wp\/v2\/media?parent=9340"}],"wp:term":[{"taxonomy":"category","embeddable":true,"href":"https:\/\/wartapoznan.pl\/index.php\/wp-json\/wp\/v2\/categories?post=9340"},{"taxonomy":"post_tag","embeddable":true,"href":"https:\/\/wartapoznan.pl\/index.php\/wp-json\/wp\/v2\/tags?post=9340"}],"curies":[{"name":"wp","href":"https:\/\/api.w.org\/{rel}","templated":true}]}}