{"id":9609,"date":"2020-06-27T15:14:34","date_gmt":"2020-06-27T13:14:34","guid":{"rendered":"https:\/\/wartapoznan.pl\/?p=9609"},"modified":"2020-06-29T10:10:09","modified_gmt":"2020-06-29T08:10:09","slug":"bez-goli-w-meczu-miedz-legnica-warta-poznan","status":"publish","type":"post","link":"https:\/\/wartapoznan.pl\/index.php\/2020\/06\/27\/bez-goli-w-meczu-miedz-legnica-warta-poznan\/","title":{"rendered":"Bez goli w meczu Mied\u017a Legnica &#8211; Warta Pozna\u0144"},"content":{"rendered":"<p><strong>Bezbramkowym remisem zako\u0144czy\u0142 si\u0119 wyjazdowy mecz Warty Pozna\u0144 z Miedzi\u0105 Legnica w 27. kolejce Fortuna 1 Ligi. &#8222;Zieloni&#8221; awansowali na pierwsze miejsce w tabeli, ale swoje spotkania w tej serii rozegraj\u0105 jeszcze Podbeskidzie Bielsko-Bia\u0142a i Stal Mielec, kt\u00f3re mog\u0105 wyprzedzi\u0107 poznaniak\u00f3w.<\/strong><\/p>\n<p>Gospodarze rozegrali w sobot\u0119 pierwszy mecz pod wodz\u0105 nowego trenera, Ireneusza Ko\u015bcielniaka, kt\u00f3ry w tygodniu zast\u0105pi\u0142 Dominika Nowaka. Pi\u0142karze Miedzi Legnica zareagowali pozytywnie na t\u0119 zmian\u0119, zagrali bardzo zmotywowani i pocz\u0105tek spotkania nale\u017ca\u0142 wyra\u017anie do nich. W polu karnym Warty Pozna\u0144 momentami robi\u0142o si\u0119 bardzo gor\u0105co, jednak legniczanie nie potrafili tego wykorzysta\u0107 i wynik si\u0119 nie zmieni\u0142.<\/p>\n<p>Najlepsza szansa dla Miedzi mia\u0142a miejsce w 18. minucie, gdy po rzucie ro\u017cnym do pi\u0142ki doszed\u0142 Jakub \u0141ukowski. Strzeli\u0142 jednak nieczysto i sko\u0144czy\u0142o si\u0119 na strachu.<\/p>\n<p>Z up\u0142ywem czasu Warta Pozna\u0144 niwelowa\u0142a przewag\u0119 miejscowych i spotkanie si\u0119 wyr\u00f3wna\u0142o. Ostatni kwadrans pierwszej po\u0142owy to by\u0142a ju\u017c dominacja dru\u017cyny trenera Piotra Tworka i tu\u017c przed zej\u015bciem do szatni poznaniacy mogli wyj\u015b\u0107 na prowadzenie. Kontrowersyjn\u0105 decyzj\u0119 podj\u0105\u0142 jednak s\u0119dzia Tomasz Wajda, puszczaj\u0105c gr\u0119 po interwencji Paw\u0142a Zieli\u0144skiego, kt\u00f3ry do\u015b\u0107 bezpardonowo powstrzymywa\u0142 w polu karnym Jakuba Kie\u0142ba.<\/p>\n<p>Druga po\u0142owa by\u0142a w wykonaniu &#8222;Zielonych&#8221; lepsza ni\u017c pierwsza. Nie pozwalali ju\u017c Miedzi na zbyt wiele, a sami wypracowali kilka bardzo dobrych szans, po kt\u00f3rych mo\u017cna by\u0142o wywie\u017a\u0107 z Legnicy pe\u0142n\u0105 pul\u0119.<\/p>\n<p>W 70. minucie Micha\u0142 Jak\u00f3bowski by\u0142 o w\u0142os od tego, by wepchn\u0105\u0107 do siatki pi\u0142k\u0119 zagran\u0105 przez Jakuba Apolinarskiego &#8211; w ostatniej chwili niebezpiecze\u0144stwo za\u017cegna\u0142 Bozo Musa. P\u00f3\u017aniej natomiast b\u0142ysn\u0105\u0142 \u0141ukasz Za\u0142uska, broni\u0105c soczyste strza\u0142y Roberta Janickiego i Gracjana Jarocha. Szkoda tych sytuacji, bo wyko\u0144czenie w wykonaniu graczy go\u015bci wygl\u0105da\u0142o solidnie i gospodarzy uratowa\u0142a tylko \u015bwietna dyspozycja bramkarza.<\/p>\n<p>Ostatecznie w Legnicy pad\u0142 bezbramkowy remis, kt\u00f3ry sprawia, \u017ce Warta ma teraz 53 pkt. Wskoczy\u0142a na pozycj\u0119 lidera, ale mo\u017ce j\u0105 straci\u0107, je\u015bli w sobot\u0119 sw\u00f3j pojedynek z Radomiakiem Radom wygra Stal Mielec lub w niedziel\u0119 Podbeskidzie zdob\u0119dzie cho\u0107by punkt w meczu ze Stomilem Olsztyn.<\/p>\n<p><strong>MIED\u0179 LEGNICA &#8211; WARTA POZNA\u0143 0:0<\/strong><br \/>\n<strong>Warta Pozna\u0144:<\/strong> Adrian Lis &#8211; Patryk St\u0119pi\u0144ski, Bartosz Kieliba \u017b, Tomasz Boczek, Jakub Kie\u0142b \u017b \u2013 \u0141ukasz Tra\u0142ka, Mateusz Kupczak &#8211; Jakub Apolinarski \u017b, Robert Janicki (80. Serhij Napo\u0142ow), Micha\u0142 Jak\u00f3bowski (89. \u0141ukasz Sp\u0142awski) &#8211; Mateusz Szczepaniak (46. Gracjan Jaroch).<br \/>\n<strong>S\u0119dziowa\u0142<\/strong> Tomasz Wajda z \u017bywca<br \/>\n<strong>Widz\u00f3w: 1016.<\/strong><\/p>\n<hr \/>\n<p><a href=\"https:\/\/bit.ly\/3ic9VzN\" target=\"_blank\" rel=\"noopener noreferrer\">ZOBACZ GALERI\u0118 ZDJ\u0118\u0106 Z MECZU<\/a><\/p>\n","protected":false},"excerpt":{"rendered":"<p>Bezbramkowym remisem zako\u0144czy\u0142 si\u0119 wyjazdowy mecz Warty Pozna\u0144 z Miedzi\u0105 Legnica w 27. kolejce Fortuna 1 Ligi. &#8222;Zieloni&#8221; awansowali na&#8230;<\/p>\n","protected":false},"author":36,"featured_media":9610,"comment_status":"closed","ping_status":"closed","sticky":false,"template":"","format":"standard","meta":{"om_disable_all_campaigns":false,"inline_featured_image":false,"footnotes":"","_links_to":"","_links_to_target":""},"categories":[94,100,1],"tags":[],"aioseo_notices":[],"_links":{"self":[{"href":"https:\/\/wartapoznan.pl\/index.php\/wp-json\/wp\/v2\/posts\/9609"}],"collection":[{"href":"https:\/\/wartapoznan.pl\/index.php\/wp-json\/wp\/v2\/posts"}],"about":[{"href":"https:\/\/wartapoznan.pl\/index.php\/wp-json\/wp\/v2\/types\/post"}],"author":[{"embeddable":true,"href":"https:\/\/wartapoznan.pl\/index.php\/wp-json\/wp\/v2\/users\/36"}],"replies":[{"embeddable":true,"href":"https:\/\/wartapoznan.pl\/index.php\/wp-json\/wp\/v2\/comments?post=9609"}],"version-history":[{"count":4,"href":"https:\/\/wartapoznan.pl\/index.php\/wp-json\/wp\/v2\/posts\/9609\/revisions"}],"predecessor-version":[{"id":9625,"href":"https:\/\/wartapoznan.pl\/index.php\/wp-json\/wp\/v2\/posts\/9609\/revisions\/9625"}],"wp:featuredmedia":[{"embeddable":true,"href":"https:\/\/wartapoznan.pl\/index.php\/wp-json\/wp\/v2\/media\/9610"}],"wp:attachment":[{"href":"https:\/\/wartapoznan.pl\/index.php\/wp-json\/wp\/v2\/media?parent=9609"}],"wp:term":[{"taxonomy":"category","embeddable":true,"href":"https:\/\/wartapoznan.pl\/index.php\/wp-json\/wp\/v2\/categories?post=9609"},{"taxonomy":"post_tag","embeddable":true,"href":"https:\/\/wartapoznan.pl\/index.php\/wp-json\/wp\/v2\/tags?post=9609"}],"curies":[{"name":"wp","href":"https:\/\/api.w.org\/{rel}","templated":true}]}}