{"id":9872,"date":"2020-07-09T19:30:15","date_gmt":"2020-07-09T17:30:15","guid":{"rendered":"https:\/\/wartapoznan.pl\/?p=9872"},"modified":"2020-07-09T18:16:00","modified_gmt":"2020-07-09T16:16:00","slug":"warta-poznan-gra-w-sosnowcu-z-zaglebiem-czas-na-odpowiedz-na-boisku","status":"publish","type":"post","link":"https:\/\/wartapoznan.pl\/index.php\/2020\/07\/09\/warta-poznan-gra-w-sosnowcu-z-zaglebiem-czas-na-odpowiedz-na-boisku\/","title":{"rendered":"Warta Pozna\u0144 gra w Sosnowcu z Zag\u0142\u0119biem, \u201eCzas na odpowied\u017a na boisku\u201d"},"content":{"rendered":"<p><strong>Warta Pozna\u0144 i Zag\u0142\u0119bie Sosnowiec to zespo\u0142y, kt\u00f3re w ostatnich dniach dopad\u0142a niemoc. W pi\u0105tek o godz. 20:10 obie ekipy zmierz\u0105 si\u0119 ze sob\u0105 w pojedynku 31. kolejki Fortuna 1 Ligi. Transmisja w Polsacie Sport.<\/strong><\/p>\n<p>Na cztery kolejki przed ko\u0144cem sezonu zasadniczego Warta Pozna\u0144 wci\u0105\u017c ma szanse na bezpo\u015bredni awans do Ekstraklasy, a zwyci\u0119stwo zapewni \u201eZielonym\u201d prawo gry w bara\u017cach i przybli\u017cy do obrony trzeciego miejsca w tabeli. To plan minimum na najbli\u017csze tygodnie \u2013 jego realizacja b\u0119dzie oznacza\u0142a, \u017ce dru\u017cyna trenera Piotra Tworka ewentualne mecze bara\u017cowe rozegra w roli gospodarza.<\/p>\n<p>Teoretycznie w grze o awans jest r\u00f3wnie\u017c zesp\u00f3\u0142 z Zag\u0142\u0119bia D\u0105browskiego. Jeszcze trzy kolejki temu spadkowicz z Ekstraklasy by\u0142 nawet o punkt od strefy bara\u017cowej, ale dzi\u015b ma tylko dwa punkty wi\u0119cej od Odry Opole, kt\u00f3ra otwiera stref\u0119 spadkow\u0105. Zar\u00f3wno Warta, jak i Zag\u0142\u0119bie dopad\u0142a niemoc w ostatnich dniach \u2013 z 9 mo\u017cliwych do zdobycia punkt\u00f3w ka\u017cda z ekip wywalczy\u0142a zaledwie po 1 punkcie.<\/p>\n<p>Ostatnie \u201eZieloni\u201d ponie\u015bli w wyj\u0105tkowo nieszcz\u0119\u015bliwych okoliczno\u015bciach. Przegrali z Puszcz\u0105 Niepo\u0142omice 1:2 po w\u0105tpliwym rzucie karnym i golu samob\u00f3jczym. &#8211; <em>Nie chc\u0119 zajmowa\u0107 si\u0119 rzeczami, na kt\u00f3re nie mam wp\u0142ywu, bo to powoduje, \u017ce cz\u0142owiek traci swoj\u0105 energi\u0119, a musi j\u0105 spo\u017cytkowa\u0107 w inny spos\u00f3b<\/em> \u2013 odpowiada trener Piotr Tworek, gdy pada pytanie o kontrowersyjn\u0105 \u201ejedenastk\u0119\u201d w sobotnim pojedynku. &#8211; <em>Obejrzeli\u015bmy sytuacj\u0119, wiemy, jak ona wygl\u0105da\u0142a. S\u0119dzia przeprosi\u0142 nasz zesp\u00f3\u0142 i kapitana, Bartka Kielib\u0119, ale nie uwa\u017cam, \u017ceby b\u0142\u0105d s\u0119dziego mia\u0142 wp\u0142yw na wynik. Mieli\u015bmy potem przecie\u017c 45 minut na to, \u017ceby strzeli\u0107 dwa gole i wtedy nie by\u0142oby tematu. Przechodzimy nad tym do porz\u0105dku dziennego. Jest znamiennym, \u017ce po przerwie spowodowanej pandemi\u0105 nie wszyscy s\u0105 w optymalnej formie: nie tylko zawodnicy, ale te\u017c s\u0119dziowie. B\u0142\u0119dy si\u0119 zawsze zdarzaj\u0105. Taka jest ludzka natura i wszyscy musimy d\u0105\u017cy\u0107 do tego, \u017ceby ograniczy\u0107 te b\u0142\u0119dy do minimum.<\/em><\/p>\n<p><img loading=\"lazy\" decoding=\"async\" width=\"1003\" height=\"667\" class=\"aligncenter size-full wp-image-9875\" src=\"https:\/\/wartapoznan.pl\/wp-content\/uploads\/2020\/07\/Warta_Puszcza-1695-www.jpg\" alt=\"Warta Pozna\u0144 - Puszcza Niepo\u0142omice 1:2. Trener Piotr Tworek\" srcset=\"https:\/\/wartapoznan.pl\/wp-content\/uploads\/2020\/07\/Warta_Puszcza-1695-www.jpg 1003w, https:\/\/wartapoznan.pl\/wp-content\/uploads\/2020\/07\/Warta_Puszcza-1695-www-300x200.jpg 300w, https:\/\/wartapoznan.pl\/wp-content\/uploads\/2020\/07\/Warta_Puszcza-1695-www-768x511.jpg 768w, https:\/\/wartapoznan.pl\/wp-content\/uploads\/2020\/07\/Warta_Puszcza-1695-www-128x85.jpg 128w, https:\/\/wartapoznan.pl\/wp-content\/uploads\/2020\/07\/Warta_Puszcza-1695-www-32x21.jpg 32w, https:\/\/wartapoznan.pl\/wp-content\/uploads\/2020\/07\/Warta_Puszcza-1695-www-356x237.jpg 356w, https:\/\/wartapoznan.pl\/wp-content\/uploads\/2020\/07\/Warta_Puszcza-1695-www-470x313.jpg 470w, https:\/\/wartapoznan.pl\/wp-content\/uploads\/2020\/07\/Warta_Puszcza-1695-www-70x47.jpg 70w, https:\/\/wartapoznan.pl\/wp-content\/uploads\/2020\/07\/Warta_Puszcza-1695-www-100x67.jpg 100w\" sizes=\"(max-width: 1003px) 100vw, 1003px\" \/><\/p>\n<p>Trener Warty Pozna\u0144 podkre\u015bla, \u017ce cel, kt\u00f3ry wraz z dru\u017cyn\u0105 postawi\u0142 sobie w trakcie sezonu, pozostaje niezmienny: &#8211; <em>B\u0119dziemy walczyli do samego ko\u0144ca o awans. Niezale\u017cnie od tego, czy bezpo\u015bredni, czy poprzez bara\u017ce. Wierzymy w to, dop\u00f3ki s\u0105 matematyczne szanse, bo w pi\u0142ce no\u017cnej dziej\u0105 si\u0119 rzeczy niewyobra\u017calne, nielogiczne.<\/em><\/p>\n<p>W tym sezonie poznaniakom tylko raz trafi\u0142a si\u0119 seria trzech mecz\u00f3w bez zwyci\u0119stwa. Przerwali j\u0105 efektownym zwyci\u0119stwem 3:0 z Odr\u0105 Opole. Czy starcie z targanym problemami zespo\u0142em gospodarzy b\u0119dzie w pi\u0105tek dobr\u0105 okazj\u0105 do upragnionej wygranej? \u2013 <em>My ju\u017c mieli\u015bmy rywali, kt\u00f3rzy wydawali si\u0119 idealnymi do tego, \u017ceby si\u0119 prze\u0142ama\u0107 w meczu z nimi: zesp\u00f3\u0142 Chrobrego, Puszczy\u2026 Teraz chcemy skupi\u0107 si\u0119 na sobie i nie my\u015ble\u0107 o tym, \u017ce trafia nam si\u0119 teraz Zag\u0142\u0119bie, kt\u00f3re ma swoje k\u0142opoty<\/em> \u2013 odpowiada trener Warty Pozna\u0144 i dodaje: &#8211; <em>W ka\u017cdym meczu gramy o 3 punkty i taki cel b\u0119dzie postawiony przed zespo\u0142em przed meczem w Sosnowcu. Jak tak si\u0119gam pami\u0119ci\u0105 do ostatnich tygodni i dyskusji o braku regularnego punktowania, braku zwyci\u0119stw, to przypominam sobie, \u017ce du\u017co jest t\u0142umaczenia, analiz, a my\u015bl\u0119, \u017ce czas si\u0119 w ko\u0144cu wzi\u0105\u0107 do roboty. Czas na boisku potwierdzi\u0107 swoj\u0105 warto\u015b\u0107 i wygra\u0107 mecz.<\/em><\/p>\n<p><a href=\"https:\/\/tinyurl.com\/warta-poznan-fortuna\" target=\"_blank\" rel=\"noopener noreferrer\">Kurs na zwyci\u0119stwo Warty Pozna\u0144 na efortuna.pl wynosi 2.50.<\/a><\/p>\n<p>&#8211;\u00a0<em>To dla mnie trudny czas, w kt\u00f3rym musz\u0119 t\u0142umaczy\u0107 sobie i zespo\u0142owi, dlaczego nie wygrywamy. A przecie\u017c ten zesp\u00f3\u0142 wygrywa\u0142 i jest w stanie wygrywa\u0107 z ka\u017cdym. Czas wi\u0119c przej\u015b\u0107 do czyn\u00f3w i mam nadziej\u0119, \u017ce w Sosnowcu b\u0119dzie taki w\u0142a\u015bnie mecz &#8211; <\/em>m\u00f3wi szkoleniowiec<em>. &#8211; Sprawa jest prosta: na wiele pyta\u0144, kt\u00f3re zadajemy sobie po meczach, w szatni, musimy odpowiedzie\u0107 na boisku. Dobrze popracowali\u015bmy w tym tygodniu na treningach, jedziemy do Sosnowca, \u017ceby wygra\u0107 i nabra\u0107 naszej rutyny oraz pewno\u015bci w rozgrywaniu mecz\u00f3w. To jest teraz dla mnie najwa\u017cniejsze.<\/em><\/p>\n<p>Do dyspozycji trenera Piotra Tworka jest ju\u017c, kontuzjowany ostatnio, Mateusz Szczepaniak. W Sosnowcu nie zobaczymy natomiast Micha\u0142a Grobelnego, kt\u00f3ry jest zawieszony za \u017c\u00f3\u0142te kartki. \u2013 Kadra jest na tyle przygotowana i zdeterminowana, \u017ce b\u0119d\u0119 mia\u0142 spok\u00f3j w wyborze jedenastki, a potem komfort wyboru zawodnik\u00f3w, gdy trzeba b\u0119dzie reagowa\u0107 na wydarzenia na boisku \u2013 uwa\u017ca trener Warty Pozna\u0144.<\/p>\n<p><img loading=\"lazy\" decoding=\"async\" width=\"1004\" height=\"667\" class=\"aligncenter size-full wp-image-9876\" src=\"https:\/\/wartapoznan.pl\/wp-content\/uploads\/2020\/07\/Warta_Zaglebie_S-8621-www.jpg\" alt=\"Warta Pozna\u0144 - Zag\u0142\u0119bie Sosnowiec. Micha\u0142 Jak\u00f3bowski\" srcset=\"https:\/\/wartapoznan.pl\/wp-content\/uploads\/2020\/07\/Warta_Zaglebie_S-8621-www.jpg 1004w, https:\/\/wartapoznan.pl\/wp-content\/uploads\/2020\/07\/Warta_Zaglebie_S-8621-www-300x199.jpg 300w, https:\/\/wartapoznan.pl\/wp-content\/uploads\/2020\/07\/Warta_Zaglebie_S-8621-www-768x510.jpg 768w, https:\/\/wartapoznan.pl\/wp-content\/uploads\/2020\/07\/Warta_Zaglebie_S-8621-www-128x85.jpg 128w, https:\/\/wartapoznan.pl\/wp-content\/uploads\/2020\/07\/Warta_Zaglebie_S-8621-www-32x21.jpg 32w, https:\/\/wartapoznan.pl\/wp-content\/uploads\/2020\/07\/Warta_Zaglebie_S-8621-www-356x237.jpg 356w, https:\/\/wartapoznan.pl\/wp-content\/uploads\/2020\/07\/Warta_Zaglebie_S-8621-www-470x312.jpg 470w, https:\/\/wartapoznan.pl\/wp-content\/uploads\/2020\/07\/Warta_Zaglebie_S-8621-www-70x47.jpg 70w, https:\/\/wartapoznan.pl\/wp-content\/uploads\/2020\/07\/Warta_Zaglebie_S-8621-www-100x66.jpg 100w\" sizes=\"(max-width: 1004px) 100vw, 1004px\" \/><\/p>\n<p>Do prowadzenia meczu w Sosnowcu PZPN wyznaczy\u0142 do\u015bwiadczonego s\u0119dziego z Ekstraklasy, 50-letniego Mariusza Z\u0142otka. Pocz\u0105tek spotkania w pi\u0105tek o godz. 20:10. Transmisja w Polsacie Sport.<\/p>\n<p><small>Fortuna online zak\u0142ady bukmacherskie sp. z o.o. to legalny bukmacher posiadaj\u0105cy zezwolenia na urz\u0105dzanie zak\u0142ad\u00f3w wzajemnych w Polsce. Udzia\u0142 w nielegalnych grach hazardowych grozi konsekwencjami prawnymi. Hazard zwi\u0105zany jest z ryzykiem.<\/small><\/p>\n","protected":false},"excerpt":{"rendered":"<p>Warta Pozna\u0144 i Zag\u0142\u0119bie Sosnowiec to zespo\u0142y, kt\u00f3re w ostatnich dniach dopad\u0142a niemoc. W pi\u0105tek o godz. 20:10 obie ekipy&#8230;<\/p>\n","protected":false},"author":36,"featured_media":9878,"comment_status":"closed","ping_status":"closed","sticky":false,"template":"","format":"standard","meta":{"om_disable_all_campaigns":false,"inline_featured_image":false,"footnotes":"","_links_to":"","_links_to_target":""},"categories":[94,100,1],"tags":[],"aioseo_notices":[],"_links":{"self":[{"href":"https:\/\/wartapoznan.pl\/index.php\/wp-json\/wp\/v2\/posts\/9872"}],"collection":[{"href":"https:\/\/wartapoznan.pl\/index.php\/wp-json\/wp\/v2\/posts"}],"about":[{"href":"https:\/\/wartapoznan.pl\/index.php\/wp-json\/wp\/v2\/types\/post"}],"author":[{"embeddable":true,"href":"https:\/\/wartapoznan.pl\/index.php\/wp-json\/wp\/v2\/users\/36"}],"replies":[{"embeddable":true,"href":"https:\/\/wartapoznan.pl\/index.php\/wp-json\/wp\/v2\/comments?post=9872"}],"version-history":[{"count":3,"href":"https:\/\/wartapoznan.pl\/index.php\/wp-json\/wp\/v2\/posts\/9872\/revisions"}],"predecessor-version":[{"id":9877,"href":"https:\/\/wartapoznan.pl\/index.php\/wp-json\/wp\/v2\/posts\/9872\/revisions\/9877"}],"wp:featuredmedia":[{"embeddable":true,"href":"https:\/\/wartapoznan.pl\/index.php\/wp-json\/wp\/v2\/media\/9878"}],"wp:attachment":[{"href":"https:\/\/wartapoznan.pl\/index.php\/wp-json\/wp\/v2\/media?parent=9872"}],"wp:term":[{"taxonomy":"category","embeddable":true,"href":"https:\/\/wartapoznan.pl\/index.php\/wp-json\/wp\/v2\/categories?post=9872"},{"taxonomy":"post_tag","embeddable":true,"href":"https:\/\/wartapoznan.pl\/index.php\/wp-json\/wp\/v2\/tags?post=9872"}],"curies":[{"name":"wp","href":"https:\/\/api.w.org\/{rel}","templated":true}]}}