{"id":9890,"date":"2020-07-12T08:40:52","date_gmt":"2020-07-12T06:40:52","guid":{"rendered":"https:\/\/wartapoznan.pl\/?p=9890"},"modified":"2020-07-11T23:25:19","modified_gmt":"2020-07-11T21:25:19","slug":"najskuteczniejsi-w-warcie-poznan-po-meczu-31-kolejki-fortuna-1-ligi","status":"publish","type":"post","link":"https:\/\/wartapoznan.pl\/index.php\/2020\/07\/12\/najskuteczniejsi-w-warcie-poznan-po-meczu-31-kolejki-fortuna-1-ligi\/","title":{"rendered":"Najskuteczniejsi w Warcie Pozna\u0144 \u2013 po meczu 31. kolejki Fortuna 1 Ligi"},"content":{"rendered":"<p><strong>Drug\u0105 bramk\u0119 w sezonie &#8211; i to zn\u00f3w w zwyci\u0119skim meczu na wyje\u017adzie \u2013 zdoby\u0142 dla Warty Pozna\u0144 \u0141ukasz Sp\u0142awski. Wygran\u0105\u00a0 2:0 z Zag\u0142\u0119biem Sosnowiec przypiecz\u0119towa\u0142 Aleks \u0141awniczak, dla kt\u00f3rego by\u0142 to pierwszy gol w oficjalnym mecz \u201eZielonych\u201d.<\/strong><\/p>\n<p>Czo\u0142\u00f3wka najskuteczniejszych zawodnik\u00f3w Warty Pozna\u0144 tym razem nie drgn\u0119\u0142a. O zwyci\u0119stwie w 31. kolejce Fortuna 1 Ligi przes\u0105dzili bowiem zawodnicy, kt\u00f3rzy dot\u0105d rzadko wpisywali si\u0119 na list\u0119 strzelc\u00f3w. \u0141ukasz Sp\u0142awski g\u0142\u00f3wnie dlatego, \u017ce gra\u0142 niewiele, a Aleks \u0141awniczak \u2013 przede wszystkim z uwagi na to, \u017ce odpowiada na boisku przede wszystkim za defensyw\u0119. Tym razem zn\u00f3w pom\u00f3g\u0142 zachowa\u0107 czyste konto Adrianowi Lisowi \u2013 dla bramkarza Warty Pozna\u0144 to ju\u017c dwunasty mecz w sezonie z czystym kontem.<\/p>\n<p>Bohaterem pi\u0105tkowego wieczoru by\u0142 \u0141ukasz Sp\u0142awski. W wyj\u015bciowym sk\u0142adzie znalaz\u0142 si\u0119 po raz pierwszy od maja ubieg\u0142ego roku i jeszcze przed przerw\u0105 wyprowadzi\u0142 poznaniak\u00f3w na prowadzenie po tym, jak sprytnie przerzuci\u0142 pi\u0142k\u0119 nad bramkarzem. Napastnik \u201eZielonych\u201d wyko\u0144czy\u0142 bardzo \u0142adn\u0105 akcj\u0119 zespo\u0142ow\u0105 i zagrania Mariusza Rybickiego, kt\u00f3ry zaliczy\u0142 drug\u0105 asyst\u0119 w rozgrywkach.<\/p>\n<p>Dla \u0141ukasza Sp\u0142awskiego to drugi gol w sezonie. Zn\u00f3w strzelony na wyje\u017adzie i zn\u00f3w w zwyci\u0119skim meczu. Poprzednio zapewni\u0142 Warcie Pozna\u0144 wygran\u0105 2:1 z GKS w Be\u0142chatowie.<\/p>\n<p><img loading=\"lazy\" decoding=\"async\" width=\"1002\" height=\"667\" class=\"aligncenter size-full wp-image-9892\" src=\"https:\/\/wartapoznan.pl\/wp-content\/uploads\/2020\/07\/Zaglebie_Warta-2617-www.jpg\" alt=\"Zag\u0142\u0119bie Sosnowiec - Warta Pozna\u0144 0:2. Aleks \u0141awniczak\" srcset=\"https:\/\/wartapoznan.pl\/wp-content\/uploads\/2020\/07\/Zaglebie_Warta-2617-www.jpg 1002w, https:\/\/wartapoznan.pl\/wp-content\/uploads\/2020\/07\/Zaglebie_Warta-2617-www-300x200.jpg 300w, https:\/\/wartapoznan.pl\/wp-content\/uploads\/2020\/07\/Zaglebie_Warta-2617-www-768x511.jpg 768w, https:\/\/wartapoznan.pl\/wp-content\/uploads\/2020\/07\/Zaglebie_Warta-2617-www-128x85.jpg 128w, https:\/\/wartapoznan.pl\/wp-content\/uploads\/2020\/07\/Zaglebie_Warta-2617-www-32x21.jpg 32w, https:\/\/wartapoznan.pl\/wp-content\/uploads\/2020\/07\/Zaglebie_Warta-2617-www-356x237.jpg 356w, https:\/\/wartapoznan.pl\/wp-content\/uploads\/2020\/07\/Zaglebie_Warta-2617-www-470x313.jpg 470w, https:\/\/wartapoznan.pl\/wp-content\/uploads\/2020\/07\/Zaglebie_Warta-2617-www-70x47.jpg 70w, https:\/\/wartapoznan.pl\/wp-content\/uploads\/2020\/07\/Zaglebie_Warta-2617-www-100x67.jpg 100w\" sizes=\"(max-width: 1002px) 100vw, 1002px\" \/><\/p>\n<p>Druga bramka w Sosnowcu pad\u0142a ze sta\u0142ego fragmentu gry. Po precyzyjnym do\u015brodkowaniu Jakuba Kie\u0142ba z rzutu ro\u017cnego pi\u0142ka trafi\u0142a wprost na g\u0142ow\u0119 Aleksa \u0141awniczaka, kt\u00f3ry wyskoczy\u0142 najwy\u017cej w polu karnym i pokona\u0142 Krystiana St\u0119pniowskiego. M\u0142ody stoper i wychowanek Warty Pozna\u0144 strzeli\u0142 swojego drugiego gola w seniorskiej pi\u0142ce (rok temu cieszy\u0142 si\u0119 z trafienia w barwach rezerw Miedzi Legnica) i pierwszego w barwach Warty Pozna\u0144, kt\u00f3rej jest wychowankiem.<\/p>\n<p>Aleks \u0141awniczak jest ju\u017c pi\u0119tnastym pi\u0142karzem Warty Pozna\u0144 z co najmniej jednym trafieniem na koncie w tym sezonie Fortuna 1 Ligi.<\/p>\n<p><strong>BRAMKI:<\/strong><\/p>\n<p><strong>10 &#8211; Mateusz Kupczak<\/strong><br \/>\n8 &#8211; Gracjan Jaroch, Robert Janicki<br \/>\n5 &#8211; Micha\u0142 Jak\u00f3bowski<br \/>\n2 &#8211; Jakub Kie\u0142b, Bartosz Kieliba, Tomasz Boczek, \u0141ukasz Sp\u0142awski (+1)<br \/>\n1 \u2013Wiktor D\u0142ugosz, Mariusz Rybicki, \u0141ukasz Tra\u0142ka, Adrian Laskowski, Jakub Apolinarski, Krzysztof Danielewicz, Aleks \u0141awniczak (+1), samob\u00f3jcza<\/p>\n<p><strong>ASYSTY:<\/strong><\/p>\n<p><strong>9 \u2013 Micha\u0142 Jak\u00f3bowski<\/strong><br \/>\n6 \u2013 Robert Janicki<br \/>\n5 &#8211; Serhij Napo\u0142ow<br \/>\n4 &#8211; Gracjan Jaroch<br \/>\n3 &#8211; Jakub Kie\u0142b (+1)<br \/>\n2 \u2013 Jakub Kuzdra, \u0141ukasz Tra\u0142ka, Mateusz Szczepaniak, Mariusz Rybicki (+1)<br \/>\n1 \u2013 Tomasz Boczek, Adrian Laskowski, Mateusz Kupczak, Aleks \u0141awniczak, Jakub Apolinarski, Micha\u0142 Grobelny<\/p>\n<p><strong>KLASYFIKACJA KANADYJSKA<\/strong><\/p>\n<p><strong>14 \u2013 Robert Janicki, Micha\u0142 Jak\u00f3bowski<\/strong><br \/>\n12 \u2013 Gracjan Jaroch<br \/>\n11 \u2013 Mateusz Kupczak<br \/>\n5 \u2013 Serhij Napo\u0142ow, Jakub Kie\u0142b<br \/>\n3 \u2013 Tomasz Boczek, \u0141ukasz Tra\u0142ka, Mariusz Rybicki<br \/>\n2 \u2013 Jakub Kuzdra, Adrian Laskowski, Bartosz Kieliba, Jakub Apolinarski, Mateusz Szczepaniak, \u0141ukasz Sp\u0142awski, Aleks \u0141awniczak<br \/>\n1 \u2013 Wiktor D\u0142ugosz, Micha\u0142 Grobelny, Krzysztof Danielewicz.<\/p>\n<hr \/>\n<p><a href=\"https:\/\/bit.ly\/30735nc\" target=\"_blank\" rel=\"noopener noreferrer\">OBEJRZYJ GALERI\u0118 ZDJ\u0118\u0106 Z MECZU<\/a><\/p>\n","protected":false},"excerpt":{"rendered":"<p>Drug\u0105 bramk\u0119 w sezonie &#8211; i to zn\u00f3w w zwyci\u0119skim meczu na wyje\u017adzie \u2013 zdoby\u0142 dla Warty Pozna\u0144 \u0141ukasz Sp\u0142awski&#8230;.<\/p>\n","protected":false},"author":36,"featured_media":9893,"comment_status":"closed","ping_status":"closed","sticky":false,"template":"","format":"standard","meta":{"om_disable_all_campaigns":false,"inline_featured_image":false,"footnotes":"","_links_to":"","_links_to_target":""},"categories":[94,100,1],"tags":[],"aioseo_notices":[],"_links":{"self":[{"href":"https:\/\/wartapoznan.pl\/index.php\/wp-json\/wp\/v2\/posts\/9890"}],"collection":[{"href":"https:\/\/wartapoznan.pl\/index.php\/wp-json\/wp\/v2\/posts"}],"about":[{"href":"https:\/\/wartapoznan.pl\/index.php\/wp-json\/wp\/v2\/types\/post"}],"author":[{"embeddable":true,"href":"https:\/\/wartapoznan.pl\/index.php\/wp-json\/wp\/v2\/users\/36"}],"replies":[{"embeddable":true,"href":"https:\/\/wartapoznan.pl\/index.php\/wp-json\/wp\/v2\/comments?post=9890"}],"version-history":[{"count":3,"href":"https:\/\/wartapoznan.pl\/index.php\/wp-json\/wp\/v2\/posts\/9890\/revisions"}],"predecessor-version":[{"id":9895,"href":"https:\/\/wartapoznan.pl\/index.php\/wp-json\/wp\/v2\/posts\/9890\/revisions\/9895"}],"wp:featuredmedia":[{"embeddable":true,"href":"https:\/\/wartapoznan.pl\/index.php\/wp-json\/wp\/v2\/media\/9893"}],"wp:attachment":[{"href":"https:\/\/wartapoznan.pl\/index.php\/wp-json\/wp\/v2\/media?parent=9890"}],"wp:term":[{"taxonomy":"category","embeddable":true,"href":"https:\/\/wartapoznan.pl\/index.php\/wp-json\/wp\/v2\/categories?post=9890"},{"taxonomy":"post_tag","embeddable":true,"href":"https:\/\/wartapoznan.pl\/index.php\/wp-json\/wp\/v2\/tags?post=9890"}],"curies":[{"name":"wp","href":"https:\/\/api.w.org\/{rel}","templated":true}]}}