{"id":9913,"date":"2020-07-13T12:39:12","date_gmt":"2020-07-13T10:39:12","guid":{"rendered":"https:\/\/wartapoznan.pl\/?p=9913"},"modified":"2020-07-13T12:39:12","modified_gmt":"2020-07-13T10:39:12","slug":"kajetan-szmyt-wrocil-do-gry-w-barwach-gornika-polkowice","status":"publish","type":"post","link":"https:\/\/wartapoznan.pl\/index.php\/2020\/07\/13\/kajetan-szmyt-wrocil-do-gry-w-barwach-gornika-polkowice\/","title":{"rendered":"Kajetan Szmyt wr\u00f3ci\u0142 do gry w barwach G\u00f3rnika Polkowice"},"content":{"rendered":"<p><strong>Wypo\u017cyczony z Warty Pozna\u0144 18-letni pomocnik Kajetan Szmyt zaliczy\u0142 kolejny wyst\u0119p w barwach II-ligowego G\u00f3rnika Polkowice.<\/strong><\/p>\n<p>M\u0142ody wychowanek \u201eZielonych\u201d jest jedynym spo\u015br\u00f3d kilkunastu wypo\u017cyczonych zawodnik\u00f3w Warty Pozna\u0144, kt\u00f3ry rywalizuje jeszcze w tym sezonie w rozgrywkach. Pozostali gracze maj\u0105 ju\u017c wolne ze wzgl\u0119du na decyzj\u0119 o zako\u0144czeniu sezonu w ni\u017cszych ligach.<\/p>\n<p>Pierwsz\u0105 cz\u0119\u015b\u0107 tego sezonu Kajetan Szmyt sp\u0119dzi\u0142 Warcie Pozna\u0144, ale w Fortuna 1 Lidze zaliczy\u0142 tylko 5-minutowy epizod w spotkaniu GKS 1962 Jastrz\u0119bie. W przerwie mi\u0119dzy rundami przeni\u00f3s\u0142 si\u0119 do beniaminka II ligi, G\u00f3rnika Polkowice. W miniony weekend zagra\u0142 po raz sz\u00f3sty w barwach dolno\u015bl\u0105skiego zespo\u0142u.<\/p>\n<p>W 54. minucie wyjazdowego meczu z Resovi\u0105 zast\u0105pi\u0142 Filipa Baranowskiego. Dla pi\u0142karza &#8222;Zielonych&#8221; by\u0142 to pierwszy wyst\u0119p od po\u0142owy czerwca, gdy wyst\u0105pi\u0142 przeciwko Lechowi II Pozna\u0144.<\/p>\n<p>Z Kajetanem Szmytem w sk\u0142adzie G\u00f3rnik w Rzeszowie najpierw straci\u0142 gola, a potem wyr\u00f3wna\u0142 i mecz zako\u0144czy\u0142 si\u0119 remisem 1:1. Polkowiczanie zajmuj\u0105 10. miejsce w tabeli i na trzy kolejki przed ko\u0144cem sezonu maj\u0105 44 punkty \u2013 to daje im 4 punkty przewagi nad stref\u0105 spadkow\u0105, a zarazem 3 punkty straty do sz\u00f3stego miejsca w tabeli, kt\u00f3re daje prawo gry w bara\u017cach na drugi poziom rozgrywkowy.<\/p>\n<p><strong>Kajetan Szmyt, 18 lat, pomocnik (G\u00f3rnik Polkowice, II liga)<\/strong><\/p>\n<p>&#8211; gra\u0142 od 54. minuty meczu z Resovi\u0105 (1:1)<\/p>\n<p>&#8211; wyst\u0119py na wypo\u017cyczeniu w sezonie 2019\/20: 6 (136 minut)<\/p>\n","protected":false},"excerpt":{"rendered":"<p>Wypo\u017cyczony z Warty Pozna\u0144 18-letni pomocnik Kajetan Szmyt zaliczy\u0142 kolejny wyst\u0119p w barwach II-ligowego G\u00f3rnika Polkowice. M\u0142ody wychowanek \u201eZielonych\u201d jest&#8230;<\/p>\n","protected":false},"author":36,"featured_media":9915,"comment_status":"closed","ping_status":"closed","sticky":false,"template":"","format":"standard","meta":{"om_disable_all_campaigns":false,"inline_featured_image":false,"footnotes":"","_links_to":"","_links_to_target":""},"categories":[95,94,100,1],"tags":[],"aioseo_notices":[],"_links":{"self":[{"href":"https:\/\/wartapoznan.pl\/index.php\/wp-json\/wp\/v2\/posts\/9913"}],"collection":[{"href":"https:\/\/wartapoznan.pl\/index.php\/wp-json\/wp\/v2\/posts"}],"about":[{"href":"https:\/\/wartapoznan.pl\/index.php\/wp-json\/wp\/v2\/types\/post"}],"author":[{"embeddable":true,"href":"https:\/\/wartapoznan.pl\/index.php\/wp-json\/wp\/v2\/users\/36"}],"replies":[{"embeddable":true,"href":"https:\/\/wartapoznan.pl\/index.php\/wp-json\/wp\/v2\/comments?post=9913"}],"version-history":[{"count":2,"href":"https:\/\/wartapoznan.pl\/index.php\/wp-json\/wp\/v2\/posts\/9913\/revisions"}],"predecessor-version":[{"id":9916,"href":"https:\/\/wartapoznan.pl\/index.php\/wp-json\/wp\/v2\/posts\/9913\/revisions\/9916"}],"wp:featuredmedia":[{"embeddable":true,"href":"https:\/\/wartapoznan.pl\/index.php\/wp-json\/wp\/v2\/media\/9915"}],"wp:attachment":[{"href":"https:\/\/wartapoznan.pl\/index.php\/wp-json\/wp\/v2\/media?parent=9913"}],"wp:term":[{"taxonomy":"category","embeddable":true,"href":"https:\/\/wartapoznan.pl\/index.php\/wp-json\/wp\/v2\/categories?post=9913"},{"taxonomy":"post_tag","embeddable":true,"href":"https:\/\/wartapoznan.pl\/index.php\/wp-json\/wp\/v2\/tags?post=9913"}],"curies":[{"name":"wp","href":"https:\/\/api.w.org\/{rel}","templated":true}]}}