{"id":9917,"date":"2020-07-13T19:30:01","date_gmt":"2020-07-13T17:30:01","guid":{"rendered":"https:\/\/wartapoznan.pl\/?p=9917"},"modified":"2020-07-13T17:00:54","modified_gmt":"2020-07-13T15:00:54","slug":"warta-poznan-podejmuje-gks-tychy-wspierajcie-nas-dopingujcie","status":"publish","type":"post","link":"https:\/\/wartapoznan.pl\/index.php\/2020\/07\/13\/warta-poznan-podejmuje-gks-tychy-wspierajcie-nas-dopingujcie\/","title":{"rendered":"Warta Pozna\u0144 podejmuje GKS Tychy, \u201eWspierajcie nas, dopingujcie\u201d"},"content":{"rendered":"<p><strong>Podbudowana wyjazdowym zwyci\u0119stwem z Zag\u0142\u0119biem Sosnowiec dru\u017cyna Warty Pozna\u0144 zmierzy si\u0119 we wtorek w Grodzisku Wlkp. z GKS Tychy w 32. serii spotka\u0144 Fortuna 1 Ligi. Wygrana mo\u017ce da\u0107 \u201eZielonym\u201d awans na drugie miejsce w tabeli. Pocz\u0105tek meczu o godz. 18:10, wej\u015bci\u00f3wki s\u0105 do kupienia na <a href=\"https:\/\/bilety.klubwarta.pl\/\" target=\"_blank\" rel=\"noopener noreferrer\">bilety.klubwarta.pl<\/a>.<\/strong><\/p>\n<p>Na trzy kolejki przed ko\u0144cem sezonu zasadniczego zesp\u00f3\u0142 trenera Piotra Tworka ma ju\u017c zapewnione miejsce w bara\u017cach o prawo gry w Ekstraklasie. Warta Pozna\u0144 na pewno spadnie te\u017c poni\u017cej czwartego miejsca w tabeli, co oznacza, \u017ce b\u0119dzie gospodarzem ewentualnego, pierwszego meczu bara\u017cowego. Z kolei zdobycie co najmniej 6 pkt do ko\u0144ca rozgrywek pozwoli osi\u0105gn\u0105\u0107 cel minimum, czyli zachowanie trzeciej lokaty w tabeli i przywilej gospodarza w obu ewentualnych pojedynkach bara\u017cowych.<\/p>\n<p><img loading=\"lazy\" decoding=\"async\" width=\"1006\" height=\"667\" class=\"aligncenter size-full wp-image-9921\" src=\"https:\/\/wartapoznan.pl\/wp-content\/uploads\/2020\/07\/Warta_Jastrzebie-2353-www.jpg\" alt=\"Zag\u0142\u0119bie Sosnowiec - Warta Pozna\u0144 0:2. Trener Piotr Tworek\" srcset=\"https:\/\/wartapoznan.pl\/wp-content\/uploads\/2020\/07\/Warta_Jastrzebie-2353-www.jpg 1006w, https:\/\/wartapoznan.pl\/wp-content\/uploads\/2020\/07\/Warta_Jastrzebie-2353-www-300x199.jpg 300w, https:\/\/wartapoznan.pl\/wp-content\/uploads\/2020\/07\/Warta_Jastrzebie-2353-www-768x509.jpg 768w, https:\/\/wartapoznan.pl\/wp-content\/uploads\/2020\/07\/Warta_Jastrzebie-2353-www-128x85.jpg 128w, https:\/\/wartapoznan.pl\/wp-content\/uploads\/2020\/07\/Warta_Jastrzebie-2353-www-32x21.jpg 32w, https:\/\/wartapoznan.pl\/wp-content\/uploads\/2020\/07\/Warta_Jastrzebie-2353-www-356x236.jpg 356w, https:\/\/wartapoznan.pl\/wp-content\/uploads\/2020\/07\/Warta_Jastrzebie-2353-www-470x312.jpg 470w, https:\/\/wartapoznan.pl\/wp-content\/uploads\/2020\/07\/Warta_Jastrzebie-2353-www-70x46.jpg 70w, https:\/\/wartapoznan.pl\/wp-content\/uploads\/2020\/07\/Warta_Jastrzebie-2353-www-100x66.jpg 100w\" sizes=\"(max-width: 1006px) 100vw, 1006px\" \/><\/p>\n<p>Po pi\u0105tkowej wygranej w Sosnowcu poznaniacy trac\u0105 tylko 2 pkt do Stali Mielec, kt\u00f3ra we wtorkowy wiecz\u00f3r podejmie rewelacyjny ostatnio zesp\u00f3\u0142 Chrobrego G\u0142og\u00f3w. \u017beby wyprzedzi\u0107 wicelidera , \u201eZieloni\u201d sami musz\u0105 punktowa\u0107 i liczy\u0107 na potkni\u0119cie zespo\u0142u z Podkarpacia. \u2013 <em>Jeste\u015bmy na takim etapie sezonu, \u017ce punkty s\u0105 teraz kluczowe. Nie my\u015blimy wi\u0119c o meczu z GKS Tychy w kontek\u015bcie prze\u0142amania si\u0119 po ostatnich niepowodzeniach w Grodzisku Wlkp., ale mamy w g\u0142owie tylko jeden cel: zwyci\u0119stwo, kt\u00f3re mo\u017ce pozwoli\u0107 nam wskoczy\u0107 na drugie miejsce, daj\u0105ce bezpo\u015bredni awans<\/em> \u2013 m\u00f3wi \u00a0trener Piotr Tworek. \u2013 <em>Nie wszystko zale\u017cy od nas, ale liga pokazuje, \u017ce wszystko jest w niej mo\u017cliwe. Dlatego nie skupiamy si\u0119 na tym, co si\u0119 wydarzy. My\u015blimy o sobie, o tym, \u017ceby wygrywa\u0107 mecze, bo to jest podstawa.<\/em><\/p>\n<p><a href=\"https:\/\/tinyurl.com\/warta-poznan-fortuna\" target=\"_blank\" rel=\"noopener noreferrer\">Kurs na zwyci\u0119stwo Warty Pozna\u0144 na efortuna.pl wynosi 2.52.<\/a><\/p>\n<p>Pokonanie Zag\u0142\u0119bia Sosnowiec by\u0142o nie tylko prze\u0142omem po serii 3 kolejek bez zwyci\u0119stwa. W sk\u0142adzie wyj\u015bciowym po raz pierwszy od wielu miesi\u0119cy pokazali si\u0119 \u0141ukasz Sp\u0142awski i Jakub Kuzdra. I cho\u0107 obaj zebrali pochlebne recenzje za sw\u00f3j wyst\u0119p, to jednak wi\u0119cej pochwa\u0142 otrzyma\u0142 pierwszy z nich. &#8211; <em>\u0141ukasz zagra\u0142 w Sosnowcu bardzo dobrze. Z nim w sk\u0142adzie gra dru\u017cyny i jej poczynania w ofensywie wygl\u0105da\u0142y inaczej. Sam \u0141ukasz wywi\u0105za\u0142 si\u0119 idealnie z powierzonych zada\u0144, nie straci\u0142 bodaj \u017cadnej pi\u0142ki, a strzeli\u0142 przepi\u0119knego gola, kt\u00f3ry otworzy\u0142 wynik. To ju\u017c druga jego bramka w tym sezonie, zn\u00f3w wa\u017cna, bo pierwsz\u0105 zdoby\u0142 w meczu z GKS Be\u0142chat\u00f3w i da\u0142a nam ona 3 pkt<\/em> \u2013 wspomina trener Warty Pozna\u0144 i dodaje: &#8211; <em>Ciesz\u0119 si\u0119 ogromnie, \u017ce mam zawodnika, kt\u00f3ry nie dostaje mo\u017ce zbyt du\u017co szans, ale gdy wychodzi na boisko, to gra na maksimum swoich mo\u017cliwo\u015bci i jest skuteczny. Decyzja o wystawieniu \u0141ukasza okaza\u0142a si\u0119 trafna.<\/em><\/p>\n<p><img loading=\"lazy\" decoding=\"async\" width=\"1002\" height=\"667\" class=\"aligncenter size-full wp-image-9920\" src=\"https:\/\/wartapoznan.pl\/wp-content\/uploads\/2020\/07\/Tychy-9187-www.jpg\" alt=\"Robert Janicki (Warta Pozna\u0144) w meczu z GKS Tychy\" srcset=\"https:\/\/wartapoznan.pl\/wp-content\/uploads\/2020\/07\/Tychy-9187-www.jpg 1002w, https:\/\/wartapoznan.pl\/wp-content\/uploads\/2020\/07\/Tychy-9187-www-300x200.jpg 300w, https:\/\/wartapoznan.pl\/wp-content\/uploads\/2020\/07\/Tychy-9187-www-768x511.jpg 768w, https:\/\/wartapoznan.pl\/wp-content\/uploads\/2020\/07\/Tychy-9187-www-128x85.jpg 128w, https:\/\/wartapoznan.pl\/wp-content\/uploads\/2020\/07\/Tychy-9187-www-32x21.jpg 32w, https:\/\/wartapoznan.pl\/wp-content\/uploads\/2020\/07\/Tychy-9187-www-356x237.jpg 356w, https:\/\/wartapoznan.pl\/wp-content\/uploads\/2020\/07\/Tychy-9187-www-470x313.jpg 470w, https:\/\/wartapoznan.pl\/wp-content\/uploads\/2020\/07\/Tychy-9187-www-70x47.jpg 70w, https:\/\/wartapoznan.pl\/wp-content\/uploads\/2020\/07\/Tychy-9187-www-100x67.jpg 100w\" sizes=\"(max-width: 1002px) 100vw, 1002px\" \/><\/p>\n<p>Dzie\u0144 po zwyci\u0119stwie Warty Pozna\u0144 z Zag\u0142\u0119biem, 30 km dalej sw\u00f3j mecz w roli gospodarza rozgrywa\u0142 GKS Tychy. Pass\u0119 pi\u0119ciu mecz\u00f3w bez przegranej przerwa\u0142a mu Puszcza Niepo\u0142omice i tyszanie oddalili si\u0119 od strefy bara\u017cowej. Trener Piotr Tworek ogl\u0105da\u0142 to spotkanie i przyznaje, \u017ce jest to dla niego jeden ze sposob\u00f3w na to, by zaj\u0105\u0107 czym\u015b g\u0142ow\u0119 w trudnym, stresuj\u0105cym czasie finiszu ligi. &#8211; <em>G\u0142owa nie ma kiedy odpocz\u0105\u0107 od my\u015bli o zespole Warty, o tym, co si\u0119 wydarzy, o meczach, o walce o awans<\/em> \u00a0&#8211; m\u00f3wi.<\/p>\n<p>A co wynika z analizy gry wtorkowego przeciwnika \u201eZielonych\u201d? &#8211; <em>Tychy to niewygodny\u00a0 i mocny rywal. Ma bardzo gro\u017anych pi\u0142karzy w ofensywie, dw\u00f3ch pomocnik\u00f3w, kt\u00f3rzy rygluj\u0105 \u015brodek pola, solidn\u0105 obron\u0119. GKS dobrze si\u0119 czuje w grze kombinacyjnej, a jeszcze lepiej w grze z kontrataku. Najprawdopodobniej b\u0119dzie chcia\u0142 jeszcze powalczy\u0107 o bara\u017ce<\/em> \u2013 uwa\u017ca Piotr Tworek. &#8211; <em>Czeka nas, tak my\u015bl\u0119, pi\u0142karski mecz i b\u0119dziemy musieli by\u0107 bardzo uwa\u017cni, gdy przyjdzie nam prowadzi\u0107 gr\u0119. Prze\u0107wiczyli\u015bmy ju\u017c nasz plan, kt\u00f3ry b\u0119dziemy chcieli wcieli\u0107 w \u017cycie. Wygl\u0105da\u0142o to fajnie i jestem dobrej my\u015bli. Wierz\u0119 w to, \u017ce poka\u017cemy to we wtorek na boisku. Chc\u0119 nastawi\u0107 zesp\u00f3\u0142 tak, \u017ceby\u015bmy zagrali na maksimum swoich mo\u017cliwo\u015bci i \u017ceby by\u0142y emocje, szczeg\u00f3lnie dla kibic\u00f3w. I tu mam pro\u015bb\u0119 do nich: jeste\u015bmy w ostatniej fazie gry o wa\u017cn\u0105 rzecz: dopingujcie nas, wspierajcie. Dodawajcie otuchy naszym ch\u0142opcom, bo b\u0119dziemy tego potrzebowali. Wsparcia nie tylko z trybun, ale te\u017c mentalnego, z ka\u017cdej strony<\/em> \u2013 podkre\u015bla trener Piotr Tworek.<\/p>\n<p><img loading=\"lazy\" decoding=\"async\" width=\"1004\" height=\"667\" class=\"aligncenter size-full wp-image-9922\" src=\"https:\/\/wartapoznan.pl\/wp-content\/uploads\/2020\/07\/Warta_Grudziadz-8854-www.jpg\" alt=\"Warta Pozna\u0144 - Olimpia Grudzi\u0105dz. S\u0119dzia Damian Kos\" srcset=\"https:\/\/wartapoznan.pl\/wp-content\/uploads\/2020\/07\/Warta_Grudziadz-8854-www.jpg 1004w, https:\/\/wartapoznan.pl\/wp-content\/uploads\/2020\/07\/Warta_Grudziadz-8854-www-300x199.jpg 300w, https:\/\/wartapoznan.pl\/wp-content\/uploads\/2020\/07\/Warta_Grudziadz-8854-www-768x510.jpg 768w, https:\/\/wartapoznan.pl\/wp-content\/uploads\/2020\/07\/Warta_Grudziadz-8854-www-128x85.jpg 128w, https:\/\/wartapoznan.pl\/wp-content\/uploads\/2020\/07\/Warta_Grudziadz-8854-www-32x21.jpg 32w, https:\/\/wartapoznan.pl\/wp-content\/uploads\/2020\/07\/Warta_Grudziadz-8854-www-356x237.jpg 356w, https:\/\/wartapoznan.pl\/wp-content\/uploads\/2020\/07\/Warta_Grudziadz-8854-www-470x312.jpg 470w, https:\/\/wartapoznan.pl\/wp-content\/uploads\/2020\/07\/Warta_Grudziadz-8854-www-70x47.jpg 70w, https:\/\/wartapoznan.pl\/wp-content\/uploads\/2020\/07\/Warta_Grudziadz-8854-www-100x66.jpg 100w\" sizes=\"(max-width: 1004px) 100vw, 1004px\" \/><\/p>\n<p>Mecz Warta Pozna\u0144 \u2013 GKS Tychy rozpocznie si\u0119 o godz. 18:10 na stadionie w Grodzisku Wlkp. Bilety w cenie 10 i 5 z\u0142 s\u0105 do kupienia na <a href=\"https:\/\/bilety.klubwarta.pl\/\" target=\"_blank\" rel=\"noopener noreferrer\">bilety.klubwarta.pl<\/a>, a transmisj\u0119 z pojedynku przeprowadzi Polsat Sport. S\u0119dzi\u0105 b\u0119dzie gda\u0144ski arbiter, Damian Kos, kt\u00f3ry na pocz\u0105tku czerwca prowadzi\u0142 zawody \u201eZielonych\u201d z Olimpi\u0105 Grudzi\u0105dz (2:0).<\/p>\n<p><small>Fortuna online zak\u0142ady bukmacherskie sp. z o.o. to legalny bukmacher posiadaj\u0105cy zezwolenia na urz\u0105dzanie zak\u0142ad\u00f3w wzajemnych w Polsce. Udzia\u0142 w nielegalnych grach hazardowych grozi konsekwencjami prawnymi. Hazard zwi\u0105zany jest z ryzykiem.<\/small><\/p>\n","protected":false},"excerpt":{"rendered":"<p>Podbudowana wyjazdowym zwyci\u0119stwem z Zag\u0142\u0119biem Sosnowiec dru\u017cyna Warty Pozna\u0144 zmierzy si\u0119 we wtorek w Grodzisku Wlkp. z GKS Tychy w&#8230;<\/p>\n","protected":false},"author":36,"featured_media":9923,"comment_status":"closed","ping_status":"closed","sticky":false,"template":"","format":"standard","meta":{"om_disable_all_campaigns":false,"inline_featured_image":false,"footnotes":"","_links_to":"","_links_to_target":""},"categories":[94,100,1],"tags":[],"aioseo_notices":[],"_links":{"self":[{"href":"https:\/\/wartapoznan.pl\/index.php\/wp-json\/wp\/v2\/posts\/9917"}],"collection":[{"href":"https:\/\/wartapoznan.pl\/index.php\/wp-json\/wp\/v2\/posts"}],"about":[{"href":"https:\/\/wartapoznan.pl\/index.php\/wp-json\/wp\/v2\/types\/post"}],"author":[{"embeddable":true,"href":"https:\/\/wartapoznan.pl\/index.php\/wp-json\/wp\/v2\/users\/36"}],"replies":[{"embeddable":true,"href":"https:\/\/wartapoznan.pl\/index.php\/wp-json\/wp\/v2\/comments?post=9917"}],"version-history":[{"count":4,"href":"https:\/\/wartapoznan.pl\/index.php\/wp-json\/wp\/v2\/posts\/9917\/revisions"}],"predecessor-version":[{"id":9970,"href":"https:\/\/wartapoznan.pl\/index.php\/wp-json\/wp\/v2\/posts\/9917\/revisions\/9970"}],"wp:featuredmedia":[{"embeddable":true,"href":"https:\/\/wartapoznan.pl\/index.php\/wp-json\/wp\/v2\/media\/9923"}],"wp:attachment":[{"href":"https:\/\/wartapoznan.pl\/index.php\/wp-json\/wp\/v2\/media?parent=9917"}],"wp:term":[{"taxonomy":"category","embeddable":true,"href":"https:\/\/wartapoznan.pl\/index.php\/wp-json\/wp\/v2\/categories?post=9917"},{"taxonomy":"post_tag","embeddable":true,"href":"https:\/\/wartapoznan.pl\/index.php\/wp-json\/wp\/v2\/tags?post=9917"}],"curies":[{"name":"wp","href":"https:\/\/api.w.org\/{rel}","templated":true}]}}